{"id":21157,"date":"2019-08-23T20:00:11","date_gmt":"2019-08-23T23:00:11","guid":{"rendered":"http:\/\/www.yungayino.cl\/noticias\/?p=21157"},"modified":"2019-08-24T17:47:49","modified_gmt":"2019-08-24T20:47:49","slug":"lucho-castillo-presento-espectaculo-musical-folclorico-en-yungay-del-campo-naci-semilla","status":"publish","type":"post","link":"https:\/\/www.yungayino.cl\/noticias\/?p=21157","title":{"rendered":"Lucho Castillo Present\u00f3 Espect\u00e1culo Musical Folcl\u00f3rico en Yungay, \u201cDel Campo Nac\u00ed Semilla\u201d"},"content":{"rendered":"<p><img loading=\"lazy\" decoding=\"async\" class=\"alignnone size-full wp-image-21158\" src=\"http:\/\/www.yungayino.cl\/noticias\/wp-content\/uploads\/2019\/08\/lucho_castillo_del_campo_naci_semilla.jpg\" alt=\"\" width=\"700\" height=\"350\" srcset=\"https:\/\/www.yungayino.cl\/noticias\/wp-content\/uploads\/2019\/08\/lucho_castillo_del_campo_naci_semilla.jpg 700w, https:\/\/www.yungayino.cl\/noticias\/wp-content\/uploads\/2019\/08\/lucho_castillo_del_campo_naci_semilla-300x150.jpg 300w\" sizes=\"auto, (max-width: 700px) 100vw, 700px\" \/><\/p>\n<p style=\"text-align: justify;\">Yungay, Viernes 23 de agosto 2019: El destacado Folclorista y M\u00fasico Nacional <strong>Luis Castillo,<\/strong> present\u00f3 de manera exitosa espect\u00e1culo musical folcl\u00f3rico en Yungay, \u201cDel Campo Nac\u00ed Semilla\u201d, el cual se realiz\u00f3 en las dependencias del Auditorio de la Biblioteca P\u00fablica, en el marco de la celebraci\u00f3n del D\u00eda Mundial del Folclor, obra que tambi\u00e9n presentar\u00e1 el pr\u00f3ximo viernes 30 de agosto en la ciudad de Santiago.<\/p>\n<p style=\"text-align: justify;\"><iframe loading=\"lazy\" style=\"border: none; overflow: hidden;\" src=\"https:\/\/www.facebook.com\/plugins\/post.php?href=https:\/\/www.facebook.com\/yungayino.cl\/posts\/2816220298392991?__xts__%5B0%5D=68.ARBBD8ftWD1uJQN4rKUfRSCGYpVVNDoRA3qyz_KJV3eFWsiJmOttJAd2cG-Qsr3zlwQCOc7quzq0AUzofHdckDgvsSIpoKqdKQVLCUvlva_KWY2-oQvf1HBW2eAw5TiGQV1i5xGkFnnbepzf7hXMguftyfiSr9qdJCenExdp5aqCUTCpD9gMJLFT0pB8Qsx5HIsqtMahe1_JUkJAnEGHfeo_IHp8fi_ato5k5BSltMXgypQuwwXhMPXv5wua_u8Wp_IRlquLiGeDbBid77cTQMYKL3LS9iFeUByAwBGVQmbqHzJ8fhFp_Kwkx8tFMpP2xQ4-CMVkoRqtYjariZLVLzlrRJR0-oA1erEYXLvRrqXgauD83LqsaZduPLa3yOnLEAEMjqM6YWQilaCeNGdEMXXYrwOSTDdvhz1ZOBgFJ98_Oyr1M9Xz2G58bVpfayxgJKWZWOIHl466qunCu311&amp;__tn__=-R&amp;l=a77e327dc6&amp;l=f5951f1994&amp;l=bfecbb8adf&amp;l=687b6bf5da&amp;width=500&amp;show_text=true&amp;height=691&amp;appId\" width=\"500\" height=\"691\" frameborder=\"0\" scrolling=\"no\"><\/iframe><\/p>\n<p style=\"text-align: justify;\">El espect\u00e1culo presentado fue un resumen de su carrera en el folclor mezclando creaciones propias con algunos temas recogidos de la tradici\u00f3n, presentando estilos tales como la tonada, el vals, la zamacueca, la habanera, entre\u00a0 otros.<\/p>\n<p style=\"text-align: justify;\">Se\u00f1alar que el espect\u00e1culo cont\u00f3 con la participaci\u00f3n especial de la destacada folclorista nacional Mirta Iturra, el talento del multi instrumentista, payador y cantor\u00a0 popular, Danguelo Guerra, adem\u00e1s de la experiencia del diestro equipo de m\u00fasicos que componen el elenco.<\/p>\n<p style=\"text-align: justify;\">Finalmente destacar que este proyecto fue financiado por el Fondo Nacional de Desarrollo Cultural y las Artes, \u00e1mbito regional de financiamiento, el cual contempl\u00f3 la presentaci\u00f3n en Yungay, actividad\u00a0 gratuita y que fue\u00a0 organizada por la Municipalidad de Yungay.<\/p>\n<p style=\"text-align: justify;\"><strong>Luis Castillo<\/strong>, se\u00f1alo estar \u201cAgradecido de esta maravillosa\u00a0 oportunidad para difundir la obra y, con ello, poder retribuir lo aprendido desde mi ni\u00f1ez en mi comuna natal, mostrar mi crecimiento y evoluci\u00f3n y aportar un testimonio real para los nuevos admiradores del folclor de la comuna y la regi\u00f3n\u201d.<\/p>\n<p style=\"text-align: justify;\">[su_button url=\u00bbhttps:\/\/www.facebook.com\/pg\/yungayino.cl\/photos\/?tab=album&amp;album_id=2816219985059689&#8243; target=\u00bbblank\u00bb size=\u00bb7&#8243; radius=\u00bbround\u00bb icon=\u00bbicon: facebook-square\u00bb]FOTOGRAF\u00cdAS &#8211; Lucho Castillo Present\u00f3 Espect\u00e1culo Musical Folcl\u00f3rico en Yungay, \u201cDel Campo Nac\u00ed Semilla\u201d[\/su_button]<\/p>\n","protected":false},"excerpt":{"rendered":"<p>Yungay, Viernes 23 de agosto 2019: El destacado Folclorista y M\u00fasico Nacional Luis Castillo, present\u00f3 de manera exitosa espect\u00e1culo musical folcl\u00f3rico en Yungay, \u201cDel Campo Nac\u00ed Semilla\u201d, el cual se realiz\u00f3 en las dependencias&#46;&#46;&#46;<\/p>\n","protected":false},"author":2,"featured_media":21158,"comment_status":"closed","ping_status":"open","sticky":false,"template":"","format":"standard","meta":{"footnotes":""},"categories":[5,1],"tags":[2046,512,628,1115,8,6,117],"class_list":["post-21157","post","type-post","status-publish","format-standard","has-post-thumbnail","hentry","category-eventos","category-noticias","tag-del-campo-naci-semilla","tag-folclor","tag-lucho-castillo","tag-noticias","tag-yungay","tag-yungayino","tag-yungayinocl"],"_links":{"self":[{"href":"https:\/\/www.yungayino.cl\/noticias\/index.php?rest_route=\/wp\/v2\/posts\/21157","targetHints":{"allow":["GET"]}}],"collection":[{"href":"https:\/\/www.yungayino.cl\/noticias\/index.php?rest_route=\/wp\/v2\/posts"}],"about":[{"href":"https:\/\/www.yungayino.cl\/noticias\/index.php?rest_route=\/wp\/v2\/types\/post"}],"author":[{"embeddable":true,"href":"https:\/\/www.yungayino.cl\/noticias\/index.php?rest_route=\/wp\/v2\/users\/2"}],"replies":[{"embeddable":true,"href":"https:\/\/www.yungayino.cl\/noticias\/index.php?rest_route=%2Fwp%2Fv2%2Fcomments&post=21157"}],"version-history":[{"count":3,"href":"https:\/\/www.yungayino.cl\/noticias\/index.php?rest_route=\/wp\/v2\/posts\/21157\/revisions"}],"predecessor-version":[{"id":21161,"href":"https:\/\/www.yungayino.cl\/noticias\/index.php?rest_route=\/wp\/v2\/posts\/21157\/revisions\/21161"}],"wp:featuredmedia":[{"embeddable":true,"href":"https:\/\/www.yungayino.cl\/noticias\/index.php?rest_route=\/wp\/v2\/media\/21158"}],"wp:attachment":[{"href":"https:\/\/www.yungayino.cl\/noticias\/index.php?rest_route=%2Fwp%2Fv2%2Fmedia&parent=21157"}],"wp:term":[{"taxonomy":"category","embeddable":true,"href":"https:\/\/www.yungayino.cl\/noticias\/index.php?rest_route=%2Fwp%2Fv2%2Fcategories&post=21157"},{"taxonomy":"post_tag","embeddable":true,"href":"https:\/\/www.yungayino.cl\/noticias\/index.php?rest_route=%2Fwp%2Fv2%2Ftags&post=21157"}],"curies":[{"name":"wp","href":"https:\/\/api.w.org\/{rel}","templated":true}]}}