{"id":2116,"date":"2009-10-08T22:00:26","date_gmt":"2009-10-09T02:00:26","guid":{"rendered":"http:\/\/www.yungayino.cl\/noticias\/?p=2116"},"modified":"2009-10-09T08:09:18","modified_gmt":"2009-10-09T12:09:18","slug":"celebracion-del%e2%80%9d-dia-mundial-de-la-salud-mental-%e2%80%9cen-yungay","status":"publish","type":"post","link":"https:\/\/www.yungayino.cl\/noticias\/?p=2116","title":{"rendered":"Celebraci\u00f3n del\u201d D\u00eda Mundial de la Salud Mental \u201cen Yungay"},"content":{"rendered":"<p><img decoding=\"async\" src=\"http:\/\/www.yungayino.cl\/imagenes\/diamundialsaludmental2009.jpg\" alt=\"D\u00eda Mundial de la Salud Mental en Yungay\" \/><\/p>\n<p align=\"justify\"><font size=\"2\">Jueves 08 de octubre en el Hospital de Salud Familiar Pedro Morales Campos a las 11:00 horas se dio inicio a la celebraci\u00f3n del\u201d D\u00eda Mundial de la Salud Mental \u201cen Yungay donde ni\u00f1os, adultos y funcionarios pintaron sus manos para dejarlas estampadas y tambi\u00e9n colocaron su nombre en un lienzo en se\u00f1al de ponerse en el lugar del otro. Adem\u00e1s para el d\u00eda 09 de octubre se invita a la comunidad asistir a la exposici\u00f3n de la pel\u00edcula \u201cPeque\u00f1a Miss Sunshine\u201d, para luego tener un espacio de reflexi\u00f3n con el equipo t\u00e9cnico en la sala multiuso de dicho hospital con motivo de dicha celebraci\u00f3n. Tambi\u00e9n se desarrollar\u00e1 un \u201cPrograma de Salud Mental\u201d Liderado por la Dra. Gabriela Pineda apoyado por Sic\u00f3logos, M\u00e9dicos , Asistentes Sociales y T\u00e9cnicos Param\u00e9dicos, que ofrecer\u00e1n realizar un diagn\u00f3stico cl\u00ednico y una evaluaci\u00f3n del grado de compromiso biopsicosocial, definir un plan de intervenci\u00f3n de acuerdo al diagn\u00f3stico y realizar intervenciones terap\u00e9uticas, educativas, dirigidas a la persona afectada como a sus familias.<br \/>\n\t<strong>Sub-Programas<\/strong><br \/>\n\u2022\tPrograma Ges Alcohol y Drogas para personas menores de 20 a\u00f1os.<br \/>\n\u2022\tPrograma de Bebedor Problema para personas mayores de 20 a\u00f1os.<br \/>\n\u2022\tPrograma de atenci\u00f3n para personas de 15 a\u00f1os con depresi\u00f3n.<br \/>\n\u2022\tPrograma de Violencia Intrafamiliar para v\u00edctimas y victimarios.<br \/>\n\u2022\tPrograma de atenci\u00f3n para personas con Esquizofrenia.<br \/>\n\u2022\tPrograma de Atenci\u00f3n psicol\u00f3gica infantil, hiperactividad, maltrato infantil, etc.<br \/>\nTodos estos sub-programas se desarrollaran de Lunes a Jueves de 08.00 a 17:00 horas y Viernes de 08:00 a 16:00 horas en \u201cCasa Vida Activa\u201d ubicada en Ang\u00e1mos esquina Dolores. (Fono: 680539)<br \/>\n<a href=\"http:\/\/www.yungayino.cl\/noticias\/?p=2116#comments\">Comente Aqu\u00ed<\/a><br \/>\n<a href=\"http:\/\/www.flickr.com\/photos\/40435246@N03\/tags\/diasaludmental\/\">Fotograf\u00edas<\/a><br \/>\n<object width=\"425\" height=\"344\"><param name=\"movie\" value=\"http:\/\/www.youtube.com\/v\/Wn3c8khDMpo&#038;rel=0&#038;egm=0&#038;hl=es&#038;fs=1&#038;\"><\/param><param name=\"allowFullScreen\" value=\"true\"><\/param><param name=\"allowscriptaccess\" value=\"always\"><\/param><embed src=\"http:\/\/www.youtube.com\/v\/Wn3c8khDMpo&#038;rel=0&#038;egm=0&#038;hl=es&#038;fs=1&#038;\" type=\"application\/x-shockwave-flash\" allowscriptaccess=\"always\" allowfullscreen=\"true\" width=\"425\" height=\"344\"><\/embed><\/object><\/a><\/font><\/p>\n","protected":false},"excerpt":{"rendered":"<p>Jueves 08 de octubre en el Hospital de Salud Familiar Pedro Morales Campos a las 11:00 horas se dio inicio a la celebraci\u00f3n del\u201d D\u00eda Mundial de la Salud Mental \u201cen Yungay donde ni\u00f1os,&#46;&#46;&#46;<\/p>\n","protected":false},"author":2,"featured_media":15123,"comment_status":"open","ping_status":"open","sticky":false,"template":"","format":"standard","meta":{"footnotes":""},"categories":[1],"tags":[1115,65,8,6],"class_list":["post-2116","post","type-post","status-publish","format-standard","has-post-thumbnail","hentry","category-noticias","tag-noticias","tag-salud","tag-yungay","tag-yungayino"],"_links":{"self":[{"href":"https:\/\/www.yungayino.cl\/noticias\/index.php?rest_route=\/wp\/v2\/posts\/2116","targetHints":{"allow":["GET"]}}],"collection":[{"href":"https:\/\/www.yungayino.cl\/noticias\/index.php?rest_route=\/wp\/v2\/posts"}],"about":[{"href":"https:\/\/www.yungayino.cl\/noticias\/index.php?rest_route=\/wp\/v2\/types\/post"}],"author":[{"embeddable":true,"href":"https:\/\/www.yungayino.cl\/noticias\/index.php?rest_route=\/wp\/v2\/users\/2"}],"replies":[{"embeddable":true,"href":"https:\/\/www.yungayino.cl\/noticias\/index.php?rest_route=%2Fwp%2Fv2%2Fcomments&post=2116"}],"version-history":[{"count":10,"href":"https:\/\/www.yungayino.cl\/noticias\/index.php?rest_route=\/wp\/v2\/posts\/2116\/revisions"}],"predecessor-version":[{"id":2131,"href":"https:\/\/www.yungayino.cl\/noticias\/index.php?rest_route=\/wp\/v2\/posts\/2116\/revisions\/2131"}],"wp:featuredmedia":[{"embeddable":true,"href":"https:\/\/www.yungayino.cl\/noticias\/index.php?rest_route=\/wp\/v2\/media\/15123"}],"wp:attachment":[{"href":"https:\/\/www.yungayino.cl\/noticias\/index.php?rest_route=%2Fwp%2Fv2%2Fmedia&parent=2116"}],"wp:term":[{"taxonomy":"category","embeddable":true,"href":"https:\/\/www.yungayino.cl\/noticias\/index.php?rest_route=%2Fwp%2Fv2%2Fcategories&post=2116"},{"taxonomy":"post_tag","embeddable":true,"href":"https:\/\/www.yungayino.cl\/noticias\/index.php?rest_route=%2Fwp%2Fv2%2Ftags&post=2116"}],"curies":[{"name":"wp","href":"https:\/\/api.w.org\/{rel}","templated":true}]}}