{"id":21168,"date":"2019-08-25T13:00:15","date_gmt":"2019-08-25T16:00:15","guid":{"rendered":"http:\/\/www.yungayino.cl\/noticias\/?p=21168"},"modified":"2019-08-25T17:21:03","modified_gmt":"2019-08-25T20:21:03","slug":"destacado-folclorista-y-musico-nacional-luis-castillo-realizo-charla-motivacional-alumnos-del-liceo-de-yungay","status":"publish","type":"post","link":"https:\/\/www.yungayino.cl\/noticias\/?p=21168","title":{"rendered":"Destacado Folclorista  y M\u00fasico Nacional Luis Castillo, Realiz\u00f3 Charla Motivacional Alumnos del Liceo de Yungay"},"content":{"rendered":"<p><img loading=\"lazy\" decoding=\"async\" class=\"alignnone size-full wp-image-21170\" src=\"http:\/\/www.yungayino.cl\/noticias\/wp-content\/uploads\/2019\/08\/lucho_castillo_charla_motivacional_liceo.jpg\" alt=\"\" width=\"700\" height=\"350\" srcset=\"https:\/\/www.yungayino.cl\/noticias\/wp-content\/uploads\/2019\/08\/lucho_castillo_charla_motivacional_liceo.jpg 700w, https:\/\/www.yungayino.cl\/noticias\/wp-content\/uploads\/2019\/08\/lucho_castillo_charla_motivacional_liceo-300x150.jpg 300w\" sizes=\"auto, (max-width: 700px) 100vw, 700px\" \/><\/p>\n<p style=\"text-align: justify;\">Yungay, domingo 25 de agosto 2019: El destacado Folclorista y M\u00fasico Nacional <strong>Luis Castillo<\/strong>, luego de presentar de manera exitosa su espect\u00e1culo musical folcl\u00f3rico en Yungay, \u201cDel Campo Nac\u00ed Semilla\u201d, el pasado jueves 22 de agosto en nuestra comuna, se traslad\u00f3 a las dependencias del Liceo de Yungay el viernes 23, donde comparti\u00f3 un desayuno con el Director Sr. Antonio Zepeda, para luego realizar una \u201cCharla Motivacional\u201d a los alumnos y comunidad educativa.<\/p>\n<p style=\"text-align: justify;\"><iframe loading=\"lazy\" style=\"border: none; overflow: hidden;\" src=\"https:\/\/www.facebook.com\/plugins\/post.php?href=https:\/\/www.facebook.com\/yungayino.cl\/posts\/2818208524860835?__xts__%5B0%5D=68.ARA4XUbcrd9hnSgqVKugXtBfahoF1sohfW2RXwrc7mhblTKY6B7R3umdILv_jVEVEjgDk9AdZ7k-92NxKCGU2CvonULr9OVHwh8LF9piOzVeCmIHWhDFjVCyyHyDvAMT0rSr89SFayBOe4_AL7TDbzZJTxyjXjEanRIli-BHv-SwnZACgDjFqGXIIB1DTGmtS__xLhvdcNmKjg9ehrAUNxocLal7uksY-56CINXu001N9QryahIGH9XXDd6GLeBaMt8HQ8Ek6BPYvqsLosVtYZNJu_r8STvMZszyApksl-xEr-wmCdd43oUjV6M0LR1AwPGbJ8AM34nz16rqYNe1qgL1T9hcxPsZtlOnYwCxJAW8wtyM6RloPIgOZqeYiFTgRssVRR-kP5OGAyrIdn6Vwub1BGlGUQYLrnFqfTJBMvBZRb2lSIa2XWa5oyNCmuNTh5j8oR6ls3WM_DO4UhBd&amp;__tn__=-R&amp;l=a77e327dc6&amp;l=f5951f1994&amp;l=bfecbb8adf&amp;l=687b6bf5da&amp;width=500&amp;show_text=true&amp;height=691&amp;appId\" width=\"500\" height=\"691\" frameborder=\"0\" scrolling=\"no\"><\/iframe><\/p>\n<p style=\"text-align: justify;\">En la oportunidad el destacado folclorista entreg\u00f3 valiosos mensajes, a trav\u00e9s de los cuales promovi\u00f3 en los alumnos presentes (as) valores como esfuerzo, la humildad, la solidaridad y por sobre todo la perseverancia para hacer realidad los sue\u00f1os. Tambi\u00e9n en la ocasi\u00f3n comparti\u00f3 algunas canciones y temas de su carrera en el folclor.<\/p>\n<p style=\"text-align: justify;\">Finalmente <strong>Luis Castillo<\/strong>, se\u00f1alo al Equipo del Portal Yungayino.cl estar muy contento de poder estar en Yungay compartiendo su experiencia con los j\u00f3venes de su comuna e inst\u00f3 a siempre luchar por sus sue\u00f1os y esforzarse al doble para conseguirlos ya que los sue\u00f1os se\u00a0 pueden cumplir afirmo el m\u00fasico y folclorista\u00a0 yungayino.<\/p>\n<p style=\"text-align: justify;\">[su_button url=\u00bbhttps:\/\/www.facebook.com\/pg\/yungayino.cl\/photos\/?tab=album&amp;album_id=2818208284860859&#8243; target=\u00bbblank\u00bb size=\u00bb7&#8243; radius=\u00bbround\u00bb icon=\u00bbicon: facebook-square\u00bb]FOTOGRAF\u00cdAS &#8211; Destacado Folclorista\u00a0 y M\u00fasico Nacional Luis Castillo, Realiz\u00f3 Charla Motivacional Alumnos del Liceo de Yungay[\/su_button]<\/p>\n","protected":false},"excerpt":{"rendered":"<p>Yungay, domingo 25 de agosto 2019: El destacado Folclorista y M\u00fasico Nacional Luis Castillo, luego de presentar de manera exitosa su espect\u00e1culo musical folcl\u00f3rico en Yungay, \u201cDel Campo Nac\u00ed Semilla\u201d, el pasado jueves 22&#46;&#46;&#46;<\/p>\n","protected":false},"author":2,"featured_media":21170,"comment_status":"closed","ping_status":"open","sticky":false,"template":"","format":"standard","meta":{"footnotes":""},"categories":[1],"tags":[1360,89,627,1115,8,6,117],"class_list":["post-21168","post","type-post","status-publish","format-standard","has-post-thumbnail","hentry","category-noticias","tag-charla-motivacional","tag-liceo-yungay","tag-luis-castillo","tag-noticias","tag-yungay","tag-yungayino","tag-yungayinocl"],"_links":{"self":[{"href":"https:\/\/www.yungayino.cl\/noticias\/index.php?rest_route=\/wp\/v2\/posts\/21168","targetHints":{"allow":["GET"]}}],"collection":[{"href":"https:\/\/www.yungayino.cl\/noticias\/index.php?rest_route=\/wp\/v2\/posts"}],"about":[{"href":"https:\/\/www.yungayino.cl\/noticias\/index.php?rest_route=\/wp\/v2\/types\/post"}],"author":[{"embeddable":true,"href":"https:\/\/www.yungayino.cl\/noticias\/index.php?rest_route=\/wp\/v2\/users\/2"}],"replies":[{"embeddable":true,"href":"https:\/\/www.yungayino.cl\/noticias\/index.php?rest_route=%2Fwp%2Fv2%2Fcomments&post=21168"}],"version-history":[{"count":4,"href":"https:\/\/www.yungayino.cl\/noticias\/index.php?rest_route=\/wp\/v2\/posts\/21168\/revisions"}],"predecessor-version":[{"id":21173,"href":"https:\/\/www.yungayino.cl\/noticias\/index.php?rest_route=\/wp\/v2\/posts\/21168\/revisions\/21173"}],"wp:featuredmedia":[{"embeddable":true,"href":"https:\/\/www.yungayino.cl\/noticias\/index.php?rest_route=\/wp\/v2\/media\/21170"}],"wp:attachment":[{"href":"https:\/\/www.yungayino.cl\/noticias\/index.php?rest_route=%2Fwp%2Fv2%2Fmedia&parent=21168"}],"wp:term":[{"taxonomy":"category","embeddable":true,"href":"https:\/\/www.yungayino.cl\/noticias\/index.php?rest_route=%2Fwp%2Fv2%2Fcategories&post=21168"},{"taxonomy":"post_tag","embeddable":true,"href":"https:\/\/www.yungayino.cl\/noticias\/index.php?rest_route=%2Fwp%2Fv2%2Ftags&post=21168"}],"curies":[{"name":"wp","href":"https:\/\/api.w.org\/{rel}","templated":true}]}}