{"id":21174,"date":"2019-08-26T23:00:10","date_gmt":"2019-08-27T02:00:10","guid":{"rendered":"http:\/\/www.yungayino.cl\/noticias\/?p=21174"},"modified":"2019-08-27T16:02:37","modified_gmt":"2019-08-27T19:02:37","slug":"dialogo-ciudadano-de-la-micro-red-yungay-pemuco-cuidados-del-pie-diabetico-en-yungay","status":"publish","type":"post","link":"https:\/\/www.yungayino.cl\/noticias\/?p=21174","title":{"rendered":"Di\u00e1logo Ciudadano de la Micro Red Yungay &#8211; Pemuco \u201dCuidados del Pie Diab\u00e9tico\u201d en Yungay"},"content":{"rendered":"<p><img loading=\"lazy\" decoding=\"async\" class=\"alignnone size-full wp-image-21175\" src=\"http:\/\/www.yungayino.cl\/noticias\/wp-content\/uploads\/2019\/08\/pie_diabetico_charla.jpg\" alt=\"\" width=\"700\" height=\"350\" srcset=\"https:\/\/www.yungayino.cl\/noticias\/wp-content\/uploads\/2019\/08\/pie_diabetico_charla.jpg 700w, https:\/\/www.yungayino.cl\/noticias\/wp-content\/uploads\/2019\/08\/pie_diabetico_charla-300x150.jpg 300w\" sizes=\"auto, (max-width: 700px) 100vw, 700px\" \/><\/p>\n<p style=\"text-align: justify;\">Yungay, lunes 26 de agosto 2019: En las dependencias del Sal\u00f3n del Hogar Oreste Montero se realiz\u00f3 el pasado viernes 23 un Di\u00e1logo Ciudadano de la Micro Red Yungay &#8211; Pemuco sobre los <strong>\u201cCuidados del Pie Diab\u00e9tico<\/strong>\u201d, espacio exclusivo que sirvi\u00f3 para aprender, intercambiar experiencias y propuestas de cambio para el mejoramiento de la salud.<\/p>\n<p style=\"text-align: justify;\"><iframe loading=\"lazy\" style=\"border: none; overflow: hidden;\" src=\"https:\/\/www.facebook.com\/plugins\/post.php?href=https:\/\/www.facebook.com\/yungayino.cl\/posts\/2822312084450479?__xts__%5B0%5D=68.ARC7IvrR68A_h9CErmJ19FVV_aCMMN6pAoazfAY5e7d8cX8sAheqOuxxojSvVWJxbYd_5mnAvWiNMAGkRRnOw2ojEGcBQkrUr5XSo9mYwrivdH9jm2bS6nX4OwQPdp-gpUH1kySEHq6T-kmoJb-7ko2uRJsYBozhvzTHIVPTTY_DotYGLhkJrxL1xRylOd47lTZjEGJvdtEJoPu1z8h0g-rcqX2456H5x5nWMGByReXVP2asxUiZvQkITN1snj4TuA67vQ8a_ppV7SGCymFXMrlNAcVd2_2K-sbTdrcvmbnqcskSJkky4vSzyrAcYYQX8VLYNfvm9qaPGy2DQlaQ4UZSnHwlecKah4Zh3yG6_WG4LapIhdpsAUtB-2Bslrb04mnePvu4dcLrrG3TRhCs0PIXTBdQl1ZRdLn-fpswOE-HR6Us0ZfCQzIEjmui6-7T0ElMUO1YsENLCHc8fPLz&amp;__tn__=-R&amp;l=a77e327dc6&amp;l=f5951f1994&amp;l=bfecbb8adf&amp;l=687b6bf5da&amp;width=500&amp;show_text=true&amp;height=691&amp;appId\" width=\"500\" height=\"691\" frameborder=\"0\" scrolling=\"no\"><\/iframe><\/p>\n<p style=\"text-align: justify;\">La\u00a0 jornada se inici\u00f3 a las 09:00 horas con un saludo de bienvenida de la Dra. Paula Urrutia, Directora(s) del Hospital de Yungay y del Dr. Ricardo S\u00e1nchez, Director (s) del Servicio de Salud \u00d1uble, para luego continuar con una secuencia de presentaci\u00f3n de cuatro exposiciones por partes de\u00a0 profesionales y terminar con la exposici\u00f3n de la ideas recopiladas de cada mesa que trabajaron y participaron en ideas de soluciones para esta importante enfermedad y tema como lo es de los \u201cCuidados del Pie Diab\u00e9tico.<\/p>\n<p style=\"text-align: justify;\"><strong>Alex Mart\u00ednez del Campo<\/strong>, Director Cesfam Pemuco, se\u00f1alo al Equipo del Portal Yungayino.cl, que esta\u00a0 jornada de di\u00e1logo fue convocada por el Servicio de Salud \u00d1uble en conjunto con las instituciones de salud de la micro red, donde participan Campanario, Yungay y Pemuco, donde fundamentalmente se trat\u00f3 de compartir experiencias de salud con la comunidad, y que esta pueda establecer soluciones para que ellos en sus\u00a0 unidades territoriales y juntas de vecinos puedan ser agentes transmisores de la informaci\u00f3n, y que finalmente le llegue el mensaje a las\u00a0 personas y por sobre todo a los sectores rurales, finalmente se\u00f1alo estar muy contento con la buena convocatoria y participaci\u00f3n tanto de la comunidad como autoridades de salud presentes.<\/p>\n<p style=\"text-align: justify;\">[su_button url=\u00bbhttps:\/\/www.facebook.com\/pg\/yungayino.cl\/photos\/?tab=album&amp;album_id=2822307287784292&#8243; target=\u00bbblank\u00bb size=\u00bb7&#8243; radius=\u00bbround\u00bb icon=\u00bbicon: facebook-square\u00bb]FOTOGRAF\u00cdAS &#8211; Di\u00e1logo Ciudadano de la Micro Red Yungay &#8211; Pemuco \u201dCuidados del Pie Diab\u00e9tico\u201d en Yungay[\/su_button]<\/p>\n","protected":false},"excerpt":{"rendered":"<p>Yungay, lunes 26 de agosto 2019: En las dependencias del Sal\u00f3n del Hogar Oreste Montero se realiz\u00f3 el pasado viernes 23 un Di\u00e1logo Ciudadano de la Micro Red Yungay &#8211; Pemuco sobre los \u201cCuidados&#46;&#46;&#46;<\/p>\n","protected":false},"author":2,"featured_media":21175,"comment_status":"closed","ping_status":"open","sticky":false,"template":"","format":"standard","meta":{"footnotes":""},"categories":[1,1675],"tags":[2054,2055,2056,1115,30,65,8,6,117],"class_list":["post-21174","post","type-post","status-publish","format-standard","has-post-thumbnail","hentry","category-noticias","category-saludc","tag-cuidados-del-pie-diabetico","tag-dialogo-ciudadano","tag-micro-red","tag-noticias","tag-pemuco","tag-salud","tag-yungay","tag-yungayino","tag-yungayinocl"],"_links":{"self":[{"href":"https:\/\/www.yungayino.cl\/noticias\/index.php?rest_route=\/wp\/v2\/posts\/21174","targetHints":{"allow":["GET"]}}],"collection":[{"href":"https:\/\/www.yungayino.cl\/noticias\/index.php?rest_route=\/wp\/v2\/posts"}],"about":[{"href":"https:\/\/www.yungayino.cl\/noticias\/index.php?rest_route=\/wp\/v2\/types\/post"}],"author":[{"embeddable":true,"href":"https:\/\/www.yungayino.cl\/noticias\/index.php?rest_route=\/wp\/v2\/users\/2"}],"replies":[{"embeddable":true,"href":"https:\/\/www.yungayino.cl\/noticias\/index.php?rest_route=%2Fwp%2Fv2%2Fcomments&post=21174"}],"version-history":[{"count":3,"href":"https:\/\/www.yungayino.cl\/noticias\/index.php?rest_route=\/wp\/v2\/posts\/21174\/revisions"}],"predecessor-version":[{"id":21178,"href":"https:\/\/www.yungayino.cl\/noticias\/index.php?rest_route=\/wp\/v2\/posts\/21174\/revisions\/21178"}],"wp:featuredmedia":[{"embeddable":true,"href":"https:\/\/www.yungayino.cl\/noticias\/index.php?rest_route=\/wp\/v2\/media\/21175"}],"wp:attachment":[{"href":"https:\/\/www.yungayino.cl\/noticias\/index.php?rest_route=%2Fwp%2Fv2%2Fmedia&parent=21174"}],"wp:term":[{"taxonomy":"category","embeddable":true,"href":"https:\/\/www.yungayino.cl\/noticias\/index.php?rest_route=%2Fwp%2Fv2%2Fcategories&post=21174"},{"taxonomy":"post_tag","embeddable":true,"href":"https:\/\/www.yungayino.cl\/noticias\/index.php?rest_route=%2Fwp%2Fv2%2Ftags&post=21174"}],"curies":[{"name":"wp","href":"https:\/\/api.w.org\/{rel}","templated":true}]}}