{"id":21184,"date":"2019-08-27T13:00:13","date_gmt":"2019-08-27T16:00:13","guid":{"rendered":"http:\/\/www.yungayino.cl\/noticias\/?p=21184"},"modified":"2019-08-27T16:47:08","modified_gmt":"2019-08-27T19:47:08","slug":"campeonato-regional-de-cueca-se-realizo-en-yungay-2","status":"publish","type":"post","link":"https:\/\/www.yungayino.cl\/noticias\/?p=21184","title":{"rendered":"\u201cCampeonato Regional de Cueca\u201d, se Realiz\u00f3 en Yungay"},"content":{"rendered":"<p><img loading=\"lazy\" decoding=\"async\" class=\"alignnone size-full wp-image-21185\" src=\"http:\/\/www.yungayino.cl\/noticias\/wp-content\/uploads\/2019\/08\/campeonato_cueca_agosto_2019.jpg\" alt=\"\" width=\"700\" height=\"350\" srcset=\"https:\/\/www.yungayino.cl\/noticias\/wp-content\/uploads\/2019\/08\/campeonato_cueca_agosto_2019.jpg 700w, https:\/\/www.yungayino.cl\/noticias\/wp-content\/uploads\/2019\/08\/campeonato_cueca_agosto_2019-300x150.jpg 300w\" sizes=\"auto, (max-width: 700px) 100vw, 700px\" \/><\/p>\n<p style=\"text-align: justify;\">Yungay, martes 27 de agosto 2019: El Campeonato Regional de Cueca se desarroll\u00f3 en Yungay el pasado s\u00e1bado 24 en el Gimnasio Multiuso, fue gestionado por la <strong>Agrupaci\u00f3n de Cuequeros de Yungay<\/strong> en coordinaci\u00f3n con la Agrupaci\u00f3n Cultural Medioambiental y Deporte en Yungay, (<strong>ACMADY)<\/strong> y el patrocinio de la Ilustre Municipalidad de Yungay.<\/p>\n<p style=\"text-align: justify;\">El hermoso espect\u00e1culo cont\u00f3 con la animaci\u00f3n del Sr. H\u00e9ctor Armando Barr\u00eda Flores conocido como el \u201cHuaso Barr\u00eda\u201d y en la parte musical estuvo amenizado por los Grupos \u201cLos Peticeros\u201d y \u201cSentimiento Chileno\u201d, quienes deleitaron con hermosas cuecas a las parejas de las categor\u00edas, Mini Infantes, Infantes, Uni\u00f3n Matrimonial, Hermanos O\u00b4Higgins y Adultos, quienes competieron buscando su paso para representar a la Regi\u00f3n de \u00d1uble en la Fase Nacional.<\/p>\n<p style=\"text-align: justify;\"><iframe loading=\"lazy\" style=\"border: none; overflow: hidden;\" src=\"https:\/\/www.facebook.com\/plugins\/post.php?href=https:\/\/www.facebook.com\/yungayino.cl\/posts\/2822375381110816?__xts__%5B0%5D=68.ARBMxeonjuvRsSm_IxD4brabUWCqdg_ds9gKT0H9jhkhyMdrsClp92y_ABAhHOYoeUsLHiEf79AWhIzxCNowC9kODESE0-VDicByTmIuz1JSY8O_tszsQ7gB3e14Nx4vBAMZcClepD7UWJLsNzkLn3pOVE21WfBJggaXdD69nlARId6Dx7WhwhlP9eSzTKhxSAj15W7YIGA4fF6NUmgQsD6skmYHIJLHceWNRuManYR2S16UVTFlq6HQMBk5PRBLBQaByzwgE6NktYMGFVTNZUehs5w9lJIv7L7a_epJK2TOYptn4q63FsregaxZdLxMtZVOdvvS-RYRuPrRtSUPZEmvApGqGD9wsq8N7nisXeuL0Xraepk0NSRHBFIY64eHH5Vgo5IbHEehEA2xcRROIFBG5w0I2CfVfYn-6jJAV5IkM5E90F4KQnTc8kPVKjG5rrfb0X30HlbHM-X-dvKK&amp;__tn__=-R&amp;l=a77e327dc6&amp;l=f5951f1994&amp;l=bfecbb8adf&amp;l=687b6bf5da&amp;width=500&amp;show_text=true&amp;height=691&amp;appId\" width=\"500\" height=\"691\" frameborder=\"0\" scrolling=\"no\"><\/iframe><\/p>\n<p style=\"text-align: justify;\">A la actividad asistieron el alcalde Rafael Cifuentes Rodr\u00edguez en compa\u00f1\u00eda de su se\u00f1ora Sandra Mart\u00ednez, los concejales, Sr. Juan Quezada, Srta. Ang\u00e9lica Cabezas, Sra. Juana Sandoval y Sra. Patricia Moncada, adem\u00e1s de invitados especiales y un gran marco de p\u00fablico provenientes de distintos puntos de la regi\u00f3n que llegaron para alentar con gritos y aplausos a todas las parejas que luchaban por un cupo para clasificar a la Fase Nacional.<\/p>\n<p style=\"text-align: justify;\">El alcalde <strong>Rafael Cifuentes<\/strong>, se\u00f1alo y felicito a todas las parejas participantes y dese\u00e1ndoles el mayor de los \u00e9xitos a quienes nos representar\u00e1n a \u00d1uble en sus respectivos campeonatos nacionales. \u201cUna vez m\u00e1s como municipio hemos reafirmado nuestro compromiso con el folclore y el rescate de nuestras m\u00e1s arraigadas tradiciones\u201d, termin\u00f3 destacando el edil.<\/p>\n<p style=\"text-align: justify;\">Por su parte el Presidente de la Agrupaci\u00f3n Cuequeros de Yungay Sr. <strong>D\u00e1maso Fern\u00e1ndez, <\/strong>se\u00f1alo al Equipo del Portal Yungayino.cl, que son una agrupaci\u00f3n nueva que se form\u00f3 en abril, donde la mayor\u00eda de sus\u00a0 integrantes son cuequeros desde a\u00f1os, y saben del esfuerzo que significa realizar estas actividades y eventos, donde lo que se busca a futuro es ser un puente con la municipalidad u otra entidad para apoyar a buscar los recursos para encontrar m\u00e1s parejas de cuecas, y as\u00ed orientarlos para competir, formar m\u00e1s personas y por sobre todos ni\u00f1os (as) que lleguen no tan solo por el tema de la cueca, si no tambi\u00e9n aprender valores y unir familias en torno a nuestro baile nacional.<\/p>\n<p style=\"text-align: justify;\">[su_button url=\u00bbhttps:\/\/www.facebook.com\/pg\/yungayino.cl\/photos\/?tab=album&amp;album_id=2822375197777501&#8243; target=\u00bbblank\u00bb size=\u00bb7&#8243; radius=\u00bbround\u00bb icon=\u00bbicon: facebook-square\u00bb]FOTOGRAF\u00cdAS &#8211; \u201cCampeonato Regional de Cueca\u201d, se Realiz\u00f3 en Yungay[\/su_button]<\/p>\n","protected":false},"excerpt":{"rendered":"<p>Yungay, martes 27 de agosto 2019: El Campeonato Regional de Cueca se desarroll\u00f3 en Yungay el pasado s\u00e1bado 24 en el Gimnasio Multiuso, fue gestionado por la Agrupaci\u00f3n de Cuequeros de Yungay en coordinaci\u00f3n&#46;&#46;&#46;<\/p>\n","protected":false},"author":2,"featured_media":21185,"comment_status":"closed","ping_status":"open","sticky":false,"template":"","format":"standard","meta":{"footnotes":""},"categories":[5,1],"tags":[2058,2057,67,512,1115,8,6,117],"class_list":["post-21184","post","type-post","status-publish","format-standard","has-post-thumbnail","hentry","category-eventos","category-noticias","tag-baile-nacional","tag-campeonato-regional","tag-cueca","tag-folclor","tag-noticias","tag-yungay","tag-yungayino","tag-yungayinocl"],"_links":{"self":[{"href":"https:\/\/www.yungayino.cl\/noticias\/index.php?rest_route=\/wp\/v2\/posts\/21184","targetHints":{"allow":["GET"]}}],"collection":[{"href":"https:\/\/www.yungayino.cl\/noticias\/index.php?rest_route=\/wp\/v2\/posts"}],"about":[{"href":"https:\/\/www.yungayino.cl\/noticias\/index.php?rest_route=\/wp\/v2\/types\/post"}],"author":[{"embeddable":true,"href":"https:\/\/www.yungayino.cl\/noticias\/index.php?rest_route=\/wp\/v2\/users\/2"}],"replies":[{"embeddable":true,"href":"https:\/\/www.yungayino.cl\/noticias\/index.php?rest_route=%2Fwp%2Fv2%2Fcomments&post=21184"}],"version-history":[{"count":5,"href":"https:\/\/www.yungayino.cl\/noticias\/index.php?rest_route=\/wp\/v2\/posts\/21184\/revisions"}],"predecessor-version":[{"id":21190,"href":"https:\/\/www.yungayino.cl\/noticias\/index.php?rest_route=\/wp\/v2\/posts\/21184\/revisions\/21190"}],"wp:featuredmedia":[{"embeddable":true,"href":"https:\/\/www.yungayino.cl\/noticias\/index.php?rest_route=\/wp\/v2\/media\/21185"}],"wp:attachment":[{"href":"https:\/\/www.yungayino.cl\/noticias\/index.php?rest_route=%2Fwp%2Fv2%2Fmedia&parent=21184"}],"wp:term":[{"taxonomy":"category","embeddable":true,"href":"https:\/\/www.yungayino.cl\/noticias\/index.php?rest_route=%2Fwp%2Fv2%2Fcategories&post=21184"},{"taxonomy":"post_tag","embeddable":true,"href":"https:\/\/www.yungayino.cl\/noticias\/index.php?rest_route=%2Fwp%2Fv2%2Ftags&post=21184"}],"curies":[{"name":"wp","href":"https:\/\/api.w.org\/{rel}","templated":true}]}}