{"id":21201,"date":"2019-08-29T17:00:31","date_gmt":"2019-08-29T20:00:31","guid":{"rendered":"http:\/\/www.yungayino.cl\/noticias\/?p=21201"},"modified":"2019-08-29T23:59:21","modified_gmt":"2019-08-30T02:59:21","slug":"yungayina-se-obtuvo-primer-lugar-en-concurso-de-pintura","status":"publish","type":"post","link":"https:\/\/www.yungayino.cl\/noticias\/?p=21201","title":{"rendered":"Yungayina Obtuvo Primer Lugar en Concurso de Pintura"},"content":{"rendered":"<p><img loading=\"lazy\" decoding=\"async\" class=\"alignnone size-full wp-image-21206\" src=\"http:\/\/www.yungayino.cl\/noticias\/wp-content\/uploads\/2019\/08\/concurso_pintura_agosto_2019.jpg\" alt=\"\" width=\"700\" height=\"350\" srcset=\"https:\/\/www.yungayino.cl\/noticias\/wp-content\/uploads\/2019\/08\/concurso_pintura_agosto_2019.jpg 700w, https:\/\/www.yungayino.cl\/noticias\/wp-content\/uploads\/2019\/08\/concurso_pintura_agosto_2019-300x150.jpg 300w\" sizes=\"auto, (max-width: 700px) 100vw, 700px\" \/><\/p>\n<p style=\"text-align: justify;\">Yungay, agosto 2019: En el marco del Mes de la Monta\u00f1a se desarroll\u00f3 el \u201cXXXV Concurso Regional de Pintura\u201d y la representante de nuestra comuna, Srta. Jesma\u00edn Ram\u00edrez, ha obtenido el Primer Lugar Regional, en la categor\u00eda ense\u00f1anza media.<\/p>\n<p style=\"text-align: justify;\">Felicitaciones a la estudiante del Liceo de Yungay por su importante triunfo.<\/p>\n<p style=\"text-align: justify;\"><iframe loading=\"lazy\" style=\"border: none; overflow: hidden;\" src=\"https:\/\/www.facebook.com\/plugins\/post.php?href=https:\/\/www.facebook.com\/yungayino.cl\/posts\/2826692807345740?__xts__%5B0%5D=68.ARBNWqvOkV-D40j0NItH4PWUZhGlW0l9idhGam4E--kXH8Wt9ADiOtJ3HnOQiYBla7mS_lJYbbi8c4yaGX4RZrv50df4PYWc6_AHmDS--zgvvFDEN1ZJIteMafi1jxlB7pkSgOdWWOc8MS0C_8ChNzJqla0jZWRNI2KeH7qzAJxnYyT7eKGZfd571yhTZ08zQbWbud0dUXCjyEQHW4960lT5-wAFxU_MhKrEX95Y7woWSN_G_5zX82N1B2DRBVOkafoc2lT9aXP-XAjKu3E31FNx3vQJh_1AYE0XOjYaxI4n__c2d9YpUQ0Z4lvcNjOajCzXFieMhKOJDAsOWAqc0snRbamxUryOp9xzJYq5yd6FzHzMbB6a4bt0aGS1x-SJCl9anRsrUrv8i6DPN-xM6O-Hl7E6wNX_n4zZ1zDG3nU1HXqAFIg9AVvQWEcK-6WpONH3ihV90q0Osj12wYyg&amp;__tn__=-R&amp;l=a77e327dc6&amp;l=f5951f1994&amp;l=bfecbb8adf&amp;l=687b6bf5da&amp;width=500&amp;show_text=true&amp;height=691&amp;appId\" width=\"500\" height=\"691\" frameborder=\"0\" scrolling=\"no\"><\/iframe><\/p>\n<p>&nbsp;<\/p>\n<p style=\"text-align: justify;\">[su_button url=\u00bbhttps:\/\/www.facebook.com\/pg\/yungayino.cl\/photos\/?tab=album&amp;album_id=2826692527345768&#8243; target=\u00bbblank\u00bb size=\u00bb7&#8243; radius=\u00bbround\u00bb icon=\u00bbicon: facebook-square\u00bb]FOTOGRAF\u00cdAS &#8211; Yungayina Obtuvo Primer Lugar en Concurso de Pintura[\/su_button]<\/p>\n","protected":false},"excerpt":{"rendered":"<p>Yungay, agosto 2019: En el marco del Mes de la Monta\u00f1a se desarroll\u00f3 el \u201cXXXV Concurso Regional de Pintura\u201d y la representante de nuestra comuna, Srta. Jesma\u00edn Ram\u00edrez, ha obtenido el Primer Lugar Regional,&#46;&#46;&#46;<\/p>\n","protected":false},"author":2,"featured_media":21206,"comment_status":"closed","ping_status":"open","sticky":false,"template":"","format":"standard","meta":{"footnotes":""},"categories":[1493,1],"tags":[375,2064,89,1115,8,117,2063],"class_list":["post-21201","post","type-post","status-publish","format-standard","has-post-thumbnail","hentry","category-educacion","category-noticias","tag-concurso-pintura","tag-jesmain-ramirez","tag-liceo-yungay","tag-noticias","tag-yungay","tag-yungayinocl","tag-yungayinol"],"_links":{"self":[{"href":"https:\/\/www.yungayino.cl\/noticias\/index.php?rest_route=\/wp\/v2\/posts\/21201","targetHints":{"allow":["GET"]}}],"collection":[{"href":"https:\/\/www.yungayino.cl\/noticias\/index.php?rest_route=\/wp\/v2\/posts"}],"about":[{"href":"https:\/\/www.yungayino.cl\/noticias\/index.php?rest_route=\/wp\/v2\/types\/post"}],"author":[{"embeddable":true,"href":"https:\/\/www.yungayino.cl\/noticias\/index.php?rest_route=\/wp\/v2\/users\/2"}],"replies":[{"embeddable":true,"href":"https:\/\/www.yungayino.cl\/noticias\/index.php?rest_route=%2Fwp%2Fv2%2Fcomments&post=21201"}],"version-history":[{"count":7,"href":"https:\/\/www.yungayino.cl\/noticias\/index.php?rest_route=\/wp\/v2\/posts\/21201\/revisions"}],"predecessor-version":[{"id":21218,"href":"https:\/\/www.yungayino.cl\/noticias\/index.php?rest_route=\/wp\/v2\/posts\/21201\/revisions\/21218"}],"wp:featuredmedia":[{"embeddable":true,"href":"https:\/\/www.yungayino.cl\/noticias\/index.php?rest_route=\/wp\/v2\/media\/21206"}],"wp:attachment":[{"href":"https:\/\/www.yungayino.cl\/noticias\/index.php?rest_route=%2Fwp%2Fv2%2Fmedia&parent=21201"}],"wp:term":[{"taxonomy":"category","embeddable":true,"href":"https:\/\/www.yungayino.cl\/noticias\/index.php?rest_route=%2Fwp%2Fv2%2Fcategories&post=21201"},{"taxonomy":"post_tag","embeddable":true,"href":"https:\/\/www.yungayino.cl\/noticias\/index.php?rest_route=%2Fwp%2Fv2%2Ftags&post=21201"}],"curies":[{"name":"wp","href":"https:\/\/api.w.org\/{rel}","templated":true}]}}