{"id":21212,"date":"2019-08-29T20:00:23","date_gmt":"2019-08-29T23:00:23","guid":{"rendered":"http:\/\/www.yungayino.cl\/noticias\/?p=21212"},"modified":"2019-08-29T23:56:15","modified_gmt":"2019-08-30T02:56:15","slug":"carabineros-de-yungay-detiene-a-dos-personas-por-infraccion-a-la-ley-de-propiedad-industrial","status":"publish","type":"post","link":"https:\/\/www.yungayino.cl\/noticias\/?p=21212","title":{"rendered":"Carabineros de Yungay Detiene a Dos Personas por \u201cInfracci\u00f3n a la Ley de Propiedad Industrial\u201d"},"content":{"rendered":"<p><img loading=\"lazy\" decoding=\"async\" class=\"alignnone size-full wp-image-21213\" src=\"http:\/\/www.yungayino.cl\/noticias\/wp-content\/uploads\/2019\/08\/motosierras_carabineros_agosto_2019.jpg\" alt=\"\" width=\"700\" height=\"350\" srcset=\"https:\/\/www.yungayino.cl\/noticias\/wp-content\/uploads\/2019\/08\/motosierras_carabineros_agosto_2019.jpg 700w, https:\/\/www.yungayino.cl\/noticias\/wp-content\/uploads\/2019\/08\/motosierras_carabineros_agosto_2019-300x150.jpg 300w\" sizes=\"auto, (max-width: 700px) 100vw, 700px\" \/><\/p>\n<p style=\"text-align: justify;\">Yungay, jueves 29 de agosto 2019: Personal de Carabineros de la Cuarta Comisar\u00eda de Yungay detuvo a dos personas por \u201cInfracci\u00f3n a la Ley de Propiedad Industrial\u201d el pasado domingo 25 de agosto a las 12:10 horas, luego de recibir una llamada al Nivel 133 de la guardia de la 4ta. Comisar\u00eda Yungay, donde una v\u00edctima manifest\u00f3 que lo hab\u00edan estafado ya que le hab\u00edan vendido una motosierra marca Stihl falsa en la suma de $120.000, el comunicado lo recibi\u00f3 personal policial de primer patrullaje, logrando controlar y fiscalizar al veh\u00edculo sindicado como el que trasladaba al o los imputados, al realizarle un control de identidad conforme al art. 85 del CPP y revisar el lugar destinado a la carga, Personal de Carabineros encontr\u00f3 3 motosierras que manten\u00edan la marca \u201cStihl\u201d adherida y al solicitar las facturas estos presentan facturas de una empresa china, manifestando estos de inmediato que eran falsas, por tal motivo se procede a la detenci\u00f3n de los dos ocupantes del veh\u00edculo por el delito de infracci\u00f3n a la ley de propiedad industrial.<\/p>\n<p style=\"text-align: justify;\"><iframe loading=\"lazy\" style=\"border: none; overflow: hidden;\" src=\"https:\/\/www.facebook.com\/plugins\/post.php?href=https:\/\/www.facebook.com\/yungayino.cl\/posts\/2827088213972866?__xts__%5B0%5D=68.ARDteZk5Pr3xhebB1QUxS-ab9hOWP0tADrtToQYJWi9tK_AIGrolPDlNgU5RpclTQDmySYZpDEfbSIDtrJKXM7oqELN_4Yzcxo5x62IwDWnL839BVN8g6q3GjssRFkbWt8myygtF1MeWIIV7dpXp-CaBRjzdm_PWWfSExxg4xXi-L_Tlrb5xHbq9sKmDaObg0OGJ_olK7QIh9VtcY-f0TSWA2EQ_T41wo2NDYcT0gx1hne55vrQizqWTuV0s3iyu8lXlA-a5lzRAU1pLy-Y5BrcaZieaqIyn4Cq7cdyPuqSnRFcciOhhWnikOqsB_-IC2nPBcqjg-nKxNSuL0FN9XDyIQtt3otg9YqXLkXb3nmFHJbMiaLqS9jKW6ZXB0DXlO5ZPfb_o6WR5qjvZ1i6qCvBpFKaDBg4D2i6utF_uCbZX72TyzJbuqD1YmA3r-S8e2AIIy7sCGi_VWovCamdj&amp;__tn__=-R&amp;l=a77e327dc6&amp;l=f5951f1994&amp;l=bfecbb8adf&amp;l=687b6bf5da&amp;width=500&amp;show_text=true&amp;height=691&amp;appId\" width=\"500\" height=\"691\" frameborder=\"0\" scrolling=\"no\"><\/iframe><\/p>\n<p style=\"text-align: justify;\">Se hace presente que los detenidos son de la ciudad de Talca y mantienen antecedentes penales por diversos delitos, finalmente el Fiscal de Turno instruye incautaci\u00f3n de las especies y remitidas a la fiscal\u00eda local y los detenidos apercibidos de acuerdo al art\u00edculo 26, para continuar con las investigaciones referentes a lo sucedido y determinar su posible participaci\u00f3n en otros hechos similares en el \u00e1rea.<\/p>\n<p style=\"text-align: justify;\">Por su parte, Carabineros hace un llamado a la ciudadan\u00eda, a no fomentar el comercio ilegal y realizar las compras en los lugares establecidos.<\/p>\n<p style=\"text-align: justify;\">[su_button url=\u00bbhttps:\/\/www.facebook.com\/pg\/yungayino.cl\/photos\/?tab=album&amp;album_id=2827087673972920&#8243; target=\u00bbblank\u00bb size=\u00bb7&#8243; radius=\u00bbround\u00bb icon=\u00bbicon: facebook-square\u00bb]FOTOGRAF\u00cdAS &#8211; Carabineros de Yungay Detiene a Dos Personas por \u201cInfracci\u00f3n a la Ley de Propiedad Industrial\u201d[\/su_button]<\/p>\n","protected":false},"excerpt":{"rendered":"<p>Yungay, jueves 29 de agosto 2019: Personal de Carabineros de la Cuarta Comisar\u00eda de Yungay detuvo a dos personas por \u201cInfracci\u00f3n a la Ley de Propiedad Industrial\u201d el pasado domingo 25 de agosto a&#46;&#46;&#46;<\/p>\n","protected":false},"author":2,"featured_media":21213,"comment_status":"closed","ping_status":"open","sticky":false,"template":"","format":"standard","meta":{"footnotes":""},"categories":[1],"tags":[25,1115,8,6,117],"class_list":["post-21212","post","type-post","status-publish","format-standard","has-post-thumbnail","hentry","category-noticias","tag-carabineros","tag-noticias","tag-yungay","tag-yungayino","tag-yungayinocl"],"_links":{"self":[{"href":"https:\/\/www.yungayino.cl\/noticias\/index.php?rest_route=\/wp\/v2\/posts\/21212","targetHints":{"allow":["GET"]}}],"collection":[{"href":"https:\/\/www.yungayino.cl\/noticias\/index.php?rest_route=\/wp\/v2\/posts"}],"about":[{"href":"https:\/\/www.yungayino.cl\/noticias\/index.php?rest_route=\/wp\/v2\/types\/post"}],"author":[{"embeddable":true,"href":"https:\/\/www.yungayino.cl\/noticias\/index.php?rest_route=\/wp\/v2\/users\/2"}],"replies":[{"embeddable":true,"href":"https:\/\/www.yungayino.cl\/noticias\/index.php?rest_route=%2Fwp%2Fv2%2Fcomments&post=21212"}],"version-history":[{"count":3,"href":"https:\/\/www.yungayino.cl\/noticias\/index.php?rest_route=\/wp\/v2\/posts\/21212\/revisions"}],"predecessor-version":[{"id":21216,"href":"https:\/\/www.yungayino.cl\/noticias\/index.php?rest_route=\/wp\/v2\/posts\/21212\/revisions\/21216"}],"wp:featuredmedia":[{"embeddable":true,"href":"https:\/\/www.yungayino.cl\/noticias\/index.php?rest_route=\/wp\/v2\/media\/21213"}],"wp:attachment":[{"href":"https:\/\/www.yungayino.cl\/noticias\/index.php?rest_route=%2Fwp%2Fv2%2Fmedia&parent=21212"}],"wp:term":[{"taxonomy":"category","embeddable":true,"href":"https:\/\/www.yungayino.cl\/noticias\/index.php?rest_route=%2Fwp%2Fv2%2Fcategories&post=21212"},{"taxonomy":"post_tag","embeddable":true,"href":"https:\/\/www.yungayino.cl\/noticias\/index.php?rest_route=%2Fwp%2Fv2%2Ftags&post=21212"}],"curies":[{"name":"wp","href":"https:\/\/api.w.org\/{rel}","templated":true}]}}