{"id":21219,"date":"2019-08-29T23:00:04","date_gmt":"2019-08-30T02:00:04","guid":{"rendered":"http:\/\/www.yungayino.cl\/noticias\/?p=21219"},"modified":"2019-08-30T00:11:28","modified_gmt":"2019-08-30T03:11:28","slug":"destacada-participacion-tuvo-la-academia-taeyung-de-yungay-en-el-9-junior-open-taekwondo-chillan-2019","status":"publish","type":"post","link":"https:\/\/www.yungayino.cl\/noticias\/?p=21219","title":{"rendered":"Destacada Participaci\u00f3n Tuvo la Academia \u201cTAEYUNG de Yungay\u201d en el 9\u00b0 Junior Open Taekwondo Chill\u00e1n 2019"},"content":{"rendered":"<p><img loading=\"lazy\" decoding=\"async\" class=\"alignnone size-full wp-image-21220\" src=\"http:\/\/www.yungayino.cl\/noticias\/wp-content\/uploads\/2019\/08\/taeyung_yungay_agosto_2019.jpg\" alt=\"\" width=\"700\" height=\"312\" srcset=\"https:\/\/www.yungayino.cl\/noticias\/wp-content\/uploads\/2019\/08\/taeyung_yungay_agosto_2019.jpg 700w, https:\/\/www.yungayino.cl\/noticias\/wp-content\/uploads\/2019\/08\/taeyung_yungay_agosto_2019-300x134.jpg 300w, https:\/\/www.yungayino.cl\/noticias\/wp-content\/uploads\/2019\/08\/taeyung_yungay_agosto_2019-337x150.jpg 337w\" sizes=\"auto, (max-width: 700px) 100vw, 700px\" \/><\/p>\n<p style=\"text-align: justify;\">Yungay, 29 de agosto 2019: Una destacada participaci\u00f3n tuvo la Academia <strong>\u201cTAEYUNG de Yungay\u201d<\/strong> en el 9\u00b0 Junior Open Taekwondo Chill\u00e1n 2019 que se disput\u00f3 el pasado s\u00e1bado 24 de agosto, el cual se realiz\u00f3 en el Complejo Deportivo Quilamapu, de la comuna de Chill\u00e1n.<\/p>\n<p style=\"text-align: justify;\"><iframe loading=\"lazy\" style=\"border: none; overflow: hidden;\" src=\"https:\/\/www.facebook.com\/plugins\/post.php?href=https:\/\/www.facebook.com\/yungayino.cl\/posts\/2827111960637158?__xts__%5B0%5D=68.ARAa3fH5oVZp1BfeHg-F6Co70LfW0c38ot3oxrHZsobiI7rIZiG87MNCfxPUZPYCK8JHEIiSOqLy0sckX6S6LUwJIqLHchmfXEm5HLZ57oSsdHxMGXlNff1c7PHULd7ymEtHinQaC1Ls3HZ2NGrxrxZJBnWCiEKeiup1LPPoZDsGM9CUor0kIVRyS4jV6g3xTzkLdkPVnhUUd-Yfns4SLLz1AsRcjHHX15amgs7_fnxj5FHwkW5fUn0uIl3Vkka59BN9EfXi99u9MP5bNE0VFKKd-LxanMfXs5Bdl9LsiW-gNX-Mlf3-rlDj4O3GK5obl7G8GH0p5i5zYUSUVEMNbwC3cby_gV6KppDdL25cTkd78UaE0nR3GyZiulGn9FuLlIhXPlbMIq3ee5xoZRVkbCeC8B1K1YzFB972y8dY4D45YDLnM7L0ggQHEKF5GECNPE_5IWS-WHR6c4Bh-dgr&amp;__tn__=-R&amp;l=a77e327dc6&amp;l=f5951f1994&amp;l=bfecbb8adf&amp;l=687b6bf5da&amp;width=500&amp;show_text=true&amp;height=691&amp;appId\" width=\"500\" height=\"691\" frameborder=\"0\" scrolling=\"no\"><\/iframe><\/p>\n<p style=\"text-align: justify;\">La Academia \u201cTAEYUNG de Yungay\u201d en conjunto con la Academia Taekwondo CHIVSAN de Chill\u00e1n Viejo se destacaron en este torneo y en el medallero, donde tuvieron participaci\u00f3n en las diferentes categor\u00edas y muy buenos resultados, gracias al trabajo en Equipo de los Instructores Denis Rivas Vilches de TAEYUNG y \u00c1lvaro Maureira Eadez de CHIVSAN, se obtuvieron 3 copas por equipos.<\/p>\n<p style=\"text-align: justify;\"><strong><u>Resultados Lugares y Copas\u00a0 <\/u><\/strong><\/p>\n<p style=\"text-align: justify;\">1\u00b0 Lugar Categor\u00eda Infantil<\/p>\n<p style=\"text-align: justify;\">2\u00b0 Lugar por Equipos sumando todas las categor\u00edas<\/p>\n<p style=\"text-align: justify;\">3\u00b0 Lugar Categor\u00eda Juvenil<\/p>\n<p style=\"text-align: justify;\"><strong><u>Resultados Medallero<\/u><\/strong><\/p>\n<p style=\"text-align: justify;\"><strong>Categor\u00eda Pre infantil:<\/strong> 5 medallas para Luis \u00c1vila Seguel, Mat\u00edas Guti\u00e9rrez Jara, Martina Sagurie Espinoza, Claudio Benavides Benavides y Yarlin Vallejos Echeverr\u00eda.<\/p>\n<p style=\"text-align: justify;\"><strong>Categor\u00eda Infantil:<\/strong> 7 medallas para Tamara Vallejos Echeverr\u00eda (1\u00b0 Lugar), Sof\u00eda Valdez Hern\u00e1ndez (2\u00b0 Lugar), Dayannette Arias Mosqueira (2\u00b0 Lugar), Mat\u00edas Constanzo Araneda (3\u00b0 Lugar), Francisca Rubilar Castillo (3\u00b0 Lugar), Gonzalo Maldonado Jara (3\u00b0 Lugar) y Roc\u00edo Riquelme Mu\u00f1oz (3\u00b0 Lugar).<\/p>\n<p style=\"text-align: justify;\"><strong>Categor\u00eda \u00a0Juvenil: <\/strong>7 medallas\u00a0 para Javiera Jofr\u00e9 Inostroza (1\u00b0 Lugar), Karime Osses Orme\u00f1o, (2\u00b0 Lugar), Sim\u00f3n Godoy Polanco (2\u00b0 Lugar), Esteban Melo Sanfuentes (2\u00b0 Lugar), Isidora Carrasco Pinilla (3\u00b0 Lugar), Fabi\u00e1n Melo Betancourt (3\u00b0 Lugar) y Juan Pinilla Chavarr\u00eda (3\u00b0Lugar).Tambi\u00e9n destacar la participaci\u00f3n los estudiantes Amaya Arias Mosqueira, Francisco Riquelme Burgos y Carlos Valle Villagr\u00e1n.<\/p>\n<p style=\"text-align: justify;\">Finalmente el Presidente de la Academia \u201cTAEYUNG de Yungay\u201d Sr. Marco Constanzo se\u00f1al\u00f3\u00a0al Equipo del Portal Yungayino.cl, para quienes quieran participar de esta hermosa disciplina marcial, los d\u00edas lunes y mi\u00e9rcoles desde las 19:00 a 21:00 horas en dependencias del Gimnasio Multiuso de Yungay y los d\u00edas s\u00e1bados a partir de las 10:00 de la ma\u00f1ana hasta las 12:00 horas, en el Gimnasio de la Escuela Fernando Baquedano, de nuestra comuna.<\/p>\n<p style=\"text-align: justify;\">[su_button url=\u00bbhttps:\/\/www.facebook.com\/pg\/yungayino.cl\/photos\/?tab=album&amp;album_id=2827111523970535&#8243; target=\u00bbblank\u00bb size=\u00bb7&#8243; radius=\u00bbround\u00bb icon=\u00bbicon: facebook-square\u00bb]FOTOGRAF\u00cdAS &#8211; Destacada Participaci\u00f3n Tuvo la Academia \u201cTAEYUNG de Yungay\u201d en el 9\u00b0 Junior Open Taekwondo Chill\u00e1n 2019[\/su_button]<\/p>\n","protected":false},"excerpt":{"rendered":"<p>Yungay, 29 de agosto 2019: Una destacada participaci\u00f3n tuvo la Academia \u201cTAEYUNG de Yungay\u201d en el 9\u00b0 Junior Open Taekwondo Chill\u00e1n 2019 que se disput\u00f3 el pasado s\u00e1bado 24 de agosto, el cual se&#46;&#46;&#46;<\/p>\n","protected":false},"author":2,"featured_media":21220,"comment_status":"closed","ping_status":"open","sticky":false,"template":"","format":"standard","meta":{"footnotes":""},"categories":[17,1],"tags":[1115,1348,8,6,117],"class_list":["post-21219","post","type-post","status-publish","format-standard","has-post-thumbnail","hentry","category-deporte","category-noticias","tag-noticias","tag-taeyung","tag-yungay","tag-yungayino","tag-yungayinocl"],"_links":{"self":[{"href":"https:\/\/www.yungayino.cl\/noticias\/index.php?rest_route=\/wp\/v2\/posts\/21219","targetHints":{"allow":["GET"]}}],"collection":[{"href":"https:\/\/www.yungayino.cl\/noticias\/index.php?rest_route=\/wp\/v2\/posts"}],"about":[{"href":"https:\/\/www.yungayino.cl\/noticias\/index.php?rest_route=\/wp\/v2\/types\/post"}],"author":[{"embeddable":true,"href":"https:\/\/www.yungayino.cl\/noticias\/index.php?rest_route=\/wp\/v2\/users\/2"}],"replies":[{"embeddable":true,"href":"https:\/\/www.yungayino.cl\/noticias\/index.php?rest_route=%2Fwp%2Fv2%2Fcomments&post=21219"}],"version-history":[{"count":4,"href":"https:\/\/www.yungayino.cl\/noticias\/index.php?rest_route=\/wp\/v2\/posts\/21219\/revisions"}],"predecessor-version":[{"id":21224,"href":"https:\/\/www.yungayino.cl\/noticias\/index.php?rest_route=\/wp\/v2\/posts\/21219\/revisions\/21224"}],"wp:featuredmedia":[{"embeddable":true,"href":"https:\/\/www.yungayino.cl\/noticias\/index.php?rest_route=\/wp\/v2\/media\/21220"}],"wp:attachment":[{"href":"https:\/\/www.yungayino.cl\/noticias\/index.php?rest_route=%2Fwp%2Fv2%2Fmedia&parent=21219"}],"wp:term":[{"taxonomy":"category","embeddable":true,"href":"https:\/\/www.yungayino.cl\/noticias\/index.php?rest_route=%2Fwp%2Fv2%2Fcategories&post=21219"},{"taxonomy":"post_tag","embeddable":true,"href":"https:\/\/www.yungayino.cl\/noticias\/index.php?rest_route=%2Fwp%2Fv2%2Ftags&post=21219"}],"curies":[{"name":"wp","href":"https:\/\/api.w.org\/{rel}","templated":true}]}}