{"id":21235,"date":"2019-09-02T15:00:14","date_gmt":"2019-09-02T18:00:14","guid":{"rendered":"http:\/\/www.yungayino.cl\/noticias\/?p=21235"},"modified":"2019-09-04T15:28:08","modified_gmt":"2019-09-04T18:28:08","slug":"campeonato-mountanbike-rally-nuble-2019-bajo-el-telon-en-pemuco","status":"publish","type":"post","link":"https:\/\/www.yungayino.cl\/noticias\/?p=21235","title":{"rendered":"Campeonato Mountanbike Rally \u00d1uble 2019 Baj\u00f3 el Tel\u00f3n en Pemuco"},"content":{"rendered":"<p><img loading=\"lazy\" decoding=\"async\" class=\"alignnone size-full wp-image-21236\" src=\"http:\/\/www.yungayino.cl\/noticias\/wp-content\/uploads\/2019\/09\/campeonato_mountanbike_rally_2019.jpg\" alt=\"\" width=\"700\" height=\"351\" srcset=\"https:\/\/www.yungayino.cl\/noticias\/wp-content\/uploads\/2019\/09\/campeonato_mountanbike_rally_2019.jpg 700w, https:\/\/www.yungayino.cl\/noticias\/wp-content\/uploads\/2019\/09\/campeonato_mountanbike_rally_2019-300x150.jpg 300w, https:\/\/www.yungayino.cl\/noticias\/wp-content\/uploads\/2019\/09\/campeonato_mountanbike_rally_2019-299x150.jpg 299w\" sizes=\"auto, (max-width: 700px) 100vw, 700px\" \/><\/p>\n<p style=\"text-align: justify;\">Pemuco, septiembre 2019: Fueron 6 fechas de competencia en Chill\u00e1n, Quirihue, San Carlos, El Carmen, Yungay y Pemuco, con m\u00e1s de 250 competidores. Carla Canales y Javier Carri\u00f3n se quedaron con la general en damas y varones respectivamente.<\/p>\n<p style=\"text-align: justify;\">Con m\u00e1s de 250 pedaleros de la regi\u00f3n y distintos puntos del pa\u00eds, se dio vida al Campeonato Mountanbike Rally \u00d1uble, el cual se desarroll\u00f3 en 6 etapas, por distintas rutas de comunas de la regi\u00f3n, y que baj\u00f3 el tel\u00f3n el reciente domingo en Pemuco, con etapas previas en Chill\u00e1n, Quirihue, El Carmen, Yungay y San Carlos, y que cont\u00f3 adem\u00e1s con la presencia de avezados pilotos nacionales.<\/p>\n<p style=\"text-align: justify;\"><iframe loading=\"lazy\" style=\"border: none; overflow: hidden;\" src=\"https:\/\/www.facebook.com\/plugins\/post.php?href=https:\/\/www.facebook.com\/yungayino.cl\/posts\/2834730053208682?__xts__%5B0%5D=68.ARCbuP79gLMv7CL8flDHWMZ9hGuP2EP8kLsvZ0caWKxeIY_usCnGrT72tZwOQq_sood1PryUbkgickk4rMldeN3JPtOijbVyA73E9Syz6i6Op_aBAeOp0L8FBa1YSOPy8yCXifRZp6bD8wL-5LeFQ0UCry5jZhExC07Fkw5_KgwTQFxtof90cVp969fBWjT-Rq5aeyDoflaWkHMm6HnGl4OQX4kNBGRMrzSl466Nu1fvVXzfgy9zj_BbKMS435bBA73R-Z0GzkDGi4KgcZ7YhsVNkznoGXMVQG3_DVMXYsSmjUaC0dKKg0DzcnzmyB2qyHZDurc6HpQ72JbA2ORyuDGkpHv4OoaQLrPOU33IUs9_VGpLdMrT11-lFK54KQrqBVFGZ_8TSuw3lFUxI0dgqSyd_jQVL_FJsIeuIRSEAg_o4bClH0En5sR1KqQGi_d_FeXS0PdN_pZLv4voR91Z&amp;__tn__=-R&amp;l=a77e327dc6&amp;l=f5951f1994&amp;l=bfecbb8adf&amp;l=687b6bf5da&amp;width=500&amp;show_text=true&amp;height=691&amp;appId\" width=\"500\" height=\"691\" frameborder=\"0\" scrolling=\"no\"><\/iframe><\/p>\n<p style=\"text-align: justify;\">\u201cAgradecer a la Gobernaci\u00f3n de Diguill\u00edn, la Municipalidad de Pemuco, el Gobierno Regional y la Seremi del Deporte, adem\u00e1s de privados, por el apoyo a este campeonato, una primera versi\u00f3n en conjunto con seis sedes m\u00e1s, con una modalidad de ciclismo cross country, con 55 kil\u00f3metros este domingo ac\u00e1 en Pemuco, con rutas en pavimento, entre bosques y ripio. Contamos adem\u00e1s con competidores de primer nivel, como lo es el doble campe\u00f3n nacional, Javier Carri\u00f3n\u201d, precis\u00f3 desde el Club MTB Pemuco y coordinador general de la competencia, Wilson Lecerf.<\/p>\n<p style=\"text-align: justify;\">\u201cFelicitar al alcalde Jhonnson Gu\u00ed\u00f1ez, al Club MTB Pemuco y el resto de clubes organizadores, por la realizaci\u00f3n de este primer rally regional de ciclismo monta\u00f1a realizado en seis fechas, con su culminaci\u00f3n ac\u00e1 en Pemuco, con m\u00e1s de 200 integrantes, y con representantes de distintas comunas de nuestra provincia y regi\u00f3n, adem\u00e1s de otras localidades. Se instala una alta competencia de primer nivel de este disciplina, y esperamos idealmente instalarla en el calendario regional para los pr\u00f3ximos a\u00f1os, tema que ya conversamos con el Seremi del Deporte Rodrigo Ram\u00edrez, adem\u00e1s de buscar incentivar a trav\u00e9s del Gobierno Regional este tipo de eventos\u201d, explay\u00f3 la Gobernadora Paola Becker.<\/p>\n<p style=\"text-align: justify;\">\u201cContentos de apoyar estas iniciativas como Ministerio del Deporte, cerramos este rally, que se ya se instala como capital del mountanbike cross country en Chile. Contentos con los m\u00e1s de 250 pilotos en esta jornada, iniciativa que debemos seguir apoyando, as\u00ed como muchas otras\u201d, agreg\u00f3 el Seremi del Deporte Rodrigo Ram\u00edrez.<\/p>\n<p style=\"text-align: justify;\">Finalmente Carri\u00f3n, quien se qued\u00f3 con esta versi\u00f3n del Mountanbike Rally \u00d1uble, y que es actual Campe\u00f3n Nacional Modalidad XCO y XCM, felicit\u00f3 la organizaci\u00f3n y rutas dispuestas para la mencionada competencia.<\/p>\n<p style=\"text-align: justify;\">\u201cFelicitarlos por la organizaci\u00f3n, los tiempos que estuvieron muy buenos, adem\u00e1s de felicitar a todo el equipo que estuvo detr\u00e1s de esto, e hizo que fuese posible. Al alcalde, al a gobernadora, a los seremis, banderilleros y todos, pues dejaron la vara alta en cuanto a organizaci\u00f3n. Me hubiese gustado m\u00e1s presencia de competidores de fuera de la regi\u00f3n, para que vean el nivel de sus eventos\u201d, dijo el campe\u00f3n, expectante a volver a competir en la zona.<\/p>\n<p style=\"text-align: justify;\">El podio en la general, estuvo encabezado en el caso de las mujeres por Carla Canales (Cabrero), seguida por Victoria Burgos (Ca\u00f1ete), Romina Retamal (Linares), Katherine Manr\u00edquez (Concepci\u00f3n) y la chillaneja Marl\u00e9n Nova. En tanto en la general varones, esta fue encabezada por Javier Carri\u00f3n (Talca), escoltado por Patricio Baeza (Ca\u00f1ete), Juan Pablo Lillo (San Carlos), Jonathan Sep\u00falveda (Coronel) y Leonardo Castro (Angol). Junto con el club pemucano de MTB, tambi\u00e9n fueron parte de la organizaci\u00f3n sus clubes pares de Ciclismo Yungay, Ciclismo \u00d1uble-Bike de Chill\u00e1n, Ciclismo Garvall de Quirihue, Ciclismo San Carlos, y la Oficina de Deportes de la Municipalidad de Pemuco.<\/p>\n<p style=\"text-align: justify;\">[su_button url=\u00bbhttps:\/\/www.facebook.com\/pg\/yungayino.cl\/photos\/?tab=album&amp;album_id=2834729516542069&#8243; target=\u00bbblank\u00bb size=\u00bb7&#8243; radius=\u00bbround\u00bb icon=\u00bbicon: facebook-square\u00bb]FOTOGRAF\u00cdAS &#8211; Campeonato Mountanbike Rally \u00d1uble 2019 Baj\u00f3 el Tel\u00f3n en Pemuco[\/su_button]<\/p>\n","protected":false},"excerpt":{"rendered":"<p>Pemuco, septiembre 2019: Fueron 6 fechas de competencia en Chill\u00e1n, Quirihue, San Carlos, El Carmen, Yungay y Pemuco, con m\u00e1s de 250 competidores. Carla Canales y Javier Carri\u00f3n se quedaron con la general en&#46;&#46;&#46;<\/p>\n","protected":false},"author":2,"featured_media":21236,"comment_status":"closed","ping_status":"open","sticky":false,"template":"","format":"standard","meta":{"footnotes":""},"categories":[17,1],"tags":[1120,2066,1115,30,8,6,117],"class_list":["post-21235","post","type-post","status-publish","format-standard","has-post-thumbnail","hentry","category-deporte","category-noticias","tag-deporte","tag-mountanbike-rally-nuble","tag-noticias","tag-pemuco","tag-yungay","tag-yungayino","tag-yungayinocl"],"_links":{"self":[{"href":"https:\/\/www.yungayino.cl\/noticias\/index.php?rest_route=\/wp\/v2\/posts\/21235","targetHints":{"allow":["GET"]}}],"collection":[{"href":"https:\/\/www.yungayino.cl\/noticias\/index.php?rest_route=\/wp\/v2\/posts"}],"about":[{"href":"https:\/\/www.yungayino.cl\/noticias\/index.php?rest_route=\/wp\/v2\/types\/post"}],"author":[{"embeddable":true,"href":"https:\/\/www.yungayino.cl\/noticias\/index.php?rest_route=\/wp\/v2\/users\/2"}],"replies":[{"embeddable":true,"href":"https:\/\/www.yungayino.cl\/noticias\/index.php?rest_route=%2Fwp%2Fv2%2Fcomments&post=21235"}],"version-history":[{"count":4,"href":"https:\/\/www.yungayino.cl\/noticias\/index.php?rest_route=\/wp\/v2\/posts\/21235\/revisions"}],"predecessor-version":[{"id":21240,"href":"https:\/\/www.yungayino.cl\/noticias\/index.php?rest_route=\/wp\/v2\/posts\/21235\/revisions\/21240"}],"wp:featuredmedia":[{"embeddable":true,"href":"https:\/\/www.yungayino.cl\/noticias\/index.php?rest_route=\/wp\/v2\/media\/21236"}],"wp:attachment":[{"href":"https:\/\/www.yungayino.cl\/noticias\/index.php?rest_route=%2Fwp%2Fv2%2Fmedia&parent=21235"}],"wp:term":[{"taxonomy":"category","embeddable":true,"href":"https:\/\/www.yungayino.cl\/noticias\/index.php?rest_route=%2Fwp%2Fv2%2Fcategories&post=21235"},{"taxonomy":"post_tag","embeddable":true,"href":"https:\/\/www.yungayino.cl\/noticias\/index.php?rest_route=%2Fwp%2Fv2%2Ftags&post=21235"}],"curies":[{"name":"wp","href":"https:\/\/api.w.org\/{rel}","templated":true}]}}