{"id":21246,"date":"2019-09-02T20:00:55","date_gmt":"2019-09-02T23:00:55","guid":{"rendered":"http:\/\/www.yungayino.cl\/noticias\/?p=21246"},"modified":"2019-09-04T15:27:41","modified_gmt":"2019-09-04T18:27:41","slug":"con-gran-exito-se-presento-en-santiago-el-espectaculo-folclorico-del-campo-naci-semilla-del-destacado-folclorista-nacional-lucho-castillo","status":"publish","type":"post","link":"https:\/\/www.yungayino.cl\/noticias\/?p=21246","title":{"rendered":"Con gran \u00e9xito se present\u00f3 en Santiago el Espect\u00e1culo Folcl\u00f3rico Del Campo Nac\u00ed Semilla, del destacado folclorista nacional Lucho Castillo"},"content":{"rendered":"<p><img loading=\"lazy\" decoding=\"async\" class=\"alignnone size-full wp-image-21247\" src=\"http:\/\/www.yungayino.cl\/noticias\/wp-content\/uploads\/2019\/09\/lucho_castillo_santiago.jpg\" alt=\"\" width=\"700\" height=\"350\" srcset=\"https:\/\/www.yungayino.cl\/noticias\/wp-content\/uploads\/2019\/09\/lucho_castillo_santiago.jpg 700w, https:\/\/www.yungayino.cl\/noticias\/wp-content\/uploads\/2019\/09\/lucho_castillo_santiago-300x150.jpg 300w\" sizes=\"auto, (max-width: 700px) 100vw, 700px\" \/><\/p>\n<p style=\"text-align: justify;\">El pasado viernes, 30 de agosto, el m\u00fasico nacional present\u00f3 su espect\u00e1culo folcl\u00f3rico Del Campo Nac\u00ed Semilla en el Anfiteatro del Museo de Bellas Artes en el evento Semillas rurales en la ciudad. Encuentros de tradiciones rurales chilenas con lo urbano, actividad organizada por ONG MILPA. Dicha presentaci\u00f3n correspondi\u00f3 a la segunda, luego de su exitoso estreno en el evento de Celebraci\u00f3n del D\u00eda Mundial del Folclor en Yungay, el jueves 22 de agosto.<\/p>\n<p style=\"text-align: justify;\">La obra folcl\u00f3rica, dirigida por el propio Castillo, cuenta tambi\u00e9n con la participaci\u00f3n de la reconocida tonadera Mirtha Iturra y el multi-instrumentista, cantor popular y payador Dangelo Guerra, adem\u00e1s de la experiencia del diestro equipo de m\u00fasicos que componen el elenco.<\/p>\n<p style=\"text-align: justify;\">El espect\u00e1culo comienza con la interpretaci\u00f3n de la cueca Del Campo Nac\u00ed Semilla, tema que le da el nombre al mismo, para luego transitar por diversos estilos como la tonada, el vals, la zamacueca, la habanera, entre otros, y mezcla creaciones de Castillo con algunos temas recogidos de la tradici\u00f3n, interpretados algunos en solitario y otros acompa\u00f1ado por la reconocida tonadera Mirtha Iturra y el multi-instrumentista, cantor popular y payador Dangelo Guerra.<\/p>\n<p style=\"text-align: justify;\">A lo largo de la obra, el yungayino, deslumbra con un particular zapateo, exhibiendo sus dotes como bailar\u00edn que lo llevaron a convertirse en un referente para los amantes de la cueca, luego de obtener el t\u00edtulo de campe\u00f3n nacional en la ciudad de Arica en 1997. Todo enriquecido con el relato de divertidas an\u00e9cdotas acumuladas por Lucho en su extensa trayectoria como cuequero. El talento, la gracia y la simpat\u00eda de Castillo se entremezclan de manera genial, en esta obra, provocando la nostalgia, la risa y la admiraci\u00f3n de un p\u00fablico que termina aplaudiendo de pie este maravillo espect\u00e1culo.<\/p>\n<p style=\"text-align: justify;\">Cabe destacar la hermosa escenograf\u00eda que presenta, entre otras cosas, esculturas en fierro reciclado del artista visual V\u00edctor Cabrera y un bello tel\u00f3n de fondo con la ilustraci\u00f3n realizada por Natalia Rodr\u00edguez.<\/p>\n<p style=\"text-align: justify;\">Ambas presentaciones, en Yungay y Santiago, fueron posible gracias al financiamiento otorgado por el Ministerio de las Culturas, las Artes y el Patrimonio a trav\u00e9s de su Fondo Nacional de Desarrollo Cultural y las Artes, \u00e1mbito Regional, convocatoria 2019. Luego de la excelente recepci\u00f3n del p\u00fablico, se espera que la obra circule por el pa\u00eds y el extranjero con el fin de difundir el folclor originado desde la regi\u00f3n de \u00d1uble representado por Lucho Castillo y el tremendo elenco que lo acompa\u00f1a.<\/p>\n<p style=\"text-align: justify;\">De este modo la obra cumplir\u00e1 con su principal objetivo, seg\u00fan se\u00f1ala su creador \u201cdemostrar que podemos apostar y aportar con una puesta en escena de primer nivel en espect\u00e1culos que realcen nuestro folclor. En Chile debemos atrevernos a crear y no s\u00f3lo reproducir lo que los grandes exponentes de nuestro folclor nos han dejado. Esta obra es una fiesta llena de color y folclor, una maravillosa oportunidad para difundir lo nuestro.\u201d<\/p>\n<p style=\"text-align: justify;\">Lucho Castillo, destacado por su particular estilo al bailar y cantar la cueca, en 2018, fue reconocido por el Servicio Nacional del Patrimonio como Persona Destacada de la Cultura Tradicional Chilena por su extensa trayectoria y experiencia. Campe\u00f3n Nacional de Cueca en la categor\u00eda Adulto, en 1997, en la ciudad de Arica. Fundador del grupo cuequero Los Tricolores, en 1999, base de su caminar musical, con el cual fue ganador del Festival del Huaso de Olmu\u00e9 en 2015. El a\u00f1o 2008 viaj\u00f3 por el mundo difundiendo el folclor chileno junto al musical Ayni, estrenado en Stuttgart, Alemania y, en 2010, participa en Bit\u00e1cora, elegida por el Consejo de la M\u00fasica como pieza del bicentenario de Chile, ambas obras del destacado m\u00fasico nacional Andreas Bodenhofer.<\/p>\n<p style=\"text-align: justify;\">Para mayor informaci\u00f3n visita la fan page de Facebook Lucho Castillo @luchocastillooficial o escribe a <a href=\"mailto:luchocastillocuentaoficial@gmail.com\">luchocastillocuentaoficial@gmail.com<\/a><\/p>\n","protected":false},"excerpt":{"rendered":"<p>El pasado viernes, 30 de agosto, el m\u00fasico nacional present\u00f3 su espect\u00e1culo folcl\u00f3rico Del Campo Nac\u00ed Semilla en el Anfiteatro del Museo de Bellas Artes en el evento Semillas rurales en la ciudad. Encuentros&#46;&#46;&#46;<\/p>\n","protected":false},"author":2,"featured_media":21247,"comment_status":"closed","ping_status":"open","sticky":false,"template":"","format":"standard","meta":{"footnotes":""},"categories":[5,1],"tags":[2046,628,1115,8,6,117],"class_list":["post-21246","post","type-post","status-publish","format-standard","has-post-thumbnail","hentry","category-eventos","category-noticias","tag-del-campo-naci-semilla","tag-lucho-castillo","tag-noticias","tag-yungay","tag-yungayino","tag-yungayinocl"],"_links":{"self":[{"href":"https:\/\/www.yungayino.cl\/noticias\/index.php?rest_route=\/wp\/v2\/posts\/21246","targetHints":{"allow":["GET"]}}],"collection":[{"href":"https:\/\/www.yungayino.cl\/noticias\/index.php?rest_route=\/wp\/v2\/posts"}],"about":[{"href":"https:\/\/www.yungayino.cl\/noticias\/index.php?rest_route=\/wp\/v2\/types\/post"}],"author":[{"embeddable":true,"href":"https:\/\/www.yungayino.cl\/noticias\/index.php?rest_route=\/wp\/v2\/users\/2"}],"replies":[{"embeddable":true,"href":"https:\/\/www.yungayino.cl\/noticias\/index.php?rest_route=%2Fwp%2Fv2%2Fcomments&post=21246"}],"version-history":[{"count":2,"href":"https:\/\/www.yungayino.cl\/noticias\/index.php?rest_route=\/wp\/v2\/posts\/21246\/revisions"}],"predecessor-version":[{"id":21249,"href":"https:\/\/www.yungayino.cl\/noticias\/index.php?rest_route=\/wp\/v2\/posts\/21246\/revisions\/21249"}],"wp:featuredmedia":[{"embeddable":true,"href":"https:\/\/www.yungayino.cl\/noticias\/index.php?rest_route=\/wp\/v2\/media\/21247"}],"wp:attachment":[{"href":"https:\/\/www.yungayino.cl\/noticias\/index.php?rest_route=%2Fwp%2Fv2%2Fmedia&parent=21246"}],"wp:term":[{"taxonomy":"category","embeddable":true,"href":"https:\/\/www.yungayino.cl\/noticias\/index.php?rest_route=%2Fwp%2Fv2%2Fcategories&post=21246"},{"taxonomy":"post_tag","embeddable":true,"href":"https:\/\/www.yungayino.cl\/noticias\/index.php?rest_route=%2Fwp%2Fv2%2Ftags&post=21246"}],"curies":[{"name":"wp","href":"https:\/\/api.w.org\/{rel}","templated":true}]}}