{"id":21263,"date":"2019-09-04T13:00:43","date_gmt":"2019-09-04T16:00:43","guid":{"rendered":"http:\/\/www.yungayino.cl\/noticias\/?p=21263"},"modified":"2019-09-04T16:09:18","modified_gmt":"2019-09-04T19:09:18","slug":"resultados-postulacion-individual-subsidio-fondo-solidario-de-eleccion-vivienda","status":"publish","type":"post","link":"https:\/\/www.yungayino.cl\/noticias\/?p=21263","title":{"rendered":"Resultados Postulaci\u00f3n Individual Subsidio Fondo Solidario de Elecci\u00f3n Vivienda"},"content":{"rendered":"<p><img loading=\"lazy\" decoding=\"async\" class=\"alignnone size-full wp-image-21264\" src=\"http:\/\/www.yungayino.cl\/noticias\/wp-content\/uploads\/2019\/09\/fondo-vivienda.png\" alt=\"\" width=\"700\" height=\"410\" srcset=\"https:\/\/www.yungayino.cl\/noticias\/wp-content\/uploads\/2019\/09\/fondo-vivienda.png 700w, https:\/\/www.yungayino.cl\/noticias\/wp-content\/uploads\/2019\/09\/fondo-vivienda-300x176.png 300w, https:\/\/www.yungayino.cl\/noticias\/wp-content\/uploads\/2019\/09\/fondo-vivienda-256x150.png 256w\" sizes=\"auto, (max-width: 700px) 100vw, 700px\" \/><\/p>\n<p style=\"margin: 0cm 0cm 0.0001pt; background: white; text-align: justify;\"><span style=\"font-size: 13.0pt; font-family: 'Arial','sans-serif'; color: #1c1e21;\">Yungay, Mi\u00e9rcoles 5 de septiembre 2019: La oficina de Vivienda de la Ilustre Municipalidad de Yungay informa a los vecinos que postularon al subsidio Fondo Solidario de Elecci\u00f3n de Vivienda DS 49, que ya est\u00e1n disponibles los resultados del primer llamado de este a\u00f1o 2019.<\/span><\/p>\n<p style=\"background: white; font-variant-ligatures: normal; font-variant-caps: normal; orphans: 2; text-align: justify; widows: 2; -webkit-text-stroke-width: 0px; text-decoration-style: initial; text-decoration-color: initial; word-spacing: 0px; margin: 4.5pt 0cm;\"><span style=\"font-size: 13.0pt; font-family: 'Arial','sans-serif'; color: #1c1e21;\">Para conocerlos, pueden acercarse a la Oficina de Vivienda del municipio o ingresar a la p\u00e1gina del Ministerio de Vivienda y Urbanismo <\/span><\/p>\n<p style=\"background: white; margin: 4.5pt 0cm; text-align: justify;\"><span style=\"font-size: 13.0pt; font-family: 'Arial','sans-serif'; color: #1c1e21;\">\u00a0<\/span><\/p>\n<p style=\"background: white; margin: 4.5pt 0cm; text-align: justify;\"><span style=\"font-size: 13.0pt; font-family: 'Arial','sans-serif'; color: #1c1e21;\"><a href=\"https:\/\/www.minvu.cl\/wp-content\/uploads\/2019\/05\/1975-N.pdf?fbclid=IwAR3yvhmxzEoZ-TrzgBrB7jywjmKDm3mMrvPkitkHnCPr0Y6xVax8Nl3SjLk\" target=\"_blank\" rel=\"noopener noreferrer\"><span style=\"color: #385898; text-decoration: none; text-underline: none;\">https:\/\/www.minvu.cl\/wp-content\/uploads\/2019\/05\/1975-N.pdf<\/span><\/a><\/span><\/p>\n<p style=\"margin: 0cm 0cm 0.0001pt; background: white; font-variant-ligatures: normal; font-variant-caps: normal; orphans: 2; text-align: justify; widows: 2; -webkit-text-stroke-width: 0px; text-decoration-style: initial; text-decoration-color: initial; word-spacing: 0px;\"><span class=\"6qdm\"><span style=\"background-size: contain; color: transparent; display: inline-block;\"><span style=\"font-size: 13.0pt; font-family: 'Arial','sans-serif'; color: #1c1e21;\">\u00a0<\/span><\/span><\/span><\/p>\n<p style=\"margin: 0cm 0cm 0.0001pt; background: white; text-align: justify;\"><span style=\"font-size: 13.0pt; font-family: 'Arial','sans-serif'; color: #1c1e21;\">Estos resultados corresponden al proceso de postulaci\u00f3n individual, para la compra de viviendas nuevas o usadas y no est\u00e1n relacionados con los subsidios de las 252 familias que postularon de manera colectiva.<\/span><\/p>\n","protected":false},"excerpt":{"rendered":"<p>Yungay, Mi\u00e9rcoles 5 de septiembre 2019: La oficina de Vivienda de la Ilustre Municipalidad de Yungay informa a los vecinos que postularon al subsidio Fondo Solidario de Elecci\u00f3n de Vivienda DS 49, que ya&#46;&#46;&#46;<\/p>\n","protected":false},"author":2,"featured_media":21264,"comment_status":"closed","ping_status":"open","sticky":false,"template":"","format":"standard","meta":{"footnotes":""},"categories":[3,1],"tags":[1115,1922,8,6,117],"class_list":["post-21263","post","type-post","status-publish","format-standard","has-post-thumbnail","hentry","category-actualidad","category-noticias","tag-noticias","tag-vivienda","tag-yungay","tag-yungayino","tag-yungayinocl"],"_links":{"self":[{"href":"https:\/\/www.yungayino.cl\/noticias\/index.php?rest_route=\/wp\/v2\/posts\/21263","targetHints":{"allow":["GET"]}}],"collection":[{"href":"https:\/\/www.yungayino.cl\/noticias\/index.php?rest_route=\/wp\/v2\/posts"}],"about":[{"href":"https:\/\/www.yungayino.cl\/noticias\/index.php?rest_route=\/wp\/v2\/types\/post"}],"author":[{"embeddable":true,"href":"https:\/\/www.yungayino.cl\/noticias\/index.php?rest_route=\/wp\/v2\/users\/2"}],"replies":[{"embeddable":true,"href":"https:\/\/www.yungayino.cl\/noticias\/index.php?rest_route=%2Fwp%2Fv2%2Fcomments&post=21263"}],"version-history":[{"count":2,"href":"https:\/\/www.yungayino.cl\/noticias\/index.php?rest_route=\/wp\/v2\/posts\/21263\/revisions"}],"predecessor-version":[{"id":21266,"href":"https:\/\/www.yungayino.cl\/noticias\/index.php?rest_route=\/wp\/v2\/posts\/21263\/revisions\/21266"}],"wp:featuredmedia":[{"embeddable":true,"href":"https:\/\/www.yungayino.cl\/noticias\/index.php?rest_route=\/wp\/v2\/media\/21264"}],"wp:attachment":[{"href":"https:\/\/www.yungayino.cl\/noticias\/index.php?rest_route=%2Fwp%2Fv2%2Fmedia&parent=21263"}],"wp:term":[{"taxonomy":"category","embeddable":true,"href":"https:\/\/www.yungayino.cl\/noticias\/index.php?rest_route=%2Fwp%2Fv2%2Fcategories&post=21263"},{"taxonomy":"post_tag","embeddable":true,"href":"https:\/\/www.yungayino.cl\/noticias\/index.php?rest_route=%2Fwp%2Fv2%2Ftags&post=21263"}],"curies":[{"name":"wp","href":"https:\/\/api.w.org\/{rel}","templated":true}]}}