{"id":21292,"date":"2019-09-07T14:00:11","date_gmt":"2019-09-07T17:00:11","guid":{"rendered":"http:\/\/www.yungayino.cl\/noticias\/?p=21292"},"modified":"2019-09-07T15:06:15","modified_gmt":"2019-09-07T18:06:15","slug":"yungayino-felipe-quezada-medina-recibe-premio-chileno-del-ano-en-categoria-innovacion","status":"publish","type":"post","link":"https:\/\/www.yungayino.cl\/noticias\/?p=21292","title":{"rendered":"Yungayino Felipe Quezada Medina Recibe Premio \u201cChileno del A\u00f1o\u201d en Categor\u00eda Innovaci\u00f3n"},"content":{"rendered":"<p><img loading=\"lazy\" decoding=\"async\" class=\"alignnone size-full wp-image-21293\" src=\"http:\/\/www.yungayino.cl\/noticias\/wp-content\/uploads\/2019\/09\/felipe_quezada_chileno_del_a\u00f1o.jpg\" alt=\"\" width=\"700\" height=\"664\" srcset=\"https:\/\/www.yungayino.cl\/noticias\/wp-content\/uploads\/2019\/09\/felipe_quezada_chileno_del_a\u00f1o.jpg 700w, https:\/\/www.yungayino.cl\/noticias\/wp-content\/uploads\/2019\/09\/felipe_quezada_chileno_del_a\u00f1o-300x285.jpg 300w, https:\/\/www.yungayino.cl\/noticias\/wp-content\/uploads\/2019\/09\/felipe_quezada_chileno_del_a\u00f1o-158x150.jpg 158w\" sizes=\"auto, (max-width: 700px) 100vw, 700px\" \/><\/p>\n<p style=\"text-align: justify;\">Yungay, s\u00e1bado 07 de septiembre 2019: El jueves 5 de septiembre, se conoci\u00f3 el resultado del concurso en que el yungayino <strong>Felipe Quezada Medina<\/strong>, fue elegido como personaje del a\u00f1o en la categor\u00eda de innovaci\u00f3n menores de 35 a\u00f1os.<\/p>\n<p style=\"text-align: justify;\"><iframe loading=\"lazy\" style=\"border: none; overflow: hidden;\" src=\"https:\/\/www.facebook.com\/plugins\/post.php?href=https:\/\/www.facebook.com\/yungayino.cl\/posts\/2844598582221829?__xts__%5B0%5D=68.ARDGiMVm2qTe28AZ2DG3V7io2aHtIHQEyUs8kA_cC86TF8spNvgSfpsDvUUizXiBzoalVqz7WTrQD8eu3jQN5GHWzNd1B9Xkuh5VFhIFN7Y_WOpKle0Qfojrq3EBf2mhhm4pMPFU5XOqfyCY80ey-nPfdWR_vh2sMOWVN6U2hOMrRR8sTd2NfeL3Qmh8vSq37ph56KXjvN3WoazbL8JNrLqjt2CIinrocGsrUOJRxhbzUADClk_a70k54W7JzHHhjzRtlqUtvJYASDGlqFxLs_3kJKFmgpYY9C-_0StXXr19DeXRJ14U0t2DrGGJ_hylRsFPZo3SH1NtHr3XEXAMNma-P8A0rSMtTzfcmgiEFrFxqN8iihSo43jPJkC0wTBAl1fEYEZed-z4XN5P1e2b-JCqHr_C4RM-8iTe4qidkS__Q4vHOQWttOhyyme_bT2m8aJQJGawhlAuIB2lrTS2&amp;__tn__=-R&amp;l=a77e327dc6&amp;l=f5951f1994&amp;l=bfecbb8adf&amp;l=687b6bf5da&amp;width=500&amp;show_text=true&amp;height=691&amp;appId\" width=\"500\" height=\"691\" frameborder=\"0\" scrolling=\"no\"><\/iframe><\/p>\n<p style=\"text-align: justify;\">Felipe es el creador de \u201cKinemotion\u201d, que es una plataforma recreativa de videojuegos, realidad virtual y animaci\u00f3n 3D para la rehabilitaci\u00f3n interactiva de pacientes mediante juegos terap\u00e9uticos que ayudan a recuperar y mejorar la adherencia en pacientes que sufren enfermedades como neuromusculares, alzheimer, parkinson, esclerosis m\u00faltiples, Secuelas de accidentes cerebrovasculares, traumatismo encefalocraneano, entre otras tanto para ni\u00f1os como adultos.<\/p>\n<p style=\"text-align: justify;\">[su_button url=\u00bbhttps:\/\/www.facebook.com\/pg\/yungayino.cl\/photos\/?tab=album&amp;album_id=2844598442221843&#8243; target=\u00bbblank\u00bb size=\u00bb7&#8243; radius=\u00bbround\u00bb icon=\u00bbicon: facebook-square\u00bb]FOTOGRAF\u00cdAS &#8211; Yungayino Felipe Quezada Medina Recibe Premio \u201cChileno del A\u00f1o\u201d en Categor\u00eda Innovaci\u00f3n[\/su_button]<\/p>\n","protected":false},"excerpt":{"rendered":"<p>Yungay, s\u00e1bado 07 de septiembre 2019: El jueves 5 de septiembre, se conoci\u00f3 el resultado del concurso en que el yungayino Felipe Quezada Medina, fue elegido como personaje del a\u00f1o en la categor\u00eda de&#46;&#46;&#46;<\/p>\n","protected":false},"author":2,"featured_media":21293,"comment_status":"closed","ping_status":"open","sticky":false,"template":"","format":"standard","meta":{"footnotes":""},"categories":[1],"tags":[2073,1859,2074,1115,8,6],"class_list":["post-21292","post","type-post","status-publish","format-standard","has-post-thumbnail","hentry","category-noticias","tag-chileno-del-ano","tag-felipe-quezada","tag-innovacion","tag-noticias","tag-yungay","tag-yungayino"],"_links":{"self":[{"href":"https:\/\/www.yungayino.cl\/noticias\/index.php?rest_route=\/wp\/v2\/posts\/21292","targetHints":{"allow":["GET"]}}],"collection":[{"href":"https:\/\/www.yungayino.cl\/noticias\/index.php?rest_route=\/wp\/v2\/posts"}],"about":[{"href":"https:\/\/www.yungayino.cl\/noticias\/index.php?rest_route=\/wp\/v2\/types\/post"}],"author":[{"embeddable":true,"href":"https:\/\/www.yungayino.cl\/noticias\/index.php?rest_route=\/wp\/v2\/users\/2"}],"replies":[{"embeddable":true,"href":"https:\/\/www.yungayino.cl\/noticias\/index.php?rest_route=%2Fwp%2Fv2%2Fcomments&post=21292"}],"version-history":[{"count":4,"href":"https:\/\/www.yungayino.cl\/noticias\/index.php?rest_route=\/wp\/v2\/posts\/21292\/revisions"}],"predecessor-version":[{"id":21297,"href":"https:\/\/www.yungayino.cl\/noticias\/index.php?rest_route=\/wp\/v2\/posts\/21292\/revisions\/21297"}],"wp:featuredmedia":[{"embeddable":true,"href":"https:\/\/www.yungayino.cl\/noticias\/index.php?rest_route=\/wp\/v2\/media\/21293"}],"wp:attachment":[{"href":"https:\/\/www.yungayino.cl\/noticias\/index.php?rest_route=%2Fwp%2Fv2%2Fmedia&parent=21292"}],"wp:term":[{"taxonomy":"category","embeddable":true,"href":"https:\/\/www.yungayino.cl\/noticias\/index.php?rest_route=%2Fwp%2Fv2%2Fcategories&post=21292"},{"taxonomy":"post_tag","embeddable":true,"href":"https:\/\/www.yungayino.cl\/noticias\/index.php?rest_route=%2Fwp%2Fv2%2Ftags&post=21292"}],"curies":[{"name":"wp","href":"https:\/\/api.w.org\/{rel}","templated":true}]}}