{"id":21313,"date":"2019-09-11T19:00:38","date_gmt":"2019-09-11T22:00:38","guid":{"rendered":"http:\/\/www.yungayino.cl\/noticias\/?p=21313"},"modified":"2019-09-11T23:09:35","modified_gmt":"2019-09-12T02:09:35","slug":"vecinos-de-yungay-trabajan-en-proyecto-compostando-se-sustenta-poblacion-juan-pablo-ii","status":"publish","type":"post","link":"https:\/\/www.yungayino.cl\/noticias\/?p=21313","title":{"rendered":"Vecinos de Yungay Trabajan en Proyecto \u201cCompostando se Sustenta Poblaci\u00f3n Juan Pablo II\u201d"},"content":{"rendered":"<p><img loading=\"lazy\" decoding=\"async\" class=\"alignnone size-full wp-image-21314\" src=\"http:\/\/www.yungayino.cl\/noticias\/wp-content\/uploads\/2019\/09\/compostando_poblacion_juan_pablo.jpg\" alt=\"\" width=\"700\" height=\"335\" srcset=\"https:\/\/www.yungayino.cl\/noticias\/wp-content\/uploads\/2019\/09\/compostando_poblacion_juan_pablo.jpg 700w, https:\/\/www.yungayino.cl\/noticias\/wp-content\/uploads\/2019\/09\/compostando_poblacion_juan_pablo-300x144.jpg 300w, https:\/\/www.yungayino.cl\/noticias\/wp-content\/uploads\/2019\/09\/compostando_poblacion_juan_pablo-313x150.jpg 313w\" sizes=\"auto, (max-width: 700px) 100vw, 700px\" \/><\/p>\n<p style=\"text-align: justify;\">Yungay, mi\u00e9rcoles 11 de septiembre: Con total \u00e9xito se desarrolla el proyecto <strong>\u201cCompostando se Sustenta Poblaci\u00f3n Juan Pablo II\u201d<\/strong>, financiado por el Ministerio de Medio Ambiente a trav\u00e9s del Fondo de Protecci\u00f3n Ambiental.<\/p>\n<p style=\"text-align: justify;\">El proyecto tiene el objetivo de concientizar sobre la gesti\u00f3n de residuos domiciliarios a los vecinos de la poblaci\u00f3n Juan Pablo II de Yungay, mediante la educaci\u00f3n ambiental y la experiencia pr\u00e1ctica en gesti\u00f3n de residuos.<\/p>\n<p style=\"text-align: justify;\"><iframe loading=\"lazy\" style=\"border: none; overflow: hidden;\" src=\"https:\/\/www.facebook.com\/plugins\/post.php?href=https:\/\/www.facebook.com\/yungayino.cl\/posts\/2853591474655873?__xts__%5B0%5D=68.ARBM_DcnoIdMYwAVeIkiv1kfgOKbQAhXWtf6doN_aOORehhmd5FJP5zQQ1f3HhrD66HjV0wFykCEahAxXDtU8vV-mPsbOWuC1vQpbtiMiP0UU2Ol9y1LiOJedDWnUC-k9yNP-PQOqSCnwl4UZrx0WktFlRlXfC_yQROGt2hGBWyvUlUlLaM2LHc-J5mMBx5FMWnjBJ215w8M6EQk0fb8DgJW5BaTa0sVMTgYtCr8zUuSkPmsNF1pyIDc071JsUuehy4V8d29BEI3n_cNpr55BGWPDdQ1CYJilmlc1VeAzUhbM8A19HhWD8sXPls5pA0b8Z2Z9RmCi09zHoecxEiNKZeZkKkPaq4bMU1jiDbB3QXwf8EGqF80eNaffWvZ2EQw1j6zXBdZaeveAQd5y9TVXlgR9-vfIWkKRZbBMEf7BPcB88WTC-yngzWjIlihWshue8uBA8rrhl-1E_YF7Rza&amp;__tn__=-R&amp;l=a77e327dc6&amp;l=f5951f1994&amp;l=bfecbb8adf&amp;l=687b6bf5da&amp;width=500&amp;show_text=true&amp;height=691&amp;appId\" width=\"500\" height=\"691\" frameborder=\"0\" scrolling=\"no\"><\/iframe><\/p>\n<p style=\"text-align: justify;\">En este contexto, vecinos y vecinas se han reunido en charlas para abordar distintos factores en materia ambiental, como: \u201cconociendo el medio ambiente y los problemas que lo afectan\u201d y \u201ccontexto nacional de los residuos y su gesti\u00f3n con \u00e9nfasis en la prevenci\u00f3n\u201d. As\u00ed tambi\u00e9n, capacitaci\u00f3n en autogesti\u00f3n de los residuos domiciliarios y sobre la t\u00e9cnica del compostaje como alternativa pr\u00e1ctica de reciclaje a nivel domiciliario.<\/p>\n<p style=\"text-align: justify;\">El alcalde Rafael Cifuentes, junto con aplaudir la iniciativa se\u00f1al\u00f3 \u201cel \u00e9xito de este proyecto ser\u00e1 clave, pues podr\u00e1 instalarse como un ejemplo a nivel comunal y ser replicado en otras unidades vecinales, contribuyendo de esta manera a la educaci\u00f3n y concientizaci\u00f3n ambiental, como tambi\u00e9n verse reflejado en la reducci\u00f3n de basura generada\u00bb.<\/p>\n<p style=\"text-align: justify;\">El proyecto que consta de dos etapas, ya hizo la entrega de una compostera est\u00e1ndar de pl\u00e1stico por cada familia, iniciando la segunda etapa con la construcci\u00f3n de un huerto comunitario en donde se podr\u00e1 depositar parte del compost generado en cada hogar.<\/p>\n<p style=\"text-align: justify;\">[su_button url=\u00bbhttps:\/\/www.facebook.com\/pg\/yungayino.cl\/photos\/?tab=album&amp;album_id=2853590701322617&#8243; target=\u00bbblank\u00bb size=\u00bb7&#8243; radius=\u00bbround\u00bb icon=\u00bbicon: facebook-square\u00bb]FOTOGRAF\u00cdAS &#8211; Vecinos de Yungay Trabajan en Proyecto \u201cCompostando se Sustenta Poblaci\u00f3n Juan Pablo II\u201d[\/su_button]<\/p>\n","protected":false},"excerpt":{"rendered":"<p>Yungay, mi\u00e9rcoles 11 de septiembre: Con total \u00e9xito se desarrolla el proyecto \u201cCompostando se Sustenta Poblaci\u00f3n Juan Pablo II\u201d, financiado por el Ministerio de Medio Ambiente a trav\u00e9s del Fondo de Protecci\u00f3n Ambiental. El&#46;&#46;&#46;<\/p>\n","protected":false},"author":2,"featured_media":21314,"comment_status":"closed","ping_status":"open","sticky":false,"template":"","format":"standard","meta":{"footnotes":""},"categories":[1],"tags":[2076,1115,2034,8,6,117],"class_list":["post-21313","post","type-post","status-publish","format-standard","has-post-thumbnail","hentry","category-noticias","tag-compostando","tag-noticias","tag-poblacion-juan-pablo-ii","tag-yungay","tag-yungayino","tag-yungayinocl"],"_links":{"self":[{"href":"https:\/\/www.yungayino.cl\/noticias\/index.php?rest_route=\/wp\/v2\/posts\/21313","targetHints":{"allow":["GET"]}}],"collection":[{"href":"https:\/\/www.yungayino.cl\/noticias\/index.php?rest_route=\/wp\/v2\/posts"}],"about":[{"href":"https:\/\/www.yungayino.cl\/noticias\/index.php?rest_route=\/wp\/v2\/types\/post"}],"author":[{"embeddable":true,"href":"https:\/\/www.yungayino.cl\/noticias\/index.php?rest_route=\/wp\/v2\/users\/2"}],"replies":[{"embeddable":true,"href":"https:\/\/www.yungayino.cl\/noticias\/index.php?rest_route=%2Fwp%2Fv2%2Fcomments&post=21313"}],"version-history":[{"count":2,"href":"https:\/\/www.yungayino.cl\/noticias\/index.php?rest_route=\/wp\/v2\/posts\/21313\/revisions"}],"predecessor-version":[{"id":21316,"href":"https:\/\/www.yungayino.cl\/noticias\/index.php?rest_route=\/wp\/v2\/posts\/21313\/revisions\/21316"}],"wp:featuredmedia":[{"embeddable":true,"href":"https:\/\/www.yungayino.cl\/noticias\/index.php?rest_route=\/wp\/v2\/media\/21314"}],"wp:attachment":[{"href":"https:\/\/www.yungayino.cl\/noticias\/index.php?rest_route=%2Fwp%2Fv2%2Fmedia&parent=21313"}],"wp:term":[{"taxonomy":"category","embeddable":true,"href":"https:\/\/www.yungayino.cl\/noticias\/index.php?rest_route=%2Fwp%2Fv2%2Fcategories&post=21313"},{"taxonomy":"post_tag","embeddable":true,"href":"https:\/\/www.yungayino.cl\/noticias\/index.php?rest_route=%2Fwp%2Fv2%2Ftags&post=21313"}],"curies":[{"name":"wp","href":"https:\/\/api.w.org\/{rel}","templated":true}]}}