{"id":21317,"date":"2019-09-11T20:00:30","date_gmt":"2019-09-11T23:00:30","guid":{"rendered":"http:\/\/www.yungayino.cl\/noticias\/?p=21317"},"modified":"2019-09-11T23:23:23","modified_gmt":"2019-09-12T02:23:23","slug":"escuela-especial-de-lenguaje-y-escuela-basica-pinares-de-campanario-realizo-fiesta-folclorica-y-gastronomica","status":"publish","type":"post","link":"https:\/\/www.yungayino.cl\/noticias\/?p=21317","title":{"rendered":"Escuela Especial de Lenguaje y Escuela B\u00e1sica Pinares de Campanario Realiz\u00f3 \u201cFiesta Folcl\u00f3rica y Gastron\u00f3mica\u201d"},"content":{"rendered":"<p><img loading=\"lazy\" decoding=\"async\" class=\"alignnone size-full wp-image-21318\" src=\"http:\/\/www.yungayino.cl\/noticias\/wp-content\/uploads\/2019\/09\/pinares_fiestas_patrias_2019.jpg\" alt=\"\" width=\"700\" height=\"350\" srcset=\"https:\/\/www.yungayino.cl\/noticias\/wp-content\/uploads\/2019\/09\/pinares_fiestas_patrias_2019.jpg 700w, https:\/\/www.yungayino.cl\/noticias\/wp-content\/uploads\/2019\/09\/pinares_fiestas_patrias_2019-300x150.jpg 300w\" sizes=\"auto, (max-width: 700px) 100vw, 700px\" \/><\/p>\n<p style=\"text-align: justify;\">Campanario, mi\u00e9rcoles 11 de septiembre 2019: La Escuela Especial de Lenguaje y Escuela B\u00e1sica Pinares de Campanario, realiz\u00f3 con motivos de las Fiestas Patrias 2019, una Gran \u201cFiesta Folcl\u00f3rica y Gastron\u00f3mica\u201d.<\/p>\n<p style=\"text-align: justify;\"><iframe loading=\"lazy\" style=\"border: none; overflow: hidden;\" src=\"https:\/\/www.facebook.com\/plugins\/post.php?href=https:\/\/www.facebook.com\/yungayino.cl\/posts\/2853601664654854?__xts__%5B0%5D=68.ARC4ZGjKeeys6OmOX7XdYGaxqL_7WpQfThw_oW9x1dZvt_5ZnV44a6g_cljvvmgTO-UUaZv60w6_hO09AMpcKSY10PNL24_edBvn5QqLebjkb5a8gfLsFCyeOAG4t8E-iHvtSbZ2oGluE61vQ0DCCUIot0cuUUA5yBXbwKkY4VRdgUR7EEqtqPAvLyPpurnIUQMRSeWyMuyFdLfqPXDqXQZlXcxZ8_ixoLp8_NnvN39Kh6NLomLnZyCy0rFTFE7Rsw8_ztCo2Nbwt9Qqqtlizds3a-FMFuii-UKaVzYV8L_a86OhZFxe3rxY3RRpeYz1sN_zQfeFeDlaFNNYpKFwHMzZu8Hr0tXmwqFiehCmUdFOQl1OdcVEL5fLRa-Jvle7ioYHkRdRsWMa78qcgAQqxXVgi7XsftpafhAacvlUbw_fQLX7lR5DTxY2ZXqhzRBK2Q4Y-eOlN87pXnFZio31&amp;__tn__=-R&amp;l=a77e327dc6&amp;l=f5951f1994&amp;l=bfecbb8adf&amp;l=687b6bf5da&amp;width=500&amp;show_text=true&amp;height=691&amp;appId\" width=\"500\" height=\"691\" frameborder=\"0\" scrolling=\"no\"><\/iframe><\/p>\n<p style=\"text-align: justify;\">La actividad comenz\u00f3 con la interpretaci\u00f3n del Himno Nacional y el izamiento de nuestra bandera, la cual estuvo encabezada por su Director, Sr. Gustavo Fa\u00fandez y cont\u00f3 con la asistencia del alcalde Sr. Rafael Cifuentes, los concejales Sr. Juan Quezada y la Concejala Sra. Patricia Moncada, adem\u00e1s de Padres y Apoderados.<\/p>\n<p style=\"text-align: justify;\">Con un escenario montado para la ocasi\u00f3n los peque\u00f1os(as) realizaron variadas presentaciones art\u00edsticas y bailes tradicionales, tambi\u00e9n se destac\u00f3 la participaci\u00f3n de las t\u00edas y apoderados, quienes acompa\u00f1aron y apoyaron en todo momento a los ni\u00f1os(as) para que todo saliera hermoso.<\/p>\n<p style=\"text-align: justify;\">Finalmente terminado el acto los presentes compartieron en los diferentes stands instalados para la ocasi\u00f3n donde degustaron de ricas empanadas, sopaipillas, anticuchos, chilenitos, choripanes, mote con huesillos, dulces etc.<\/p>\n<p style=\"text-align: justify;\">[su_button url=\u00bbhttps:\/\/www.facebook.com\/pg\/yungayino.cl\/photos\/?tab=album&amp;album_id=2853601417988212&#8243; target=\u00bbblank\u00bb size=\u00bb7&#8243; radius=\u00bbround\u00bb icon=\u00bbicon: facebook-square\u00bb]FOTOGRAF\u00cdAS &#8211; Escuela Especial de Lenguaje y Escuela B\u00e1sica Pinares de Campanario Realiz\u00f3 \u201cFiesta Folcl\u00f3rica y Gastron\u00f3mica\u201d[\/su_button]<\/p>\n","protected":false},"excerpt":{"rendered":"<p>Campanario, mi\u00e9rcoles 11 de septiembre 2019: La Escuela Especial de Lenguaje y Escuela B\u00e1sica Pinares de Campanario, realiz\u00f3 con motivos de las Fiestas Patrias 2019, una Gran \u201cFiesta Folcl\u00f3rica y Gastron\u00f3mica\u201d. La actividad comenz\u00f3&#46;&#46;&#46;<\/p>\n","protected":false},"author":2,"featured_media":21318,"comment_status":"closed","ping_status":"open","sticky":false,"template":"","format":"standard","meta":{"footnotes":""},"categories":[1493,1],"tags":[31,2078,1816,1115,8,6,2077],"class_list":["post-21317","post","type-post","status-publish","format-standard","has-post-thumbnail","hentry","category-educacion","category-noticias","tag-campanario","tag-escuela-pinares","tag-fiesta-folclorica","tag-noticias","tag-yungay","tag-yungayino","tag-yungayinp-cl"],"_links":{"self":[{"href":"https:\/\/www.yungayino.cl\/noticias\/index.php?rest_route=\/wp\/v2\/posts\/21317","targetHints":{"allow":["GET"]}}],"collection":[{"href":"https:\/\/www.yungayino.cl\/noticias\/index.php?rest_route=\/wp\/v2\/posts"}],"about":[{"href":"https:\/\/www.yungayino.cl\/noticias\/index.php?rest_route=\/wp\/v2\/types\/post"}],"author":[{"embeddable":true,"href":"https:\/\/www.yungayino.cl\/noticias\/index.php?rest_route=\/wp\/v2\/users\/2"}],"replies":[{"embeddable":true,"href":"https:\/\/www.yungayino.cl\/noticias\/index.php?rest_route=%2Fwp%2Fv2%2Fcomments&post=21317"}],"version-history":[{"count":4,"href":"https:\/\/www.yungayino.cl\/noticias\/index.php?rest_route=\/wp\/v2\/posts\/21317\/revisions"}],"predecessor-version":[{"id":21322,"href":"https:\/\/www.yungayino.cl\/noticias\/index.php?rest_route=\/wp\/v2\/posts\/21317\/revisions\/21322"}],"wp:featuredmedia":[{"embeddable":true,"href":"https:\/\/www.yungayino.cl\/noticias\/index.php?rest_route=\/wp\/v2\/media\/21318"}],"wp:attachment":[{"href":"https:\/\/www.yungayino.cl\/noticias\/index.php?rest_route=%2Fwp%2Fv2%2Fmedia&parent=21317"}],"wp:term":[{"taxonomy":"category","embeddable":true,"href":"https:\/\/www.yungayino.cl\/noticias\/index.php?rest_route=%2Fwp%2Fv2%2Fcategories&post=21317"},{"taxonomy":"post_tag","embeddable":true,"href":"https:\/\/www.yungayino.cl\/noticias\/index.php?rest_route=%2Fwp%2Fv2%2Ftags&post=21317"}],"curies":[{"name":"wp","href":"https:\/\/api.w.org\/{rel}","templated":true}]}}