{"id":21329,"date":"2019-09-12T19:00:22","date_gmt":"2019-09-12T22:00:22","guid":{"rendered":"http:\/\/www.yungayino.cl\/noticias\/?p=21329"},"modified":"2019-09-12T19:33:53","modified_gmt":"2019-09-12T22:33:53","slug":"escuela-fernando-baquedano-de-yungay-realizo-vii-version-de-la-fiesta-de-la-ciudadania","status":"publish","type":"post","link":"https:\/\/www.yungayino.cl\/noticias\/?p=21329","title":{"rendered":"Escuela Fernando Baquedano de Yungay Realiz\u00f3 \u201cVII Versi\u00f3n de la Fiesta de la Ciudadan\u00eda\u201d"},"content":{"rendered":"<p><img loading=\"lazy\" decoding=\"async\" class=\"alignnone size-full wp-image-21330\" src=\"http:\/\/www.yungayino.cl\/noticias\/wp-content\/uploads\/2019\/09\/fiesta_ciudadania_2019.jpg\" alt=\"\" width=\"700\" height=\"350\" srcset=\"https:\/\/www.yungayino.cl\/noticias\/wp-content\/uploads\/2019\/09\/fiesta_ciudadania_2019.jpg 700w, https:\/\/www.yungayino.cl\/noticias\/wp-content\/uploads\/2019\/09\/fiesta_ciudadania_2019-300x150.jpg 300w\" sizes=\"auto, (max-width: 700px) 100vw, 700px\" \/><\/p>\n<p style=\"text-align: justify;\">Yungay, jueves 12 de septiembre 2019: La Escuela Fernando Baquedano realiz\u00f3 una nueva versi\u00f3n de la \u201cFiesta de la Ciudadan\u00eda\u201d, la cual se llev\u00f3 a cabo en el Ode\u00f3n de la Plaza Iquique de nuestra comuna y cont\u00f3 con una muy destacada participaci\u00f3n.<\/p>\n<p style=\"text-align: justify;\"><iframe loading=\"lazy\" style=\"border: none; overflow: hidden;\" src=\"https:\/\/www.facebook.com\/plugins\/post.php?href=https:\/\/www.facebook.com\/yungayino.cl\/posts\/2855318291149858?__xts__%5B0%5D=68.ARBIrZh1mbGctzdKiL7rqlZ5bFuveYugL-6eYss8jmMKrxxG8huduN2s_tBYqR-3Y-rf6UxzJHwcWt73k79mk_hDbTGv0hdWiUtWzhPKYRwPVrE9dEVgYCRbmHDxLXkUYrtD1yWo5_XidYYSdZLgbbXB5jjLJCo_vIDpxFnGUEXMlvVCtuhX99bZeaf92Rw04e45yK9QsUER1p0dGCJsOCpjzJ-yJfL2to5OzOHE18C4hgpV3oPBMTj4bVKJx8jKKIffyrRERseSu-sbl-DMFglcCpCAP7nlLNqB_nqg7l2YOZ8hQBrH4N0yhHJM78oOvJymhzJ5L4TrRvqOWMh7cN2WD4mT1t2w6cTyNtBJe_PZPtjw1GqOeOqeKNauCNkvlObR05FZRf536-jBTPeYCedQjPQKbE1Bj8FMJks5bSgrvtEgxsBueikFWMU1Hj7rbsmFT1wueX_efNWBNnNi&amp;__tn__=-R&amp;l=a77e327dc6&amp;l=f5951f1994&amp;l=bfecbb8adf&amp;l=687b6bf5da&amp;width=500&amp;show_text=true&amp;height=691&amp;appId\" width=\"500\" height=\"691\" frameborder=\"0\" scrolling=\"no\"><\/iframe><\/p>\n<p>&nbsp;<\/p>\n<p style=\"text-align: justify;\">La actividad se inici\u00f3 con una comparsa a la usanza del a\u00f1o 1810 ofreciendo un viaje a la retrospectiva del tiempo y nuestra historia con la participaci\u00f3n de parejas de la \u00e9poca, para luego interpretar el Himno Nacional, continuando con el paso a las presentaciones de n\u00fameros art\u00edsticos preparados especialmente por los alumnos, donde el p\u00fablico e invitados aplaudieron las hermosas coreograf\u00edas art\u00edsticas de los alumnos(as).<\/p>\n<p style=\"text-align: justify;\">Finalmente se\u00f1alar que la actividad cont\u00f3 con la asistencia del alcalde Sr. Rafael Cifuentes Rodr\u00edguez, el Director Sr. Zoilo Irarrazabal, Concejales, Autoridades Locales, Apoderados y P\u00fablico en General, quienes tambi\u00e9n participaron bailando cuecas ciudadanas en honor a la Patria, junto a los bailarines de la agrupaci\u00f3n COFOCEYU.<\/p>\n<p style=\"text-align: justify;\">[su_button url=\u00bbhttps:\/\/www.facebook.com\/pg\/yungayino.cl\/photos\/?tab=album&amp;album_id=2855315517816802&#8243; target=\u00bbblank\u00bb size=\u00bb7&#8243; radius=\u00bbround\u00bb icon=\u00bbicon: facebook-square\u00bb]FOTOGRAF\u00cdAS &#8211; Escuela Fernando Baquedano de Yungay Realiz\u00f3 \u201cVII Versi\u00f3n de la Fiesta de la Ciudadan\u00eda\u201d[\/su_button]<\/p>\n","protected":false},"excerpt":{"rendered":"<p>Yungay, jueves 12 de septiembre 2019: La Escuela Fernando Baquedano realiz\u00f3 una nueva versi\u00f3n de la \u201cFiesta de la Ciudadan\u00eda\u201d, la cual se llev\u00f3 a cabo en el Ode\u00f3n de la Plaza Iquique de&#46;&#46;&#46;<\/p>\n","protected":false},"author":2,"featured_media":21330,"comment_status":"closed","ping_status":"open","sticky":false,"template":"","format":"standard","meta":{"footnotes":""},"categories":[1493,5,1],"tags":[190,940,1115,8,6,117],"class_list":["post-21329","post","type-post","status-publish","format-standard","has-post-thumbnail","hentry","category-educacion","category-eventos","category-noticias","tag-escuela-fernando-baquedano","tag-fiesta-de-la-ciudadania","tag-noticias","tag-yungay","tag-yungayino","tag-yungayinocl"],"_links":{"self":[{"href":"https:\/\/www.yungayino.cl\/noticias\/index.php?rest_route=\/wp\/v2\/posts\/21329","targetHints":{"allow":["GET"]}}],"collection":[{"href":"https:\/\/www.yungayino.cl\/noticias\/index.php?rest_route=\/wp\/v2\/posts"}],"about":[{"href":"https:\/\/www.yungayino.cl\/noticias\/index.php?rest_route=\/wp\/v2\/types\/post"}],"author":[{"embeddable":true,"href":"https:\/\/www.yungayino.cl\/noticias\/index.php?rest_route=\/wp\/v2\/users\/2"}],"replies":[{"embeddable":true,"href":"https:\/\/www.yungayino.cl\/noticias\/index.php?rest_route=%2Fwp%2Fv2%2Fcomments&post=21329"}],"version-history":[{"count":2,"href":"https:\/\/www.yungayino.cl\/noticias\/index.php?rest_route=\/wp\/v2\/posts\/21329\/revisions"}],"predecessor-version":[{"id":21332,"href":"https:\/\/www.yungayino.cl\/noticias\/index.php?rest_route=\/wp\/v2\/posts\/21329\/revisions\/21332"}],"wp:featuredmedia":[{"embeddable":true,"href":"https:\/\/www.yungayino.cl\/noticias\/index.php?rest_route=\/wp\/v2\/media\/21330"}],"wp:attachment":[{"href":"https:\/\/www.yungayino.cl\/noticias\/index.php?rest_route=%2Fwp%2Fv2%2Fmedia&parent=21329"}],"wp:term":[{"taxonomy":"category","embeddable":true,"href":"https:\/\/www.yungayino.cl\/noticias\/index.php?rest_route=%2Fwp%2Fv2%2Fcategories&post=21329"},{"taxonomy":"post_tag","embeddable":true,"href":"https:\/\/www.yungayino.cl\/noticias\/index.php?rest_route=%2Fwp%2Fv2%2Ftags&post=21329"}],"curies":[{"name":"wp","href":"https:\/\/api.w.org\/{rel}","templated":true}]}}