{"id":21344,"date":"2019-09-14T00:00:52","date_gmt":"2019-09-14T03:00:52","guid":{"rendered":"http:\/\/www.yungayino.cl\/noticias\/?p=21344"},"modified":"2019-09-14T01:36:02","modified_gmt":"2019-09-14T04:36:02","slug":"comunidad-de-campanario-participo-del-tedeum-acto-civico-desfile-y-vino-de-honor-en-fiestas-patrias-2019","status":"publish","type":"post","link":"https:\/\/www.yungayino.cl\/noticias\/?p=21344","title":{"rendered":"Comunidad de Campanario Particip\u00f3 del Tedeum, Acto C\u00edvico, Desfile y Vino de Honor en Fiestas Patrias 2019"},"content":{"rendered":"<p><img loading=\"lazy\" decoding=\"async\" class=\"alignnone size-full wp-image-21345\" src=\"http:\/\/www.yungayino.cl\/noticias\/wp-content\/uploads\/2019\/09\/desfile_campanario_2019.jpg\" alt=\"\" width=\"700\" height=\"350\" srcset=\"https:\/\/www.yungayino.cl\/noticias\/wp-content\/uploads\/2019\/09\/desfile_campanario_2019.jpg 700w, https:\/\/www.yungayino.cl\/noticias\/wp-content\/uploads\/2019\/09\/desfile_campanario_2019-300x150.jpg 300w\" sizes=\"auto, (max-width: 700px) 100vw, 700px\" \/><\/p>\n<p style=\"text-align: justify;\">Campanario, s\u00e1bado 14 de septiembre 2019: La comunidad de Campanario particip\u00f3 activamente del Acto C\u00edvico y Desfile, en homenaje a un nuevo aniversario de la Independencia de Chile.<\/p>\n<p style=\"text-align: justify;\"><iframe loading=\"lazy\" style=\"border: none; overflow: hidden;\" src=\"https:\/\/www.facebook.com\/plugins\/post.php?href=https:\/\/www.facebook.com\/yungayino.cl\/posts\/2857869080894779?__xts__%5B0%5D=68.ARD4uchpysajimbidRC-Xk2xnvXtgP5Xf-GC1Snro8c0MViu1U0A90-s3wVXKmLQFq4fs03LsU_RU8Hgg1ciAvh2UsRQucniyJsByb91uoe-uVfiuKd92QHfD_C13nJm6ObFIUH-o3gZnW6SJxa5wcWAadJJJi5xZIEAkZBP4fmClBX8_Ai1bfdMxhVnSwGuJk6cOHewddxHUmQ8TzwVEJbfTaUULAqtPEMrYrG4X6XPhmjO-wciEgYrvizt84MPPJ0NjDly6U5Je1BBGDdTwDLqalRxMVBuNRNK_dOVAIVhaxP45letznBEdIz7VMpiSbSFEvgYyocqYgYNHj72aXqfHepNvlvxBQhew-sxU7emuIYJCdK6LvsQANAlgKTkYgfZk4vHICga46zeI7wfAl0ZSMtIB8CNKjKDmgY4iWXte589h5yNEHFB41O8zaob8jVjtg4XthK7oj-ZjWwg&amp;__tn__=-R&amp;l=a77e327dc6&amp;l=f5951f1994&amp;l=bfecbb8adf&amp;l=687b6bf5da&amp;width=500&amp;show_text=true&amp;height=691&amp;appId\" width=\"500\" height=\"691\" frameborder=\"0\" scrolling=\"no\"><\/iframe><\/p>\n<p>&nbsp;<\/p>\n<p>&nbsp;<\/p>\n<p style=\"text-align: justify;\">La jornada se inici\u00f3 a las 10:00 horas con Te Deum en la Capilla San Jos\u00e9, para luego ver el recorrido por las calles de la Banda Escolar de Yungay y posicionarse frente al Gimnasio de Campanario, donde esperaban cientos de asistentes para disfrutar del acto c\u00edvico y desfile.<\/p>\n<p style=\"text-align: justify;\">La jornada estuvo encabezada por el Administrador Municipal Sr. Felipe Lagos, qui\u00e9n en compa\u00f1\u00eda del Concejo Municipal, autoridades locales e invitados especiales vieron como las agrupaciones de Adultos Mayores, Clubes Deportivos, Unidades Educativas, Bomberos, Funcionarios P\u00fablico y Clubes de Huasos, entre otras organizaciones desfilaron de manera impecable a los sones de la Banda de Guerra de Yungay.<\/p>\n<p style=\"text-align: justify;\">Terminado el acto y desfile las autoridades y p\u00fablico se trasladaron al Gimnasio Multiuso para realizar el tradicional vino de honor, donde se cont\u00f3 con la asistencia del alcalde Sr. Rafael Cifuentes Rodr\u00edguez, qui\u00e9n se encontraba en Chill\u00e1n participando en la ceremonia de entrega de Fondos de Fortalecimiento a la Educaci\u00f3n P\u00fablica, favoreciendo a nuestra comuna con una inversi\u00f3n de m\u00e1s de 158 millones de pesos para la reparaci\u00f3n total del gimnasio de la Escuela Fernando Baquedano.<\/p>\n<p style=\"text-align: justify;\">[su_button url=\u00bbhttps:\/\/www.facebook.com\/pg\/yungayino.cl\/photos\/?tab=album&amp;album_id=2857863617561992&#8243; target=\u00bbblank\u00bb size=\u00bb7&#8243; radius=\u00bbround\u00bb icon=\u00bbicon: facebook-square\u00bb]FOTOGRAF\u00cdAS &#8211; Comunidad de Campanario Particip\u00f3 del Tedeum, Acto C\u00edvico, Desfile y Vino de Honor en Fiestas Patrias 2019[\/su_button]<\/p>\n","protected":false},"excerpt":{"rendered":"<p>Campanario, s\u00e1bado 14 de septiembre 2019: La comunidad de Campanario particip\u00f3 activamente del Acto C\u00edvico y Desfile, en homenaje a un nuevo aniversario de la Independencia de Chile. &nbsp; &nbsp; La jornada se inici\u00f3&#46;&#46;&#46;<\/p>\n","protected":false},"author":2,"featured_media":21345,"comment_status":"closed","ping_status":"open","sticky":false,"template":"","format":"standard","meta":{"footnotes":""},"categories":[5,1],"tags":[947,31,528,1115,8,6,117],"class_list":["post-21344","post","type-post","status-publish","format-standard","has-post-thumbnail","hentry","category-eventos","category-noticias","tag-acto-y-desfile","tag-campanario","tag-fiestas-patrias","tag-noticias","tag-yungay","tag-yungayino","tag-yungayinocl"],"_links":{"self":[{"href":"https:\/\/www.yungayino.cl\/noticias\/index.php?rest_route=\/wp\/v2\/posts\/21344","targetHints":{"allow":["GET"]}}],"collection":[{"href":"https:\/\/www.yungayino.cl\/noticias\/index.php?rest_route=\/wp\/v2\/posts"}],"about":[{"href":"https:\/\/www.yungayino.cl\/noticias\/index.php?rest_route=\/wp\/v2\/types\/post"}],"author":[{"embeddable":true,"href":"https:\/\/www.yungayino.cl\/noticias\/index.php?rest_route=\/wp\/v2\/users\/2"}],"replies":[{"embeddable":true,"href":"https:\/\/www.yungayino.cl\/noticias\/index.php?rest_route=%2Fwp%2Fv2%2Fcomments&post=21344"}],"version-history":[{"count":4,"href":"https:\/\/www.yungayino.cl\/noticias\/index.php?rest_route=\/wp\/v2\/posts\/21344\/revisions"}],"predecessor-version":[{"id":21349,"href":"https:\/\/www.yungayino.cl\/noticias\/index.php?rest_route=\/wp\/v2\/posts\/21344\/revisions\/21349"}],"wp:featuredmedia":[{"embeddable":true,"href":"https:\/\/www.yungayino.cl\/noticias\/index.php?rest_route=\/wp\/v2\/media\/21345"}],"wp:attachment":[{"href":"https:\/\/www.yungayino.cl\/noticias\/index.php?rest_route=%2Fwp%2Fv2%2Fmedia&parent=21344"}],"wp:term":[{"taxonomy":"category","embeddable":true,"href":"https:\/\/www.yungayino.cl\/noticias\/index.php?rest_route=%2Fwp%2Fv2%2Fcategories&post=21344"},{"taxonomy":"post_tag","embeddable":true,"href":"https:\/\/www.yungayino.cl\/noticias\/index.php?rest_route=%2Fwp%2Fv2%2Ftags&post=21344"}],"curies":[{"name":"wp","href":"https:\/\/api.w.org\/{rel}","templated":true}]}}