{"id":21350,"date":"2019-09-15T15:00:12","date_gmt":"2019-09-15T18:00:12","guid":{"rendered":"http:\/\/www.yungayino.cl\/noticias\/?p=21350"},"modified":"2019-09-15T18:59:25","modified_gmt":"2019-09-15T21:59:25","slug":"te-deum-evangelico-con-motivo-de-fiestas-patrias-2019-se-realizo-en-templo-la-canada","status":"publish","type":"post","link":"https:\/\/www.yungayino.cl\/noticias\/?p=21350","title":{"rendered":"Te Deum Evang\u00e9lico con Motivo de Fiestas Patrias 2019 se Realiz\u00f3 en Templo La Ca\u00f1ada"},"content":{"rendered":"<p><img loading=\"lazy\" decoding=\"async\" class=\"alignnone size-full wp-image-21351\" src=\"http:\/\/www.yungayino.cl\/noticias\/wp-content\/uploads\/2019\/09\/tedeum_la_ca\u00f1ada_2019.jpg\" alt=\"\" width=\"700\" height=\"357\" srcset=\"https:\/\/www.yungayino.cl\/noticias\/wp-content\/uploads\/2019\/09\/tedeum_la_ca\u00f1ada_2019.jpg 700w, https:\/\/www.yungayino.cl\/noticias\/wp-content\/uploads\/2019\/09\/tedeum_la_ca\u00f1ada_2019-300x153.jpg 300w, https:\/\/www.yungayino.cl\/noticias\/wp-content\/uploads\/2019\/09\/tedeum_la_ca\u00f1ada_2019-294x150.jpg 294w\" sizes=\"auto, (max-width: 700px) 100vw, 700px\" \/><\/p>\n<p style=\"text-align: justify;\">Yungay, domingo 15 de septiembre 2019: Con motivo de celebrar un nuevo Aniversario de la Independencia de Chile, se llev\u00f3 a cabo este domingo 15 de septiembre a partir de las 10:30 horas un Culto de Acci\u00f3n de Gracias Evang\u00e9lico Comunal en el Templo La Ca\u00f1ada.<\/p>\n<p style=\"text-align: justify;\"><iframe loading=\"lazy\" style=\"border: none; overflow: hidden;\" src=\"https:\/\/www.facebook.com\/plugins\/post.php?href=https:\/\/www.facebook.com\/yungayino.cl\/posts\/2861598913855129?__xts__%5B0%5D=68.ARDqlDtB7rXbqqgePQKf4cYqh9-gVbgpfOs9PvuvQ653eWJKBVv7vcQaPNQIZO4HEVlcr6GTT1ju4qXT02iDlW9imk5cIp1PVYHQ684AeBuwdsoLUsZQkTfymBeJADE5b6VPNt21PtIWQge_ZlQPlmbz6JipDfv6l12AHorCIHbt87Ok3RWMUORBF4pDPz4YpOJqpacJ2nTprQcumz9x-t6WZsA3k2cklgRxiGAbAZgZ6_pJSbSWvwWzkD2RlRN50i3THgVjEBKjhTp8yJ6-c3Kjnk_56FwYn7Sbv2H_FsQ5hsUV7h8egSS3tareL2OCmjX42ZTcfZG7oneIuHpSLMSIxAR0sBiL-hK2uECXcug0LolEVy1t3iHUA-3VZxpQ1guH3J0lSwSwC9U66UQKnUoJDam6UdeuWQbA6CxBcGOoMtwSgRPx3sKNimzxz3_RZfhPTn4KcNOKbu_RREOy&amp;__tn__=-R&amp;l=a77e327dc6&amp;l=f5951f1994&amp;l=bfecbb8adf&amp;l=687b6bf5da&amp;width=500&amp;show_text=true&amp;height=691&amp;appId\" width=\"500\" height=\"691\" frameborder=\"0\" scrolling=\"no\"><\/iframe><\/p>\n<p>&nbsp;<\/p>\n<p>&nbsp;<\/p>\n<p style=\"text-align: justify;\">En la homil\u00eda, los diferentes pastores presentes, llamaron a \u201corar por nuestra naci\u00f3n y sus autoridades\u201d, adem\u00e1s en la ocasi\u00f3n tambi\u00e9n se efectuaron un conjunto de oraciones de acci\u00f3n de gracias por la comuna y su comunidad.<\/p>\n<p style=\"text-align: justify;\">En el oficio religioso estuvo presente el Alcalde Sr. Rafael Cifuentes y su Sra. Sandra Mart\u00ednez, adem\u00e1s de Concejales, Pastores y autoridades locales.<\/p>\n<p style=\"text-align: justify;\">Finalmente destacar que las pr\u00e9dicas, canciones y alabanzas fueron acompa\u00f1adas durante toda la ceremonia por el Coro Instrumental.<\/p>\n<p style=\"text-align: justify;\">[su_button url=\u00bbhttps:\/\/www.facebook.com\/pg\/yungayino.cl\/photos\/?tab=album&amp;album_id=2861595377188816&#8243; target=\u00bbblank\u00bb size=\u00bb7&#8243; radius=\u00bbround\u00bb icon=\u00bbicon: facebook-square\u00bb]FOTOGRAF\u00cdAS &#8211; Te Deum Evang\u00e9lico con Motivo de Fiestas Patrias 2019 se Realiz\u00f3 en Templo La Ca\u00f1ada[\/su_button]<\/p>\n","protected":false},"excerpt":{"rendered":"<p>Yungay, domingo 15 de septiembre 2019: Con motivo de celebrar un nuevo Aniversario de la Independencia de Chile, se llev\u00f3 a cabo este domingo 15 de septiembre a partir de las 10:30 horas un&#46;&#46;&#46;<\/p>\n","protected":false},"author":2,"featured_media":21351,"comment_status":"closed","ping_status":"open","sticky":false,"template":"","format":"standard","meta":{"footnotes":""},"categories":[1],"tags":[1115,530,2080,8,6,117],"class_list":["post-21350","post","type-post","status-publish","format-standard","has-post-thumbnail","hentry","category-noticias","tag-noticias","tag-te-deum","tag-templo-la-canada","tag-yungay","tag-yungayino","tag-yungayinocl"],"_links":{"self":[{"href":"https:\/\/www.yungayino.cl\/noticias\/index.php?rest_route=\/wp\/v2\/posts\/21350","targetHints":{"allow":["GET"]}}],"collection":[{"href":"https:\/\/www.yungayino.cl\/noticias\/index.php?rest_route=\/wp\/v2\/posts"}],"about":[{"href":"https:\/\/www.yungayino.cl\/noticias\/index.php?rest_route=\/wp\/v2\/types\/post"}],"author":[{"embeddable":true,"href":"https:\/\/www.yungayino.cl\/noticias\/index.php?rest_route=\/wp\/v2\/users\/2"}],"replies":[{"embeddable":true,"href":"https:\/\/www.yungayino.cl\/noticias\/index.php?rest_route=%2Fwp%2Fv2%2Fcomments&post=21350"}],"version-history":[{"count":4,"href":"https:\/\/www.yungayino.cl\/noticias\/index.php?rest_route=\/wp\/v2\/posts\/21350\/revisions"}],"predecessor-version":[{"id":21355,"href":"https:\/\/www.yungayino.cl\/noticias\/index.php?rest_route=\/wp\/v2\/posts\/21350\/revisions\/21355"}],"wp:featuredmedia":[{"embeddable":true,"href":"https:\/\/www.yungayino.cl\/noticias\/index.php?rest_route=\/wp\/v2\/media\/21351"}],"wp:attachment":[{"href":"https:\/\/www.yungayino.cl\/noticias\/index.php?rest_route=%2Fwp%2Fv2%2Fmedia&parent=21350"}],"wp:term":[{"taxonomy":"category","embeddable":true,"href":"https:\/\/www.yungayino.cl\/noticias\/index.php?rest_route=%2Fwp%2Fv2%2Fcategories&post=21350"},{"taxonomy":"post_tag","embeddable":true,"href":"https:\/\/www.yungayino.cl\/noticias\/index.php?rest_route=%2Fwp%2Fv2%2Ftags&post=21350"}],"curies":[{"name":"wp","href":"https:\/\/api.w.org\/{rel}","templated":true}]}}