{"id":21356,"date":"2019-09-16T20:00:55","date_gmt":"2019-09-16T23:00:55","guid":{"rendered":"http:\/\/www.yungayino.cl\/noticias\/?p=21356"},"modified":"2019-09-16T21:35:09","modified_gmt":"2019-09-17T00:35:09","slug":"jardin-infantil-rayo-de-luna-de-yungay-celebro-fiestas-patrias-2019","status":"publish","type":"post","link":"https:\/\/www.yungayino.cl\/noticias\/?p=21356","title":{"rendered":"Jard\u00edn Infantil \u201cRayo de Luna\u201d de Yungay Celebr\u00f3 Fiestas Patrias 2019"},"content":{"rendered":"<p><img loading=\"lazy\" decoding=\"async\" class=\"alignnone size-full wp-image-21357\" src=\"http:\/\/www.yungayino.cl\/noticias\/wp-content\/uploads\/2019\/09\/rayo_de_luna_pe\u00f1a_folclorica_2019.jpg\" alt=\"\" width=\"700\" height=\"350\" srcset=\"https:\/\/www.yungayino.cl\/noticias\/wp-content\/uploads\/2019\/09\/rayo_de_luna_pe\u00f1a_folclorica_2019.jpg 700w, https:\/\/www.yungayino.cl\/noticias\/wp-content\/uploads\/2019\/09\/rayo_de_luna_pe\u00f1a_folclorica_2019-300x150.jpg 300w\" sizes=\"auto, (max-width: 700px) 100vw, 700px\" \/><\/p>\n<p style=\"text-align: justify;\">Yungay, lunes 16 de septiembre 2019: Con la participaci\u00f3n de los ni\u00f1os(as), t\u00edas, padres y apoderados, el Jard\u00edn Infantil \u201cRayo de Luna\u201d organiz\u00f3 su Quinta Pe\u00f1a Folcl\u00f3rica con motivo de celebrar las Fiestas Patrias 2019.<\/p>\n<p style=\"text-align: justify;\"><iframe loading=\"lazy\" style=\"border: none; overflow: hidden;\" src=\"https:\/\/www.facebook.com\/plugins\/post.php?href=https:\/\/www.facebook.com\/yungayino.cl\/posts\/2863700606978293?__xts__%5B0%5D=68.ARAW72QC6HY24BpmK4HRfoeh5Y2VYfTeZMPkTJJnMXkpNWdoubPRgatsImYktV-mNpze9aDilKnJaSg2Vm_bl_CzcMEfTmFAeflb-PM3CSzRdNpYHA_4g7ZfVFwM_-x9nvgtXmLk9fkUQ4F-c2-weFVNYyEfzzBMiinebABoPpzawn4MDWHvIZ7EYYhQRQg4UYA4VZIkXli7zHPy5esHkbHMnL1rmxtoA39ZICtkUbX_4pHQIH8jypoEQ7cKdRbf3A_K72JRBxgp_YMnZ2Cf1GvH3IUOEHuZDEfFNprmnpKyPSS_pOHwFGInRrAtT2wqq7SnhWT2fi81wCbmog9F86hZndV33OMuOJ13hpQj54UBw-02avZj8m81OzcUpaZIibnae4_4RVlv3U3PJK-O5Etp1y_dPlKjy-xJVpmqd-e9RNh9VW3VdT1xTUrIOWOgIOb1e4N-ihreDTKktpuZ&amp;__tn__=-R&amp;l=a77e327dc6&amp;l=f5951f1994&amp;l=bfecbb8adf&amp;l=687b6bf5da&amp;width=500&amp;show_text=true&amp;height=691&amp;appId\" width=\"500\" height=\"691\" frameborder=\"0\" scrolling=\"no\"><\/iframe><\/p>\n<p style=\"text-align: justify;\">La jornada se inici\u00f3 con la entonaci\u00f3n del himno nacional en el frontis del jard\u00edn, siendo decorado para que los peque\u00f1os se lucieran con sus trajes t\u00edpicos, adem\u00e1s de realizar presentaciones art\u00edsticas, las cuales fueron disfrutadas con mucho entusiasmo por el p\u00fablico presente.<\/p>\n<p style=\"text-align: justify;\">Tambi\u00e9n destacar que se cont\u00f3 con la animaci\u00f3n de la Concejala Sra. Patricia Moncada, quien present\u00f3 a los Grupos \u201cPasi\u00f3n Cuequera\u201d, \u201cAndalic\u00e1n\u201d y \u201cCofoceyu\u201d, quienes recibieron de manos de la Directora del Jard\u00edn Srta. Yenny Cuiti\u00f1o O\u00f1ate un reconocimiento por su destacada participaci\u00f3n.<\/p>\n<p style=\"text-align: justify;\">Finalmente mencionar que tambi\u00e9n asistieron el alcalde Sr. Rafael Cifuentes, el Concejal Sr. Rodrigo Stuardo y p\u00fablico en general.<\/p>\n<p style=\"text-align: justify;\">[su_button url=\u00bbhttps:\/\/www.facebook.com\/pg\/yungayino.cl\/photos\/?tab=album&amp;album_id=2863690820312605&#8243; target=\u00bbblank\u00bb size=\u00bb7&#8243; radius=\u00bbround\u00bb icon=\u00bbicon: facebook-square\u00bb]FOTOGRAF\u00cdAS &#8211; Jard\u00edn Infantil \u201cRayo de Luna\u201d de Yungay Celebr\u00f3 Fiestas Patrias 2019[\/su_button]<\/p>\n","protected":false},"excerpt":{"rendered":"<p>Yungay, lunes 16 de septiembre 2019: Con la participaci\u00f3n de los ni\u00f1os(as), t\u00edas, padres y apoderados, el Jard\u00edn Infantil \u201cRayo de Luna\u201d organiz\u00f3 su Quinta Pe\u00f1a Folcl\u00f3rica con motivo de celebrar las Fiestas Patrias&#46;&#46;&#46;<\/p>\n","protected":false},"author":2,"featured_media":21357,"comment_status":"closed","ping_status":"open","sticky":false,"template":"","format":"standard","meta":{"footnotes":""},"categories":[5,1],"tags":[1115,942,1435,8,6,117],"class_list":["post-21356","post","type-post","status-publish","format-standard","has-post-thumbnail","hentry","category-eventos","category-noticias","tag-noticias","tag-pena-folclorica","tag-rayo-de-luna","tag-yungay","tag-yungayino","tag-yungayinocl"],"_links":{"self":[{"href":"https:\/\/www.yungayino.cl\/noticias\/index.php?rest_route=\/wp\/v2\/posts\/21356","targetHints":{"allow":["GET"]}}],"collection":[{"href":"https:\/\/www.yungayino.cl\/noticias\/index.php?rest_route=\/wp\/v2\/posts"}],"about":[{"href":"https:\/\/www.yungayino.cl\/noticias\/index.php?rest_route=\/wp\/v2\/types\/post"}],"author":[{"embeddable":true,"href":"https:\/\/www.yungayino.cl\/noticias\/index.php?rest_route=\/wp\/v2\/users\/2"}],"replies":[{"embeddable":true,"href":"https:\/\/www.yungayino.cl\/noticias\/index.php?rest_route=%2Fwp%2Fv2%2Fcomments&post=21356"}],"version-history":[{"count":4,"href":"https:\/\/www.yungayino.cl\/noticias\/index.php?rest_route=\/wp\/v2\/posts\/21356\/revisions"}],"predecessor-version":[{"id":21361,"href":"https:\/\/www.yungayino.cl\/noticias\/index.php?rest_route=\/wp\/v2\/posts\/21356\/revisions\/21361"}],"wp:featuredmedia":[{"embeddable":true,"href":"https:\/\/www.yungayino.cl\/noticias\/index.php?rest_route=\/wp\/v2\/media\/21357"}],"wp:attachment":[{"href":"https:\/\/www.yungayino.cl\/noticias\/index.php?rest_route=%2Fwp%2Fv2%2Fmedia&parent=21356"}],"wp:term":[{"taxonomy":"category","embeddable":true,"href":"https:\/\/www.yungayino.cl\/noticias\/index.php?rest_route=%2Fwp%2Fv2%2Fcategories&post=21356"},{"taxonomy":"post_tag","embeddable":true,"href":"https:\/\/www.yungayino.cl\/noticias\/index.php?rest_route=%2Fwp%2Fv2%2Ftags&post=21356"}],"curies":[{"name":"wp","href":"https:\/\/api.w.org\/{rel}","templated":true}]}}