{"id":21387,"date":"2019-09-22T21:00:23","date_gmt":"2019-09-23T00:00:23","guid":{"rendered":"http:\/\/www.yungayino.cl\/noticias\/?p=21387"},"modified":"2019-09-22T22:13:22","modified_gmt":"2019-09-23T01:13:22","slug":"club-de-cueca-pasion-cuequera-realizo-gala-folclorica","status":"publish","type":"post","link":"https:\/\/www.yungayino.cl\/noticias\/?p=21387","title":{"rendered":"Club de Cueca \u201cPasi\u00f3n Cuequera\u201d Realiz\u00f3 Gala Folcl\u00f3rica"},"content":{"rendered":"<p><img loading=\"lazy\" decoding=\"async\" class=\"alignnone size-full wp-image-21388\" src=\"http:\/\/www.yungayino.cl\/noticias\/wp-content\/uploads\/2019\/09\/gala_pasion_cuequera_2019.jpg\" alt=\"\" width=\"700\" height=\"350\" srcset=\"https:\/\/www.yungayino.cl\/noticias\/wp-content\/uploads\/2019\/09\/gala_pasion_cuequera_2019.jpg 700w, https:\/\/www.yungayino.cl\/noticias\/wp-content\/uploads\/2019\/09\/gala_pasion_cuequera_2019-300x150.jpg 300w\" sizes=\"auto, (max-width: 700px) 100vw, 700px\" \/><\/p>\n<p style=\"text-align: justify;\">Yungay, septiembre 2019: Una destacada Gala Folcl\u00f3rica realiz\u00f3 ayer s\u00e1bado 21 de septiembre el Club de Cueca <strong>\u201cPasi\u00f3n Cuequera\u201d <\/strong>de Yungay, la cual se llev\u00f3 a cabo a partir de las 19:30 horas en las dependencias de Sal\u00f3n Multiuso.<\/p>\n<p style=\"text-align: justify;\">La impecable presentaci\u00f3n del club deleit\u00f3 al p\u00fablico y autoridades presentes, todo en el marco de su Proyecto \u201cCultivando Nuestras Danzas Tradicionales\u201d, iniciativa que fue financiada con la Subvenci\u00f3n 2% de la Cultura del Gobierno Regional del Bio Bio.<\/p>\n<p style=\"text-align: justify;\"><iframe loading=\"lazy\" style=\"border: none; overflow: hidden;\" src=\"https:\/\/www.facebook.com\/plugins\/post.php?href=https:\/\/www.facebook.com\/yungayino.cl\/posts\/2876040129077674?__xts__%5B0%5D=68.ARBWL92Nzxk-MaeFnO1UGulE65t0c3bp2vVpFrrX4u9QGRUB6bxVRnTLZrEm-2USkzPhFJfpiL54bTzM0LHTeVwRay0K1-zo0n8WxFZ1sUlza_vXHK29LVqlN1KdOJggw3sTqVHDeZhE-Tr2pbEq6wEePBb5RCqE9IC3TWZ7SHhpN5KszrK_g88zq7lK6VloCdpUtmwkxQaU69nnQ4vcmKgKg_kXepX8Qp3w8NBX9WZImkUReS682UwlvKvPRdbpg-sZz57qRwFw1oNf7LtUqNTJmPmWYyGhdTCDcRMzF1Ah6NujAPrJOmAnE8WGjB8vVCJZgIpDTd8P7Zi6gyLuGos38O2AL_ePCHquSoGha1WVzAII8MEhKrq_TaL1JTTeHl2BnTlZgVh4J7ppt1uciLhaQNwEgDufL-negs_4p0WYdZLZwqOtufrxmjl6WDHTZmjWJEMj2obua_JR-L1k&amp;__tn__=-R&amp;l=a77e327dc6&amp;l=f5951f1994&amp;l=bfecbb8adf&amp;l=687b6bf5da&amp;width=500&amp;show_text=true&amp;height=691&amp;appId\" width=\"500\" height=\"691\" frameborder=\"0\" scrolling=\"no\"><\/iframe><\/p>\n<p style=\"text-align: justify;\"><strong>Srta. Ingrid O\u00f1ate<\/strong>, Presidenta del Club de Cueca \u201cPasi\u00f3n Cuequera\u201d, se\u00f1alo al Equipo del Portal Yungayino.cl, que la presentaci\u00f3n fue todo un \u00e9xito y agradeci\u00f3 a todos los integrantes por la hermosa presentaci\u00f3n, donde pudieron mostrar su trabajo art\u00edstico a los presentes, destacando que el club va a cumplir 13 a\u00f1os de vida el 13 de noviembre, y en la actualidad est\u00e1 formado por ni\u00f1os(as) y adolescentes de 4 a 18 a\u00f1os, cuyos monitores son la Srta. Alejandra Cifuentes y el Sr. Edgar Mu\u00f1oz, adem\u00e1s su directiva tambi\u00e9n est\u00e1 compuesta por la Sra. Astrid Hern\u00e1ndez, tesorera y la\u00a0 Srta. Yoselin Herrera como secretaria. Tambi\u00e9n destac\u00f3 la participaci\u00f3n especial del Conjunto Continental Tangaroa de Concepci\u00f3n, quienes mostraron a los presentes con sus danzas y m\u00fasica propia de la cultura Rapanui.<\/p>\n<p style=\"text-align: justify;\">Finalmente al t\u00e9rmino de la presentaci\u00f3n el p\u00fablico y autoridades presentes aplaudieron y ovacionaron la hermosa gala.<\/p>\n<p>&nbsp;<\/p>\n<p>&nbsp;<\/p>\n<p style=\"text-align: justify;\">[su_button url=\u00bbhttps:\/\/www.facebook.com\/pg\/yungayino.cl\/photos\/?tab=album&amp;album_id=2876031995745154&#8243; target=\u00bbblank\u00bb size=\u00bb7&#8243; radius=\u00bbround\u00bb icon=\u00bbicon: facebook-square\u00bb]FOTOGRAF\u00cdAS &#8211; Club de Cueca \u201cPasi\u00f3n Cuequera\u201d Realiz\u00f3 Gala Folcl\u00f3rica[\/su_button]<\/p>\n","protected":false},"excerpt":{"rendered":"<p>Yungay, septiembre 2019: Una destacada Gala Folcl\u00f3rica realiz\u00f3 ayer s\u00e1bado 21 de septiembre el Club de Cueca \u201cPasi\u00f3n Cuequera\u201d de Yungay, la cual se llev\u00f3 a cabo a partir de las 19:30 horas en&#46;&#46;&#46;<\/p>\n","protected":false},"author":2,"featured_media":21388,"comment_status":"closed","ping_status":"open","sticky":false,"template":"","format":"standard","meta":{"footnotes":""},"categories":[5,1],"tags":[1422,593,1115,866,8,6,117],"class_list":["post-21387","post","type-post","status-publish","format-standard","has-post-thumbnail","hentry","category-eventos","category-noticias","tag-club-de-cueca","tag-gala-folclorica","tag-noticias","tag-pasion-cuequera","tag-yungay","tag-yungayino","tag-yungayinocl"],"_links":{"self":[{"href":"https:\/\/www.yungayino.cl\/noticias\/index.php?rest_route=\/wp\/v2\/posts\/21387","targetHints":{"allow":["GET"]}}],"collection":[{"href":"https:\/\/www.yungayino.cl\/noticias\/index.php?rest_route=\/wp\/v2\/posts"}],"about":[{"href":"https:\/\/www.yungayino.cl\/noticias\/index.php?rest_route=\/wp\/v2\/types\/post"}],"author":[{"embeddable":true,"href":"https:\/\/www.yungayino.cl\/noticias\/index.php?rest_route=\/wp\/v2\/users\/2"}],"replies":[{"embeddable":true,"href":"https:\/\/www.yungayino.cl\/noticias\/index.php?rest_route=%2Fwp%2Fv2%2Fcomments&post=21387"}],"version-history":[{"count":4,"href":"https:\/\/www.yungayino.cl\/noticias\/index.php?rest_route=\/wp\/v2\/posts\/21387\/revisions"}],"predecessor-version":[{"id":21392,"href":"https:\/\/www.yungayino.cl\/noticias\/index.php?rest_route=\/wp\/v2\/posts\/21387\/revisions\/21392"}],"wp:featuredmedia":[{"embeddable":true,"href":"https:\/\/www.yungayino.cl\/noticias\/index.php?rest_route=\/wp\/v2\/media\/21388"}],"wp:attachment":[{"href":"https:\/\/www.yungayino.cl\/noticias\/index.php?rest_route=%2Fwp%2Fv2%2Fmedia&parent=21387"}],"wp:term":[{"taxonomy":"category","embeddable":true,"href":"https:\/\/www.yungayino.cl\/noticias\/index.php?rest_route=%2Fwp%2Fv2%2Fcategories&post=21387"},{"taxonomy":"post_tag","embeddable":true,"href":"https:\/\/www.yungayino.cl\/noticias\/index.php?rest_route=%2Fwp%2Fv2%2Ftags&post=21387"}],"curies":[{"name":"wp","href":"https:\/\/api.w.org\/{rel}","templated":true}]}}