{"id":21393,"date":"2019-09-24T08:00:08","date_gmt":"2019-09-24T11:00:08","guid":{"rendered":"http:\/\/www.yungayino.cl\/noticias\/?p=21393"},"modified":"2019-09-23T21:06:57","modified_gmt":"2019-09-24T00:06:57","slug":"carabineros-de-nuble-valora-baja-del-43-en-accidentes-de-transito-en-fiestas-patrias","status":"publish","type":"post","link":"https:\/\/www.yungayino.cl\/noticias\/?p=21393","title":{"rendered":"Carabineros de \u00d1uble valora baja del 43% en accidentes de tr\u00e1nsito en Fiestas Patrias"},"content":{"rendered":"<p><img loading=\"lazy\" decoding=\"async\" class=\"alignnone size-full wp-image-21394\" src=\"http:\/\/www.yungayino.cl\/noticias\/wp-content\/uploads\/2019\/09\/carabineros_fiscalizacion_fiestas_patrias.jpg\" alt=\"\" width=\"700\" height=\"350\" srcset=\"https:\/\/www.yungayino.cl\/noticias\/wp-content\/uploads\/2019\/09\/carabineros_fiscalizacion_fiestas_patrias.jpg 700w, https:\/\/www.yungayino.cl\/noticias\/wp-content\/uploads\/2019\/09\/carabineros_fiscalizacion_fiestas_patrias-300x150.jpg 300w\" sizes=\"auto, (max-width: 700px) 100vw, 700px\" \/><\/p>\n<p style=\"text-align: justify;\">Regional, ayer lunes el Jefe de la XVI Zona de Carabineros \u00d1uble, General Mario Sep\u00falveda, entreg\u00f3 el balance de los servicios policiales desplegados en este extenso feriado de Fiestas Patrias, donde destac\u00f3 una gran baja en la cifra de los accidentes de tr\u00e1nsito en la regi\u00f3n.<\/p>\n<p style=\"text-align: justify;\">A trav\u00e9s de la Secci\u00f3n de Investigaci\u00f3n de Accidentes de Tr\u00e1nsito, SIAT, Carabineros reforz\u00f3 servicios en terreno y difusi\u00f3n con la campa\u00f1a \u00abMan\u00e9jate con responsabilidad\u00bb, que pretendi\u00f3 concientizar a conductores y peatones respecto a su responsabilidad en hechos como atropellos, choques y colisiones, entre otros.<\/p>\n<p style=\"text-align: justify;\">\u00abEn concreto tuvimos un -43% de accidentes de tr\u00e1nsito este a\u00f1o, vale decir, cerca de 48 casos menos que el 2018 donde registramos 111 hechos en las diversas rutas. Tambi\u00e9n tuvimos un\u00a0-35 % de personas lesionadas de distinta consideraci\u00f3n, en comparaci\u00f3n a las Fiestas Patrias pasadas, lo que pone de manifiesto el esfuerzo que hizo Carabineros para que las familias disfrutaran con seguridad\u00bb, coment\u00f3 el General Sep\u00falveda.<\/p>\n<p style=\"text-align: justify;\">De hecho, junto a Senda, Carabineros control\u00f3 alcotest y narcotest en la regi\u00f3n, donde detuvo a seis personas por conducci\u00f3n bajo los efectos de las drogas (tres por THC de cannabis y tres por coca\u00edna), y a otras 43 personas por manejar en estado de ebriedad.<\/p>\n<p style=\"text-align: justify;\">\u00abFue un trabajo eficiente y focalizado, que comenz\u00f3 con prevenci\u00f3n y que se desarroll\u00f3 con un intenso trabajo en terreno, en las principales rutas y en diversos horarios. La gente se est\u00e1 acostumbrando a este tipo de controles y nos deja contentos que estemos obteniendo frutos ante la labor educativa que hacemos cada d\u00eda para evitar el consumo de alcohol y drogas, sobre todo en la conducci\u00f3n\u00bb, indic\u00f3 la Directora Regional de Senda, Carmen G\u00f3mez.<\/p>\n<p style=\"text-align: justify;\">En efecto, los 4.228 alcotest que se realizaron, tambi\u00e9n permitieron identificar a otras 10 personas conduciendo bajos los efectos del alcohol.<\/p>\n<p style=\"text-align: justify;\">En materia transporte, se fiscaliz\u00f3 a 18.738 veh\u00edculos, donde se infraccion\u00f3 a casi mil de ellos, principalmente, por exceso de velocidad, no hacer el uso del cintur\u00f3n de seguridad y no ir atento a las condiciones de la conducci\u00f3n.<\/p>\n<p style=\"text-align: justify;\">Los operativos realizados con la Serem\u00eda de Transportes, permitieron retirar ocho buses de circulaci\u00f3n e infraccionar a 24 de ellos por diversas falencias. En total, controlaron m\u00e1s de 1.900 pasajeros y uso de cintur\u00f3n de seguridad, 56 buses interurbanos y 57 buses rurales.<\/p>\n<p style=\"text-align: justify;\">\u00abEste a\u00f1o se rompi\u00f3 el r\u00e9cord de control de buses, fueron 113 en \u00d1uble y m\u00e1s de 9.000 a nivel nacional. Este tipo de controles acompa\u00f1ado de una intensa campa\u00f1a preventiva mostr\u00f3 ser una correcta estrategia, sin embargo, tenemos que seguir trabajando hasta tener cero muertes en nuestra regi\u00f3n\u00bb, agreg\u00f3 la Seremi de Transportes, B\u00e1rbara Kopplin.<\/p>\n<p style=\"text-align: justify;\">En las positivas cifras tambi\u00e9n destacan las 14 personas detenidas por vender alcohol a menores de edad, 1.668 fiscalizaciones a locales de alcoholes, 102 infracciones por consumo de bebida alcoh\u00f3lica en la v\u00eda p\u00fablica y las 112 personas infraccionadas por circular en estado de ebriedad.<\/p>\n<p style=\"text-align: justify;\">Por su parte, el Intendente Mart\u00edn Arrau, cerr\u00f3 el balance indicando que: \u00abAl ver los indicadores regionales, nos damos cuenta que la labor preventiva y fiscalizadora ha dado resultados positivos en comparaci\u00f3n al 2018. El n\u00famero de accidentes en \u00d1uble se redujo, los controles vehiculares alcanzaron los 18 mil, tambi\u00e9n aument\u00f3 el n\u00famero de detenidos y de infracciones cursadas, que se quintuplicaron. Ahora, mientras en estas celebraciones haya p\u00e9rdidas que lamentar no podemos estar tranquilos, por lo que seguiremos trabajando para disminuir esta cifra\u00bb.<\/p>\n<p style=\"text-align: justify;\">Este 2019 \u00d1uble cifr\u00f3 tres fallecidos en accidentes de tr\u00e1nsito, uno m\u00e1s que el a\u00f1o pasado. Dos de ellos eran peatones que realizaron cruce por zona no habilitada y en estado de ebriedad; y otro<\/p>\n","protected":false},"excerpt":{"rendered":"<p>Regional, ayer lunes el Jefe de la XVI Zona de Carabineros \u00d1uble, General Mario Sep\u00falveda, entreg\u00f3 el balance de los servicios policiales desplegados en este extenso feriado de Fiestas Patrias, donde destac\u00f3 una gran&#46;&#46;&#46;<\/p>\n","protected":false},"author":2,"featured_media":0,"comment_status":"closed","ping_status":"open","sticky":false,"template":"","format":"standard","meta":{"footnotes":""},"categories":[3,1],"tags":[25,1115,1678,8,6,117],"class_list":["post-21393","post","type-post","status-publish","format-standard","hentry","category-actualidad","category-noticias","tag-carabineros","tag-noticias","tag-nuble","tag-yungay","tag-yungayino","tag-yungayinocl"],"_links":{"self":[{"href":"https:\/\/www.yungayino.cl\/noticias\/index.php?rest_route=\/wp\/v2\/posts\/21393","targetHints":{"allow":["GET"]}}],"collection":[{"href":"https:\/\/www.yungayino.cl\/noticias\/index.php?rest_route=\/wp\/v2\/posts"}],"about":[{"href":"https:\/\/www.yungayino.cl\/noticias\/index.php?rest_route=\/wp\/v2\/types\/post"}],"author":[{"embeddable":true,"href":"https:\/\/www.yungayino.cl\/noticias\/index.php?rest_route=\/wp\/v2\/users\/2"}],"replies":[{"embeddable":true,"href":"https:\/\/www.yungayino.cl\/noticias\/index.php?rest_route=%2Fwp%2Fv2%2Fcomments&post=21393"}],"version-history":[{"count":2,"href":"https:\/\/www.yungayino.cl\/noticias\/index.php?rest_route=\/wp\/v2\/posts\/21393\/revisions"}],"predecessor-version":[{"id":21396,"href":"https:\/\/www.yungayino.cl\/noticias\/index.php?rest_route=\/wp\/v2\/posts\/21393\/revisions\/21396"}],"wp:attachment":[{"href":"https:\/\/www.yungayino.cl\/noticias\/index.php?rest_route=%2Fwp%2Fv2%2Fmedia&parent=21393"}],"wp:term":[{"taxonomy":"category","embeddable":true,"href":"https:\/\/www.yungayino.cl\/noticias\/index.php?rest_route=%2Fwp%2Fv2%2Fcategories&post=21393"},{"taxonomy":"post_tag","embeddable":true,"href":"https:\/\/www.yungayino.cl\/noticias\/index.php?rest_route=%2Fwp%2Fv2%2Ftags&post=21393"}],"curies":[{"name":"wp","href":"https:\/\/api.w.org\/{rel}","templated":true}]}}