{"id":21401,"date":"2019-09-28T17:00:30","date_gmt":"2019-09-28T20:00:30","guid":{"rendered":"http:\/\/www.yungayino.cl\/noticias\/?p=21401"},"modified":"2019-09-28T18:43:19","modified_gmt":"2019-09-28T21:43:19","slug":"primer-concurso-decora-tu-local-comercial-se-realizo-en-yungay","status":"publish","type":"post","link":"https:\/\/www.yungayino.cl\/noticias\/?p=21401","title":{"rendered":"Primer Concurso \u201cDecora Tu Local Comercial\u201d se Realiz\u00f3 en Yungay"},"content":{"rendered":"<p><img loading=\"lazy\" decoding=\"async\" class=\"alignnone size-full wp-image-21402\" src=\"http:\/\/www.yungayino.cl\/noticias\/wp-content\/uploads\/2019\/09\/la_casona_fiestas_patrias_2019.jpg\" alt=\"\" width=\"700\" height=\"371\" srcset=\"https:\/\/www.yungayino.cl\/noticias\/wp-content\/uploads\/2019\/09\/la_casona_fiestas_patrias_2019.jpg 700w, https:\/\/www.yungayino.cl\/noticias\/wp-content\/uploads\/2019\/09\/la_casona_fiestas_patrias_2019-300x159.jpg 300w, https:\/\/www.yungayino.cl\/noticias\/wp-content\/uploads\/2019\/09\/la_casona_fiestas_patrias_2019-283x150.jpg 283w\" sizes=\"auto, (max-width: 700px) 100vw, 700px\" \/><\/p>\n<p style=\"text-align: justify;\">Yungay, septiembre 2019: la C\u00e1mara de Comercio de Yungay Organiz\u00f3 el Primer Concurso \u201cDecora Tu Local Comercial\u201d, por motivo de fiestas patrias.<\/p>\n<p style=\"text-align: justify;\">En esta oportunidad participaron 11 comerciantes, quienes debieron inscribirse previamente para ser visitados por el jurado integrado por: Srta. Pamela Cha\u00edn, Presidenta c\u00e1mara de comercio de Yungay, Srta. Claudia Harcha, Fomento productivo Municipalidad de Yungay y la Srta. Vicky Ort\u00edz, Profesora de Artes.<\/p>\n<p>&nbsp;<\/p>\n<p style=\"text-align: justify;\"><iframe loading=\"lazy\" src=\"https:\/\/www.facebook.com\/plugins\/post.php?href=https:\/\/www.facebook.com\/yungayino.cl\/posts\/2888344637847223?__xts__%5B0%5D=68.ARCGTdNHq_eq9i3nwdIbSBc_wtLiAHG_qH74D4igcr36QWi3CaKDfD3uEpItFFJggcaG35vgAtbwJ_n4vogAtUi-rRhf4lfzr40fyexbkHoWQPc_7vTdByujxqjWZMuKO3b6gXsorF1fsQw2yp8WumLDFl7VjSQCgiONAbGADLxePG6fQnZ8hBfp1FZ0r9nZlIUqKHrLVwXpUcbweLRm2PT0r1tI2krrrT2ToWBKClantozLuMYieXTuRmqe4BfL8KVrgcU0JYUjbAcCxHWhb-5MJRXEhgu6nf42cu_NL9fuJUO44cpa9Q_hKRaJXEwY60iTyH8tTdwtYtwv8p9OEK4kjyLb0OUGLtjLXepTTzudz6g1RUWgQVLREKSoONBr_B0KikMHrQFdd21Kr1CTt4s8CS5XWtOlQtWt5mU2p9Wn6Dk5S3eBTux8eRsV0j8RIQrMboVgJPYoDaPhGQpY&#038;__tn__=-R&#038;l=a77e327dc6&#038;l=f5951f1994&#038;l=bfecbb8adf&#038;l=687b6bf5da&#038;width=500&#038;show_text=true&#038;height=691&#038;appId\" width=\"500\" height=\"691\" style=\"border:none;overflow:hidden\" scrolling=\"no\" frameborder=\"0\" allowTransparency=\"true\"><\/iframe>\n<\/p>\n<p>&nbsp;<\/p>\n<p>&nbsp;<\/p>\n<p>&nbsp;<\/p>\n<p>&nbsp;<\/p>\n<p style=\"text-align: justify;\"><strong><u>Los Ganadores de las vitrinas fueron:<\/u><\/strong><\/p>\n<p style=\"text-align: justify;\">Primer lugar: Hospedaje La Casona<\/p>\n<p style=\"text-align: justify;\">Segundo lugar: Panader\u00eda Las 4 EME<\/p>\n<p style=\"text-align: justify;\">Tercer lugar: Librer\u00eda Casa Jade<\/p>\n<p style=\"text-align: justify;\">Adem\u00e1s en esta oportunidad se organiz\u00f3 un bono de cooperaci\u00f3n y <strong>los ganadores fueron:<\/strong><\/p>\n<p style=\"text-align: justify;\">H\u00e9ctor Jelves: un cerdo<\/p>\n<p style=\"text-align: justify;\">Alicia Segura: una canasta familiar<\/p>\n<p style=\"text-align: justify;\">Constanza Rodr\u00edguez: un whisky<\/p>\n<p style=\"text-align: justify;\">Hortensia Fuentealba: un pollo con papas fritas<\/p>\n<p style=\"text-align: justify;\">Esteban Pino: una pizza familiar<\/p>\n<p style=\"text-align: justify;\">Si alg\u00fan comerciante de Yungay quiere formar parte de la C\u00e1mara de Comercio puede comunicarse al celular: 997634511 con la se\u00f1ora Mar\u00eda Eva D\u00edaz.<\/p>\n<p>&nbsp;<\/p>\n<p>&nbsp;<\/p>\n<p style=\"text-align: justify;\">[su_button url=\u00bbhttps:\/\/www.facebook.com\/pg\/yungayino.cl\/photos\/?tab=album&amp;album_id=2888342404514113&#8243; target=\u00bbblank\u00bb size=\u00bb7&#8243; radius=\u00bbround\u00bb icon=\u00bbicon: facebook-square\u00bb]FOTOGRAF\u00cdAS &#8211; Primer Concurso \u201cDecora Tu Local Comercial\u201d se Realiz\u00f3 en Yungay[\/su_button]<\/p>\n","protected":false},"excerpt":{"rendered":"<p>Yungay, septiembre 2019: la C\u00e1mara de Comercio de Yungay Organiz\u00f3 el Primer Concurso \u201cDecora Tu Local Comercial\u201d, por motivo de fiestas patrias. En esta oportunidad participaron 11 comerciantes, quienes debieron inscribirse previamente para ser&#46;&#46;&#46;<\/p>\n","protected":false},"author":2,"featured_media":21402,"comment_status":"closed","ping_status":"open","sticky":false,"template":"","format":"standard","meta":{"footnotes":""},"categories":[1],"tags":[1876,2082,1115,8,6,117],"class_list":["post-21401","post","type-post","status-publish","format-standard","has-post-thumbnail","hentry","category-noticias","tag-camara-comercio","tag-decora-tu-local-comercial","tag-noticias","tag-yungay","tag-yungayino","tag-yungayinocl"],"_links":{"self":[{"href":"https:\/\/www.yungayino.cl\/noticias\/index.php?rest_route=\/wp\/v2\/posts\/21401","targetHints":{"allow":["GET"]}}],"collection":[{"href":"https:\/\/www.yungayino.cl\/noticias\/index.php?rest_route=\/wp\/v2\/posts"}],"about":[{"href":"https:\/\/www.yungayino.cl\/noticias\/index.php?rest_route=\/wp\/v2\/types\/post"}],"author":[{"embeddable":true,"href":"https:\/\/www.yungayino.cl\/noticias\/index.php?rest_route=\/wp\/v2\/users\/2"}],"replies":[{"embeddable":true,"href":"https:\/\/www.yungayino.cl\/noticias\/index.php?rest_route=%2Fwp%2Fv2%2Fcomments&post=21401"}],"version-history":[{"count":4,"href":"https:\/\/www.yungayino.cl\/noticias\/index.php?rest_route=\/wp\/v2\/posts\/21401\/revisions"}],"predecessor-version":[{"id":21406,"href":"https:\/\/www.yungayino.cl\/noticias\/index.php?rest_route=\/wp\/v2\/posts\/21401\/revisions\/21406"}],"wp:featuredmedia":[{"embeddable":true,"href":"https:\/\/www.yungayino.cl\/noticias\/index.php?rest_route=\/wp\/v2\/media\/21402"}],"wp:attachment":[{"href":"https:\/\/www.yungayino.cl\/noticias\/index.php?rest_route=%2Fwp%2Fv2%2Fmedia&parent=21401"}],"wp:term":[{"taxonomy":"category","embeddable":true,"href":"https:\/\/www.yungayino.cl\/noticias\/index.php?rest_route=%2Fwp%2Fv2%2Fcategories&post=21401"},{"taxonomy":"post_tag","embeddable":true,"href":"https:\/\/www.yungayino.cl\/noticias\/index.php?rest_route=%2Fwp%2Fv2%2Ftags&post=21401"}],"curies":[{"name":"wp","href":"https:\/\/api.w.org\/{rel}","templated":true}]}}