{"id":21409,"date":"2019-10-02T10:00:25","date_gmt":"2019-10-02T13:00:25","guid":{"rendered":"http:\/\/www.yungayino.cl\/noticias\/?p=21409"},"modified":"2019-10-02T17:22:07","modified_gmt":"2019-10-02T20:22:07","slug":"municipio-yungayino-celebro-con-regaloneo-el-dia-internacional-de-las-personas-mayores","status":"publish","type":"post","link":"https:\/\/www.yungayino.cl\/noticias\/?p=21409","title":{"rendered":"Municipio Yungayino Celebr\u00f3 con Regaloneo el \u201cD\u00eda Internacional de las Personas Mayores\u201d"},"content":{"rendered":"<p><img loading=\"lazy\" decoding=\"async\" class=\"alignnone size-full wp-image-21410\" src=\"http:\/\/www.yungayino.cl\/noticias\/wp-content\/uploads\/2019\/10\/adultos_mayores_201910.jpg\" alt=\"\" width=\"700\" height=\"350\" srcset=\"https:\/\/www.yungayino.cl\/noticias\/wp-content\/uploads\/2019\/10\/adultos_mayores_201910.jpg 700w, https:\/\/www.yungayino.cl\/noticias\/wp-content\/uploads\/2019\/10\/adultos_mayores_201910-300x150.jpg 300w\" sizes=\"auto, (max-width: 700px) 100vw, 700px\" \/><\/p>\n<p style=\"text-align: justify;\">Yungay, octubre 2019: El 01 de octubre se conmemor\u00f3 el D\u00eda Internacional de las Personas de Edad, para destacar el cambio demogr\u00e1fico que est\u00e1 sufriendo la poblaci\u00f3n mundial y la necesidad de crear nuevas pol\u00edticas y programas que beneficien a los miembros de la tercera edad.<\/p>\n<p style=\"text-align: justify;\"><iframe loading=\"lazy\" style=\"border: none; overflow: hidden;\" src=\"https:\/\/www.facebook.com\/plugins\/post.php?href=https:\/\/www.facebook.com\/yungayino.cl\/posts\/2896545027027184?__xts__%5B0%5D=68.ARB_Sfqcck9Ru85UtXe6CByGTzpuneUt5Ojy0H7FBv0IbEyqsl7OAMi4ulDZLdY-oXBO3Md-Y3mWl43kl2LVI1M1BNyk2K1iOwPXSPYoAMakfPQYDzNEt32YU2IZST8DgHYFP47ueV5zCSbM_Jqd5sKUFYwfFLUbvEUiMKj5OVATqdCc1ORibyemgbzcT2-TbNLd55ts2ga2AcWvT_YhujSlbl7dh8oNSBhJjqT8SsjXFLEA8SLr14YQbYSUniAr7BR_4RmqAzLUbXHFVIhGwY-K-g2WZL1NG_5laUI-lLNj-TM1gPPUzeoQTl5DK5b4yB08ao7W_5z0lyP6-Pyse4DyJY2SlOCiVe3oRtzOJ5pBWz6ltB-sQRqoC1B-rH1Jf0PDh6-dHQ-_kwP2pkgDkstqj_8k4h_AhL7uFfmVzl5Px_lxO-ur--F7F8ziAQuYnW8wUMs8a532NWaYfwFQ&amp;__tn__=-R&amp;l=a77e327dc6&amp;l=f5951f1994&amp;l=bfecbb8adf&amp;l=687b6bf5da&amp;width=500&amp;show_text=true&amp;height=691&amp;appId\" width=\"500\" height=\"691\" frameborder=\"0\" scrolling=\"no\"><\/iframe><\/p>\n<p>&nbsp;<\/p>\n<p>&nbsp;<\/p>\n<p>&nbsp;<\/p>\n<p style=\"text-align: justify;\">Esta celebraci\u00f3n fue promovida por la Organizaci\u00f3n de las Naciones Unidas (ONU), desde el a\u00f1o 1991 y tiene como objetivo promover pol\u00edticas y programas p\u00fablicos centrados en las personas de la tercera edad para que estas permanezcan mucho m\u00e1s tiempo, activas dentro de la sociedad.<\/p>\n<p style=\"text-align: justify;\">Por su parte el Municipio Yungayino a trav\u00e9s del Departamento Dideco regalonearon el d\u00eda de ayer a los adultos mayores con motivo de la celebraci\u00f3n del \u201cD\u00eda Internacional de las Personas de Edad\u201d.<\/p>\n<p style=\"text-align: justify;\">Con peluquer\u00eda, masaje, maquillaje, manicure y un compartir fue lo que se realiz\u00f3 en la Sede del Adulto Mayor con el objetivo de regalar a las personas mayores de nuestra comuna una tarde de amor y relajaci\u00f3n as\u00ed lo se\u00f1alo al Equipo del Portal Yungayino.cl la Directora de Desarrollo Comunitario, Sra. <strong>Pamela Jelves Acu\u00f1a<\/strong>, qui\u00e9n destac\u00f3 la colaboraci\u00f3n del Centro de Estudios Andr\u00e9s Bello en esta hermosa actividad, y tambi\u00e9n invita a todos los Adultos Mayores de nuestra comuna para el pr\u00f3ximo viernes 11 de octubre a participar de una celebraci\u00f3n a lo grande en el Gimnasio Multiuso a partir de las 13:00 horas.<\/p>\n<p style=\"text-align: justify;\">[su_button url=\u00bbhttps:\/\/www.facebook.com\/pg\/yungayino.cl\/photos\/?tab=album&amp;album_id=2896544723693881&#8243; target=\u00bbblank\u00bb size=\u00bb7&#8243; radius=\u00bbround\u00bb icon=\u00bbicon: facebook-square\u00bb]FOTOGRAF\u00cdAS &#8211; Municipio Yungayino Celebr\u00f3 con Regaloneo el \u201cD\u00eda Internacional de las Personas Mayores\u201d[\/su_button]<\/p>\n","protected":false},"excerpt":{"rendered":"<p>Yungay, octubre 2019: El 01 de octubre se conmemor\u00f3 el D\u00eda Internacional de las Personas de Edad, para destacar el cambio demogr\u00e1fico que est\u00e1 sufriendo la poblaci\u00f3n mundial y la necesidad de crear nuevas&#46;&#46;&#46;<\/p>\n","protected":false},"author":2,"featured_media":21410,"comment_status":"closed","ping_status":"open","sticky":false,"template":"","format":"standard","meta":{"footnotes":""},"categories":[1],"tags":[57,2083,334,1115,8,6,117],"class_list":["post-21409","post","type-post","status-publish","format-standard","has-post-thumbnail","hentry","category-noticias","tag-adultos-mayores","tag-dia-internacional","tag-dideco","tag-noticias","tag-yungay","tag-yungayino","tag-yungayinocl"],"_links":{"self":[{"href":"https:\/\/www.yungayino.cl\/noticias\/index.php?rest_route=\/wp\/v2\/posts\/21409","targetHints":{"allow":["GET"]}}],"collection":[{"href":"https:\/\/www.yungayino.cl\/noticias\/index.php?rest_route=\/wp\/v2\/posts"}],"about":[{"href":"https:\/\/www.yungayino.cl\/noticias\/index.php?rest_route=\/wp\/v2\/types\/post"}],"author":[{"embeddable":true,"href":"https:\/\/www.yungayino.cl\/noticias\/index.php?rest_route=\/wp\/v2\/users\/2"}],"replies":[{"embeddable":true,"href":"https:\/\/www.yungayino.cl\/noticias\/index.php?rest_route=%2Fwp%2Fv2%2Fcomments&post=21409"}],"version-history":[{"count":4,"href":"https:\/\/www.yungayino.cl\/noticias\/index.php?rest_route=\/wp\/v2\/posts\/21409\/revisions"}],"predecessor-version":[{"id":21414,"href":"https:\/\/www.yungayino.cl\/noticias\/index.php?rest_route=\/wp\/v2\/posts\/21409\/revisions\/21414"}],"wp:featuredmedia":[{"embeddable":true,"href":"https:\/\/www.yungayino.cl\/noticias\/index.php?rest_route=\/wp\/v2\/media\/21410"}],"wp:attachment":[{"href":"https:\/\/www.yungayino.cl\/noticias\/index.php?rest_route=%2Fwp%2Fv2%2Fmedia&parent=21409"}],"wp:term":[{"taxonomy":"category","embeddable":true,"href":"https:\/\/www.yungayino.cl\/noticias\/index.php?rest_route=%2Fwp%2Fv2%2Fcategories&post=21409"},{"taxonomy":"post_tag","embeddable":true,"href":"https:\/\/www.yungayino.cl\/noticias\/index.php?rest_route=%2Fwp%2Fv2%2Ftags&post=21409"}],"curies":[{"name":"wp","href":"https:\/\/api.w.org\/{rel}","templated":true}]}}