{"id":21433,"date":"2019-10-08T22:00:52","date_gmt":"2019-10-09T01:00:52","guid":{"rendered":"http:\/\/www.yungayino.cl\/noticias\/?p=21433"},"modified":"2019-10-09T22:44:37","modified_gmt":"2019-10-10T01:44:37","slug":"ciclistas-yungayinos-se-destacaron-en-ultima-etapa-del-raid-ciclo-rural-de-la-provincia-de-biobio-realizado-en-antuco","status":"publish","type":"post","link":"https:\/\/www.yungayino.cl\/noticias\/?p=21433","title":{"rendered":"Ciclistas Yungayinos se Destacaron en \u00daltima Etapa del Raid Ciclo Rural de la Provincia de Biob\u00edo Realizado en Antuco"},"content":{"rendered":"<p><img loading=\"lazy\" decoding=\"async\" class=\"alignnone size-full wp-image-21434\" src=\"http:\/\/www.yungayino.cl\/noticias\/wp-content\/uploads\/2019\/10\/ciclismo_yungay_201910.jpg\" alt=\"\" width=\"700\" height=\"350\" srcset=\"https:\/\/www.yungayino.cl\/noticias\/wp-content\/uploads\/2019\/10\/ciclismo_yungay_201910.jpg 700w, https:\/\/www.yungayino.cl\/noticias\/wp-content\/uploads\/2019\/10\/ciclismo_yungay_201910-300x150.jpg 300w\" sizes=\"auto, (max-width: 700px) 100vw, 700px\" \/><\/p>\n<p style=\"text-align: justify;\">Yungay, octubre 2019: Una destacada participaci\u00f3n tuvieron los Ciclistas de Yungay, en el \u201cRaid Ciclo Rural Provincia de Biob\u00edo\u201d, el cual finaliz\u00f3 este domingo 06 de octubre con la etapa que contempl\u00f3 el ascenso a los faldeos del Volc\u00e1n Antuco.<\/p>\n<p style=\"text-align: justify;\">La \u00faltima etapa cont\u00f3 con una alta convocatoria que borde\u00f3 los 190 competidores la cual se inici\u00f3 a las 11:00 horas, y puso fin a un ciclo de una de las m\u00e1s antiguas competencias de la provincia del Biob\u00edo y que abarcaron diversas comunas, siendo organizada por el Club de Ciclismo Santa Mar\u00eda de Los \u00c1ngeles.<\/p>\n<p style=\"text-align: justify;\"><iframe loading=\"lazy\" style=\"border: none; overflow: hidden;\" src=\"https:\/\/www.facebook.com\/plugins\/post.php?href=https:\/\/www.facebook.com\/yungayino.cl\/posts\/2911912158823804?__xts__%5B0%5D=68.ARDagFHeqL17IX8kts9bVLrU3RPILkiadRvHz8LLyZnn1DBBkEUuTP5XyVctlneoqxLUR2_CqzHgTzWyrjb9WXjWug0DpgzjI8MxsNT9Dnpx44YI_fCp402-WHvS2Cu_yony-NK2RwQWfH3o131Va9cgN8VZ3Rvh1Hp391zw2XZBRNDp1eGevEbznBvj39Rc5xNkD4pZQV5XLonUEXodEaqUS7mTyS4D4XQsAfgpeaNfEg3Y4tiD999fN5jC_N5R_hh-arpDXaK1RIuw8BSkDBdFVACUbLBzKqiL46bC0QE5mb-wjdGjsfTe-TxhRWq0Z6p8Ab-zK5JdTMvoKWteyRd0GEFrSszxgTzGBFUtxVUVHz-6SYc_HxUGYXo4p-3o6jTFY5HidGEXqcDt2EoAlxYIiSK84rXP1X-MUVukasLT5-fhV54vhCVTR0n1Ux73YwmcvN-_nrzczfXScoWM&amp;__tn__=-R&amp;l=a77e327dc6&amp;l=f5951f1994&amp;l=bfecbb8adf&amp;l=687b6bf5da&amp;width=500&amp;show_text=true&amp;height=691&amp;appId\" width=\"500\" height=\"691\" frameborder=\"0\" scrolling=\"no\"><\/iframe><\/p>\n<p>&nbsp;<\/p>\n<p style=\"text-align: justify;\">Destacar la participaci\u00f3n de los deportistas yungayinos, quienes sacaron a relucir toda su experticia y despliegue f\u00edsico en una exigente pendiente inmersa en un g\u00e9lido entorno natural para llegar a los pies del Volc\u00e1n Antuco, donde finalmente se llev\u00f3 a cabo la ceremonia de premiaci\u00f3n que reconoci\u00f3 a los mejores deportistas de las diferentes categor\u00edas.<\/p>\n<p style=\"text-align: justify;\">Finalmente felicitar a los ciclistas yungayinos, quienes obtuvieron una destacada participaci\u00f3n en las diferentes etapas y tambi\u00e9n se subieron al podio de los ganadores en esta \u00faltima etapa, y en la clasificaci\u00f3n general, donde se destacaron los siguientes corredores:<\/p>\n<p style=\"text-align: justify;\"><strong>Marco Parra Rubio<\/strong>: Segundo Lugar en el Torneo en la Categor\u00eda Master B y Tercer Lugar en la \u00faltima fecha de Antuco<\/p>\n<p style=\"text-align: justify;\"><strong>Abraham Escares Rabanal<\/strong>: Segundo Lugar en la Categor\u00eda Master C en el Torneo.<\/p>\n<p style=\"text-align: justify;\"><strong>Nicol\u00e1s Jara Carrasco<\/strong>: Alumno del Colegio Nueva Esperanza quien obtuvo el Primer Lugar Categor\u00eda Infantil<\/p>\n<p style=\"text-align: justify;\">[su_button url=\u00bbhttps:\/\/www.facebook.com\/pg\/yungayino.cl\/photos\/?tab=album&amp;album_id=2911911748823845&#8243; target=\u00bbblank\u00bb size=\u00bb7&#8243; radius=\u00bbround\u00bb icon=\u00bbicon: facebook-square\u00bb]FOTOGRAF\u00cdAS &#8211; Ciclistas Yungayinos se Destacaron en \u00daltima Etapa del Raid Ciclo Rural de la Provincia de Biob\u00edo Realizado en Antuco[\/su_button]<\/p>\n","protected":false},"excerpt":{"rendered":"<p>Yungay, octubre 2019: Una destacada participaci\u00f3n tuvieron los Ciclistas de Yungay, en el \u201cRaid Ciclo Rural Provincia de Biob\u00edo\u201d, el cual finaliz\u00f3 este domingo 06 de octubre con la etapa que contempl\u00f3 el ascenso&#46;&#46;&#46;<\/p>\n","protected":false},"author":2,"featured_media":21434,"comment_status":"closed","ping_status":"open","sticky":false,"template":"","format":"standard","meta":{"footnotes":""},"categories":[17,1],"tags":[1109,896,2086,1120,1115,8,6,117],"class_list":["post-21433","post","type-post","status-publish","format-standard","has-post-thumbnail","hentry","category-deporte","category-noticias","tag-antuco","tag-ciclismo","tag-ciclismo-yungay","tag-deporte","tag-noticias","tag-yungay","tag-yungayino","tag-yungayinocl"],"_links":{"self":[{"href":"https:\/\/www.yungayino.cl\/noticias\/index.php?rest_route=\/wp\/v2\/posts\/21433","targetHints":{"allow":["GET"]}}],"collection":[{"href":"https:\/\/www.yungayino.cl\/noticias\/index.php?rest_route=\/wp\/v2\/posts"}],"about":[{"href":"https:\/\/www.yungayino.cl\/noticias\/index.php?rest_route=\/wp\/v2\/types\/post"}],"author":[{"embeddable":true,"href":"https:\/\/www.yungayino.cl\/noticias\/index.php?rest_route=\/wp\/v2\/users\/2"}],"replies":[{"embeddable":true,"href":"https:\/\/www.yungayino.cl\/noticias\/index.php?rest_route=%2Fwp%2Fv2%2Fcomments&post=21433"}],"version-history":[{"count":3,"href":"https:\/\/www.yungayino.cl\/noticias\/index.php?rest_route=\/wp\/v2\/posts\/21433\/revisions"}],"predecessor-version":[{"id":21437,"href":"https:\/\/www.yungayino.cl\/noticias\/index.php?rest_route=\/wp\/v2\/posts\/21433\/revisions\/21437"}],"wp:featuredmedia":[{"embeddable":true,"href":"https:\/\/www.yungayino.cl\/noticias\/index.php?rest_route=\/wp\/v2\/media\/21434"}],"wp:attachment":[{"href":"https:\/\/www.yungayino.cl\/noticias\/index.php?rest_route=%2Fwp%2Fv2%2Fmedia&parent=21433"}],"wp:term":[{"taxonomy":"category","embeddable":true,"href":"https:\/\/www.yungayino.cl\/noticias\/index.php?rest_route=%2Fwp%2Fv2%2Fcategories&post=21433"},{"taxonomy":"post_tag","embeddable":true,"href":"https:\/\/www.yungayino.cl\/noticias\/index.php?rest_route=%2Fwp%2Fv2%2Ftags&post=21433"}],"curies":[{"name":"wp","href":"https:\/\/api.w.org\/{rel}","templated":true}]}}