{"id":21438,"date":"2019-10-09T22:00:52","date_gmt":"2019-10-10T01:00:52","guid":{"rendered":"http:\/\/www.yungayino.cl\/noticias\/?p=21438"},"modified":"2019-10-09T22:56:09","modified_gmt":"2019-10-10T01:56:09","slug":"38-dirigentes-de-nuble-se-capacitaron-como-lideres-sociales-y-recorrieron-la-moneda","status":"publish","type":"post","link":"https:\/\/www.yungayino.cl\/noticias\/?p=21438","title":{"rendered":"38 Dirigentes de \u00d1uble se Capacitaron Como L\u00edderes Sociales y Recorrieron la Moneda"},"content":{"rendered":"<p><img loading=\"lazy\" decoding=\"async\" class=\"alignnone size-full wp-image-21439\" src=\"http:\/\/www.yungayino.cl\/noticias\/wp-content\/uploads\/2019\/10\/unco_santiago_201910.jpg\" alt=\"\" width=\"700\" height=\"350\" srcset=\"https:\/\/www.yungayino.cl\/noticias\/wp-content\/uploads\/2019\/10\/unco_santiago_201910.jpg 700w, https:\/\/www.yungayino.cl\/noticias\/wp-content\/uploads\/2019\/10\/unco_santiago_201910-300x150.jpg 300w\" sizes=\"auto, (max-width: 700px) 100vw, 700px\" \/><\/p>\n<p style=\"text-align: justify;\">Yungay, octubre 2019: Una interesante experiencia vivieron 38 dirigentes sociales de la Regi\u00f3n de \u00d1uble quienes estuvieron en Santiago en compa\u00f1\u00eda del Seremi de Gobierno, Ren\u00e1n Cabezas con el objeto de capacitarse como l\u00edderes sociales, a trav\u00e9s de una charla de la Divisi\u00f3n de Organizaciones Sociales del Ministerio Secretar\u00eda General de Gobierno.<\/p>\n<p style=\"text-align: justify;\"><iframe loading=\"lazy\" style=\"border: none; overflow: hidden;\" src=\"https:\/\/www.facebook.com\/plugins\/post.php?href=https:\/\/www.facebook.com\/yungayino.cl\/posts\/2911947968820223?__xts__%5B0%5D=68.ARB2uqDE33vSx4haf2QAnZFSv66UdJt3VG0VPZODAC2vMxMOqwiSnIfxaQnHUpRe5ox8BHAVseEPdpmBM89roeku_0bDjTykHH8yu49RqVLLAyN4PuD6dtPPPxLcKCq3sy8c9X_GhcGLGih0IOfA-lQc59z1XDAdPkGqcEGSBZ2_aAdeqDUM34cd-MnfKbDf3S-okLMte2kVCDotiDey7AWdUyckIhERZEpBE4TBPAUyBD9L1u2LEk9HcIjzcisk0KU7Yc495TljmRvlwjJ0Ndm6swaEFVuEuYO1x8yCeaZnx1-lCSz2CKiPmlfMA_CbXaDIbpUm7pw5z6lYDKByj_9a2kZ_6m9Khazzg4v9gsS9YvD3WIp9Pq6SbkjcxQh_tYUy0F5hQs199VTpBjqtQYeSl5PsOYO2FcVZdO6M6aKlQegWS-LusEmuQ1IeJG2eh66DhgsmWbpwZfSAnzWh&amp;__tn__=-R&amp;l=a77e327dc6&amp;l=f5951f1994&amp;l=bfecbb8adf&amp;l=687b6bf5da&amp;width=500&amp;show_text=true&amp;height=691&amp;appId\" width=\"500\" height=\"691\" frameborder=\"0\" scrolling=\"no\"><\/iframe><\/p>\n<p>&nbsp;<\/p>\n<p>&nbsp;<\/p>\n<p>&nbsp;<\/p>\n<p style=\"text-align: justify;\">Los dirigentes provenientes de las 21 comunas estuvieron junto al Director Nacional de la D.O.S, \u00c1lvaro Pillado y el Subsecretario General de Gobierno, Emardo Hantelmann, quienes les mostraron las diversas oficinas del Palacio de La Moneda y les explicaron las funciones que se realizan en su interior.<\/p>\n<p style=\"text-align: justify;\">El Seremi de Gobierno, Ren\u00e1n Cabezas, agradeci\u00f3 el compromiso de los dirigentes, muchos de los cuales no conoc\u00edan La Moneda, y destac\u00f3 el objetivo del viaje. \u201cNuestros dirigentes sociales son muy importantes para nosotros como Gobierno, por ello es que esta visita tuvo por objeto fortalecer el rol de l\u00edderes que deben proyectar en sus comunidades\u201d.<\/p>\n<p style=\"text-align: justify;\">Representando a Yungay viajaron el Presidente y la Secretaria de la Uni\u00f3n Comunal de Junta de Vecinos Sr. Fernando Cabezas y Sra. Yuny Stevens, quienes se\u00f1alaron al Equipo del Portal Yungayino.cl estar muy contentos y catalogaron como muy positiva esta visita y experiencia, donde se capacitaron como L\u00edderes Sociales, adem\u00e1s de conocer La Moneda y sus distintas dependencias, compartiendo y conociendo tambi\u00e9n autoridades y ministros del gobierno, adem\u00e1s destacaron la visita a la capital donde participaron de un recorrido c\u00edvico tur\u00edstico.<\/p>\n<p style=\"text-align: justify;\">[su_button url=\u00bbhttps:\/\/www.facebook.com\/pg\/yungayino.cl\/photos\/?tab=album&amp;album_id=2911947735486913&#8243; target=\u00bbblank\u00bb size=\u00bb7&#8243; radius=\u00bbround\u00bb icon=\u00bbicon: facebook-square\u00bb]FOTOGRAF\u00cdAS &#8211; 38 Dirigentes de \u00d1uble se Capacitaron Como L\u00edderes Sociales y Recorrieron la Moneda[\/su_button]<\/p>\n","protected":false},"excerpt":{"rendered":"<p>Yungay, octubre 2019: Una interesante experiencia vivieron 38 dirigentes sociales de la Regi\u00f3n de \u00d1uble quienes estuvieron en Santiago en compa\u00f1\u00eda del Seremi de Gobierno, Ren\u00e1n Cabezas con el objeto de capacitarse como l\u00edderes&#46;&#46;&#46;<\/p>\n","protected":false},"author":2,"featured_media":21439,"comment_status":"closed","ping_status":"open","sticky":false,"template":"","format":"standard","meta":{"footnotes":""},"categories":[1],"tags":[1115,1678,2087,8,6,117],"class_list":["post-21438","post","type-post","status-publish","format-standard","has-post-thumbnail","hentry","category-noticias","tag-noticias","tag-nuble","tag-union-comunal-juntas-vecino","tag-yungay","tag-yungayino","tag-yungayinocl"],"_links":{"self":[{"href":"https:\/\/www.yungayino.cl\/noticias\/index.php?rest_route=\/wp\/v2\/posts\/21438","targetHints":{"allow":["GET"]}}],"collection":[{"href":"https:\/\/www.yungayino.cl\/noticias\/index.php?rest_route=\/wp\/v2\/posts"}],"about":[{"href":"https:\/\/www.yungayino.cl\/noticias\/index.php?rest_route=\/wp\/v2\/types\/post"}],"author":[{"embeddable":true,"href":"https:\/\/www.yungayino.cl\/noticias\/index.php?rest_route=\/wp\/v2\/users\/2"}],"replies":[{"embeddable":true,"href":"https:\/\/www.yungayino.cl\/noticias\/index.php?rest_route=%2Fwp%2Fv2%2Fcomments&post=21438"}],"version-history":[{"count":4,"href":"https:\/\/www.yungayino.cl\/noticias\/index.php?rest_route=\/wp\/v2\/posts\/21438\/revisions"}],"predecessor-version":[{"id":21443,"href":"https:\/\/www.yungayino.cl\/noticias\/index.php?rest_route=\/wp\/v2\/posts\/21438\/revisions\/21443"}],"wp:featuredmedia":[{"embeddable":true,"href":"https:\/\/www.yungayino.cl\/noticias\/index.php?rest_route=\/wp\/v2\/media\/21439"}],"wp:attachment":[{"href":"https:\/\/www.yungayino.cl\/noticias\/index.php?rest_route=%2Fwp%2Fv2%2Fmedia&parent=21438"}],"wp:term":[{"taxonomy":"category","embeddable":true,"href":"https:\/\/www.yungayino.cl\/noticias\/index.php?rest_route=%2Fwp%2Fv2%2Fcategories&post=21438"},{"taxonomy":"post_tag","embeddable":true,"href":"https:\/\/www.yungayino.cl\/noticias\/index.php?rest_route=%2Fwp%2Fv2%2Ftags&post=21438"}],"curies":[{"name":"wp","href":"https:\/\/api.w.org\/{rel}","templated":true}]}}