{"id":21444,"date":"2019-10-10T20:00:48","date_gmt":"2019-10-10T23:00:48","guid":{"rendered":"http:\/\/www.yungayino.cl\/noticias\/?p=21444"},"modified":"2019-10-10T22:14:34","modified_gmt":"2019-10-11T01:14:34","slug":"51-familias-yungayinas-cumpliran-el-sueno-de-la-casa-propia","status":"publish","type":"post","link":"https:\/\/www.yungayino.cl\/noticias\/?p=21444","title":{"rendered":"51 Familias Yungayinas Cumplir\u00e1n el Sue\u00f1o de la Casa Propia"},"content":{"rendered":"<p><img loading=\"lazy\" decoding=\"async\" class=\"alignnone size-full wp-image-21445\" src=\"http:\/\/www.yungayino.cl\/noticias\/wp-content\/uploads\/2019\/10\/51_familias.jpg\" alt=\"\" width=\"700\" height=\"350\" srcset=\"https:\/\/www.yungayino.cl\/noticias\/wp-content\/uploads\/2019\/10\/51_familias.jpg 700w, https:\/\/www.yungayino.cl\/noticias\/wp-content\/uploads\/2019\/10\/51_familias-300x150.jpg 300w\" sizes=\"auto, (max-width: 700px) 100vw, 700px\" \/><\/p>\n<p style=\"text-align: justify;\">Yungay, octubre 2019: Tras largos a\u00f1os de espera y luego de una excelente gesti\u00f3n de nuestro municipio, a cargo del Sr. Miguel Badilla Benavente, encargado de oficina de vivienda, hoy se concreta el anhelo de 51 familias yungayinas de poder contar con su casa propia.<\/p>\n<p style=\"text-align: justify;\">En una emotiva ceremonia, encabezada por el Intendente Regional, Sr. Mart\u00edn Arrau Garc\u00eda-Huidobro y el alcalde de la comuna de Yungay, Sr. Rafael Cifuentes Rodr\u00edguez, se realiz\u00f3 la colocaci\u00f3n de la primera piedra para la construcci\u00f3n de 51 viviendas para las familias pertenecientes a los comit\u00e9s Larga Espera y La Victoria.<\/p>\n<p style=\"text-align: justify;\"><iframe loading=\"lazy\" style=\"border: none; overflow: hidden;\" src=\"https:\/\/www.facebook.com\/plugins\/post.php?href=https:\/\/www.facebook.com\/yungayino.cl\/posts\/2913992921949061?__xts__%5B0%5D=68.ARCxb-TubCv31CNsvqi2Im-ffiEhBjZp8nuj-EWvZMA6JOtP3u-V2LhcmmP-cHkqsuaBaF6CB6q4PVGpRU9_TVyWmtpfdR021UefzxqrI3-Gw33BOwgwuoWLQ1abYJSdwSK0NAKpxX7cPI3pXenjxbq2OmKvmpVnD1Plv5m12_4IKxQUv2itBLKe9oFtVlEZVKYnxDKCAa4bN2jshvUyMUqWU3HcLCkcuU1tjEBlIdK4O0iSrkJQFISeTk8NBiUycmTyfSuZsQ-p8xHU1NmeEE9Ln7a5rO30AT1nbzPLDzVlS8j56pMDl4axjTsYCd-FcJ5zHnC2KuqyeC9g6hCJlUFjxxi4aAbsvdPFQxu-Sgfu99I-BPWTaMLhlCCQWo1BRfFIDMxaAsVR_IpKCyZukH3IcaZIJRtW0mib7VmgRle7CUm-eIURdpHUw0GPrA2gVsOUSnDxMr7EIH5c2x-1&amp;__tn__=-R&amp;l=a77e327dc6&amp;l=f5951f1994&amp;l=bfecbb8adf&amp;l=687b6bf5da&amp;width=500&amp;show_text=true&amp;height=691&amp;appId\" width=\"500\" height=\"691\" frameborder=\"0\" scrolling=\"no\"><\/iframe><\/p>\n<p style=\"text-align: justify;\">\u201cM\u00e1s de 22 a\u00f1os estuvieron esperando las familias para poder cumplir con este sue\u00f1o, doy gracias al equipo municipal, a las familias y al gobierno, por todo lo realizado en pos de este proyecto. El 2017 certificamos los proyectos, porque as\u00ed nos comprometimos desde el primer d\u00eda y este a\u00f1o recibimos el financiamiento para construir las 51 viviendas, felicidades a todas las familias beneficiarias\u201d fueron las emotivas palabras del alcalde Sr. Rafael Cifuentes Rodr\u00edguez.<\/p>\n<p style=\"text-align: justify;\">\u201cNo ha sido f\u00e1cil, han pasado muchos a\u00f1os, muchos dirigentes y hoy estamos cumpliendo nuestro sue\u00f1o\u201d se\u00f1al\u00f3 emocionada la Presidenta del Comit\u00e9 de Vivienda La Victoria, Sra. Natividad Sanhueza, en representaci\u00f3n de todos los beneficiarios, \u201cAhora esperamos que en el ministerio se sigan aprobando estos proyectos para que las familias puedan gozar este sentimiento de alegr\u00eda\u201d.<\/p>\n<p style=\"text-align: justify;\">\u201cCuando se trabaj\u00f3 en la creaci\u00f3n de la nueva regi\u00f3n de \u00d1uble se hizo pensando en poder resolver este tipo de problemas, familias esperando a\u00f1os poder obtener su vivienda propia. Estamos muy contentos porque hoy ser regi\u00f3n nos ha permitido tener un nombre para poder capturar m\u00e1s recursos en beneficio de las personas\u201d fueron las palabras del Intendente Regional de \u00d1uble.<\/p>\n<p style=\"text-align: justify;\">[su_button url=\u00bbhttps:\/\/www.facebook.com\/pg\/yungayino.cl\/photos\/?tab=album&amp;album_id=2913992588615761&#8243; target=\u00bbblank\u00bb size=\u00bb7&#8243; radius=\u00bbround\u00bb icon=\u00bbicon: facebook-square\u00bb]FOTOGRAF\u00cdAS &#8211; 51 Familias Yungayinas Cumplir\u00e1n el Sue\u00f1o de la Casa Propia[\/su_button]<\/p>\n","protected":false},"excerpt":{"rendered":"<p>Yungay, octubre 2019: Tras largos a\u00f1os de espera y luego de una excelente gesti\u00f3n de nuestro municipio, a cargo del Sr. Miguel Badilla Benavente, encargado de oficina de vivienda, hoy se concreta el anhelo&#46;&#46;&#46;<\/p>\n","protected":false},"author":2,"featured_media":21445,"comment_status":"closed","ping_status":"open","sticky":false,"template":"","format":"standard","meta":{"footnotes":""},"categories":[3,1],"tags":[2088,1115,1922,8,6,117],"class_list":["post-21444","post","type-post","status-publish","format-standard","has-post-thumbnail","hentry","category-actualidad","category-noticias","tag-casa-propia","tag-noticias","tag-vivienda","tag-yungay","tag-yungayino","tag-yungayinocl"],"_links":{"self":[{"href":"https:\/\/www.yungayino.cl\/noticias\/index.php?rest_route=\/wp\/v2\/posts\/21444","targetHints":{"allow":["GET"]}}],"collection":[{"href":"https:\/\/www.yungayino.cl\/noticias\/index.php?rest_route=\/wp\/v2\/posts"}],"about":[{"href":"https:\/\/www.yungayino.cl\/noticias\/index.php?rest_route=\/wp\/v2\/types\/post"}],"author":[{"embeddable":true,"href":"https:\/\/www.yungayino.cl\/noticias\/index.php?rest_route=\/wp\/v2\/users\/2"}],"replies":[{"embeddable":true,"href":"https:\/\/www.yungayino.cl\/noticias\/index.php?rest_route=%2Fwp%2Fv2%2Fcomments&post=21444"}],"version-history":[{"count":4,"href":"https:\/\/www.yungayino.cl\/noticias\/index.php?rest_route=\/wp\/v2\/posts\/21444\/revisions"}],"predecessor-version":[{"id":21449,"href":"https:\/\/www.yungayino.cl\/noticias\/index.php?rest_route=\/wp\/v2\/posts\/21444\/revisions\/21449"}],"wp:featuredmedia":[{"embeddable":true,"href":"https:\/\/www.yungayino.cl\/noticias\/index.php?rest_route=\/wp\/v2\/media\/21445"}],"wp:attachment":[{"href":"https:\/\/www.yungayino.cl\/noticias\/index.php?rest_route=%2Fwp%2Fv2%2Fmedia&parent=21444"}],"wp:term":[{"taxonomy":"category","embeddable":true,"href":"https:\/\/www.yungayino.cl\/noticias\/index.php?rest_route=%2Fwp%2Fv2%2Fcategories&post=21444"},{"taxonomy":"post_tag","embeddable":true,"href":"https:\/\/www.yungayino.cl\/noticias\/index.php?rest_route=%2Fwp%2Fv2%2Ftags&post=21444"}],"curies":[{"name":"wp","href":"https:\/\/api.w.org\/{rel}","templated":true}]}}