{"id":21483,"date":"2019-10-18T09:00:15","date_gmt":"2019-10-18T12:00:15","guid":{"rendered":"http:\/\/www.yungayino.cl\/noticias\/?p=21483"},"modified":"2019-10-18T10:19:08","modified_gmt":"2019-10-18T13:19:08","slug":"escuela-fernando-baquedano-realizo-homenaje-a-profesora-senora-helga-guinez-barra","status":"publish","type":"post","link":"https:\/\/www.yungayino.cl\/noticias\/?p=21483","title":{"rendered":"Escuela Fernando Baquedano Realiz\u00f3 Homenaje a Profesora Se\u00f1ora Helga Gu\u00ed\u00f1ez Barra"},"content":{"rendered":"<p><img loading=\"lazy\" decoding=\"async\" class=\"alignnone size-full wp-image-21484\" src=\"http:\/\/www.yungayino.cl\/noticias\/wp-content\/uploads\/2019\/10\/laboratorio_ciencias_fernando_baquedano.jpg\" alt=\"\" width=\"700\" height=\"350\" srcset=\"https:\/\/www.yungayino.cl\/noticias\/wp-content\/uploads\/2019\/10\/laboratorio_ciencias_fernando_baquedano.jpg 700w, https:\/\/www.yungayino.cl\/noticias\/wp-content\/uploads\/2019\/10\/laboratorio_ciencias_fernando_baquedano-300x150.jpg 300w\" sizes=\"auto, (max-width: 700px) 100vw, 700px\" \/><\/p>\n<p style=\"text-align: justify;\">Yungay, octubre de 2019: En el marco de la semana\u00a0de la Ciencia y la Tecnolog\u00eda, autoridades comunales y de educaci\u00f3n, se dieron cita el pasado 11 de octubre a una importante y significativa ceremonia, donde se instal\u00f3 el nombre al laboratorio de Ciencias de la Escuela Fernando Baquedano.<\/p>\n<p style=\"text-align: justify;\"><iframe loading=\"lazy\" style=\"border: none; overflow: hidden;\" src=\"https:\/\/www.facebook.com\/plugins\/post.php?href= https:\/\/www.facebook.com\/yungayino.cl\/posts\/2931508566864163?__xts__%5B0%5D=68.ARAnpDBDp3i9uWyfJdbY-PwqOgxOb1bqNupInnu2s-avGm9meuLf0ZYlWg0-BgU-eXleFabNyfQiZWPJXm4PmcOE0M3Gz-bdLKd18bPfkd-pn5-8dHs_r8Uv0ZViF4bSMk4SjV2qBZZvuaZyzoycKDY84AA3buu1uqtXslWS5uuaALlqib38zwygVPhMDbdg9YAWKweQ6aAsJ9IN1iMram89frXIpvFj6KoF3lnwkz1ezJaaFYjzklKmfrzxDr-Z5eJxKtnWxHDx1_hhl608cz1qsJ5-0Gy-HrEn_kAAMWmElrWOmdch8GoXOd5mYMXS1iiJEWxel2bEEaZFNvr9l1qROXw_0z4v762FVc7L04dqtM20Vg2h2LyEjGHBfeOLZ6vHyW3iCXFup6cnJSZ838bnD5fwboccX9KDXDM2ph2Q45izUWe3176busSibS4k6hYBqfRIek1J1SG5gAJO&amp;__tn__=-R&amp;l=a77e327dc6&amp;l=f5951f1994&amp;l=bfecbb8adf&amp;l=687b6bf5da&amp;width=500&amp;show_text=true&amp;height=691&amp;appId\" width=\"500\" height=\"691\" frameborder=\"0\" scrolling=\"no\"><\/iframe><\/p>\n<p>&nbsp;<\/p>\n<p>&nbsp;<\/p>\n<p style=\"text-align: justify;\">En la oportunidad se reconoci\u00f3 a la docente, hoy en retiro, profesora Sra. Helga Gu\u00ed\u00f1ez Barra, por su destacada trayectoria, compromiso e importante aporte realizado tanto comunal, regional y nacional, nombrando as\u00ed el Laboratorio de Ciencias \u201cHelga Gu\u00ed\u00f1ez Barra\u201d.<\/p>\n<p style=\"text-align: justify;\">La ceremonia de reconocimiento estuvo liderada por el Director de la Escuela Fernando Baquedano Sr. Zoilo Irarr\u00e1zabal Osses, el Administrador Municipal Sr. Felipe Lagos Bizama, La Jefa Daem Sra. Eugenia L\u00f3pez, docentes, invitados especiales y comunidad educativa.<\/p>\n<p style=\"text-align: justify;\">\u201cEn el marco de sus competencias profesionales y el trabajo en apoyo al desarrollo de la ciencia como un aprendizaje constante de nuestros estudiantes, es para nuestro municipio una real importancia hoy destacar la labor desarrollada por la profesora Sra. Helga Gu\u00ed\u00f1ez, por eso hoy hemos asistido, para sumarnos a este destacado reconocimiento\u201d fueron las palabras del administrador municipal, Sr. Felipe Lagos Bizama, en representaci\u00f3n del alcalde de nuestra comuna.<\/p>\n<p style=\"text-align: justify;\">[su_button url=\u00bbhttps:\/\/www.facebook.com\/pg\/yungayino.cl\/photos\/?tab=album&amp;album_id=2931508393530847&#8243; target=\u00bbblank\u00bb size=\u00bb7&#8243; radius=\u00bbround\u00bb icon=\u00bbicon: facebook-square\u00bb]FOTOGRAF\u00cdAS &#8211; Escuela Fernando Baquedano Realiz\u00f3 Homenaje a Profesora Se\u00f1ora Helga Gu\u00ed\u00f1ez Barra[\/su_button]<\/p>\n","protected":false},"excerpt":{"rendered":"<p>Yungay, octubre de 2019: En el marco de la semana\u00a0de la Ciencia y la Tecnolog\u00eda, autoridades comunales y de educaci\u00f3n, se dieron cita el pasado 11 de octubre a una importante y significativa ceremonia,&#46;&#46;&#46;<\/p>\n","protected":false},"author":2,"featured_media":21484,"comment_status":"closed","ping_status":"open","sticky":false,"template":"","format":"standard","meta":{"footnotes":""},"categories":[1493,1],"tags":[190,2092,2093,1115,8,6,117],"class_list":["post-21483","post","type-post","status-publish","format-standard","has-post-thumbnail","hentry","category-educacion","category-noticias","tag-escuela-fernando-baquedano","tag-helga-guinez","tag-laboratorio-ciencias","tag-noticias","tag-yungay","tag-yungayino","tag-yungayinocl"],"_links":{"self":[{"href":"https:\/\/www.yungayino.cl\/noticias\/index.php?rest_route=\/wp\/v2\/posts\/21483","targetHints":{"allow":["GET"]}}],"collection":[{"href":"https:\/\/www.yungayino.cl\/noticias\/index.php?rest_route=\/wp\/v2\/posts"}],"about":[{"href":"https:\/\/www.yungayino.cl\/noticias\/index.php?rest_route=\/wp\/v2\/types\/post"}],"author":[{"embeddable":true,"href":"https:\/\/www.yungayino.cl\/noticias\/index.php?rest_route=\/wp\/v2\/users\/2"}],"replies":[{"embeddable":true,"href":"https:\/\/www.yungayino.cl\/noticias\/index.php?rest_route=%2Fwp%2Fv2%2Fcomments&post=21483"}],"version-history":[{"count":3,"href":"https:\/\/www.yungayino.cl\/noticias\/index.php?rest_route=\/wp\/v2\/posts\/21483\/revisions"}],"predecessor-version":[{"id":21488,"href":"https:\/\/www.yungayino.cl\/noticias\/index.php?rest_route=\/wp\/v2\/posts\/21483\/revisions\/21488"}],"wp:featuredmedia":[{"embeddable":true,"href":"https:\/\/www.yungayino.cl\/noticias\/index.php?rest_route=\/wp\/v2\/media\/21484"}],"wp:attachment":[{"href":"https:\/\/www.yungayino.cl\/noticias\/index.php?rest_route=%2Fwp%2Fv2%2Fmedia&parent=21483"}],"wp:term":[{"taxonomy":"category","embeddable":true,"href":"https:\/\/www.yungayino.cl\/noticias\/index.php?rest_route=%2Fwp%2Fv2%2Fcategories&post=21483"},{"taxonomy":"post_tag","embeddable":true,"href":"https:\/\/www.yungayino.cl\/noticias\/index.php?rest_route=%2Fwp%2Fv2%2Ftags&post=21483"}],"curies":[{"name":"wp","href":"https:\/\/api.w.org\/{rel}","templated":true}]}}