{"id":21494,"date":"2019-10-21T18:00:39","date_gmt":"2019-10-21T21:00:39","guid":{"rendered":"http:\/\/www.yungayino.cl\/noticias\/?p=21494"},"modified":"2019-10-21T21:47:44","modified_gmt":"2019-10-22T00:47:44","slug":"mujeres-de-yungay-participan-de-encuentro-comunal-del-programa-jefas-de-hogar","status":"publish","type":"post","link":"https:\/\/www.yungayino.cl\/noticias\/?p=21494","title":{"rendered":"Mujeres de Yungay Participan de Encuentro Comunal del Programa Jefas de Hogar"},"content":{"rendered":"<p><img loading=\"lazy\" decoding=\"async\" class=\"alignnone size-full wp-image-21495\" src=\"http:\/\/www.yungayino.cl\/noticias\/wp-content\/uploads\/2019\/10\/mujeres_jefas_hogar_201910.jpg\" alt=\"\" width=\"700\" height=\"351\" srcset=\"https:\/\/www.yungayino.cl\/noticias\/wp-content\/uploads\/2019\/10\/mujeres_jefas_hogar_201910.jpg 700w, https:\/\/www.yungayino.cl\/noticias\/wp-content\/uploads\/2019\/10\/mujeres_jefas_hogar_201910-300x150.jpg 300w, https:\/\/www.yungayino.cl\/noticias\/wp-content\/uploads\/2019\/10\/mujeres_jefas_hogar_201910-299x150.jpg 299w\" sizes=\"auto, (max-width: 700px) 100vw, 700px\" \/><\/p>\n<p style=\"text-align: justify;\">Yungay, lunes 21 de octubre 2019: Un espacio de reflexi\u00f3n y evaluaci\u00f3n fue el objetivo del encuentro comunal del Programa Mujeres Jefas de Hogar que se ejecut\u00f3 hoy en nuestra biblioteca en presencia del alcalde, Rafael Cifuentes Rodr\u00edguez, la directora de DIDECO, Pamela Jelves y las encargadas del programa, Karen Novoa y Alejandra Contreras.<\/p>\n<p style=\"text-align: justify;\"><iframe loading=\"lazy\" style=\"border: none; overflow: hidden;\" src=\"https:\/\/www.facebook.com\/plugins\/post.php?href=https:\/\/www.facebook.com\/yungayino.cl\/posts\/2939673729380980?__xts__%5B0%5D=68.ARCASJtYBIUERdSQi3g5YxZuih6ilU_NI29oaa4BFxLs_bPq-NMZ52w5cIO77cuT7rioJhrvcnOB7hzgOKtzfhn0vRWeCb0pVfaSj-9AyHclm_YZ-4ySnvLGB1a58XshnnPA106xTQ281KLdMfaMBc6tzIV-G33OcQ1xt4EkpckhSDAECX_myS4J2Yz_ClDLxtMqWlY4ZbqRcNZ3ELDkY0ErRUZM_TXmgUnK-6fgp4IMkHsSkZwBdcjMK8Le9oWvk2Phxv2qLNyQJRpmm_u-q5dJoHLpRo1IZAfuTOCXI8El9TjQw4EYepxiQlk1IVlumh8gVidpY6hGV5CP2xS_4zHIVdiH3-UvGYQKdQoMKAIaHhNqLdDZhc7uCs-drCXlp9f5JozL0ZiscxKqYvEHz26NZif0Z6gMTW8d1XOfYX-KTHzhk2Q3m3cf4WTlxqA9EQv2a6d6_pAVZmMaDQ3r&amp;__tn__=-R&amp;l=a77e327dc6&amp;l=f5951f1994&amp;l=bfecbb8adf&amp;l=687b6bf5da&amp;width=500&amp;show_text=true&amp;height=691&amp;appId\" width=\"500\" height=\"691\" frameborder=\"0\" scrolling=\"no\"><\/iframe><\/p>\n<p>&nbsp;<\/p>\n<p>&nbsp;<\/p>\n<p style=\"text-align: justify;\">El programa se enmarca en el convenio entre el Servicio Nacional de la Mujer y la Equidad de G\u00e9nero, Sernameg y el Municipio de Yungay el cual tiene el objetivo de ser un apoyo socio laboral, facilitando el acceso al mercado laboral y potenciando las capacidades de las mujeres.<\/p>\n<p style=\"text-align: justify;\">\u201cQuiero felicitar a todas las beneficiarias de este programa por su constancia, uno de los pilares fundamentales necesarios para mejorar la calidad de vida de sus familias\u201d reconoci\u00f3 el alcalde durante la ceremonia \u201cy quiero felicitar tambi\u00e9n a las profesionales que trabajan d\u00eda a d\u00eda por estas mujeres\u201d refiri\u00e9ndose a las encargadas de los programas Mujeres Jefas de Hogar en su l\u00ednea dependiente e independiente.<\/p>\n<p style=\"text-align: justify;\"><strong>Carolina Zapata Sep\u00falveda<\/strong>, usuaria del programa, transmiti\u00f3 su agradecimiento y evaluaci\u00f3n sobre los talleres, fondos concursables, capacitaci\u00f3n en oficios, entre otros, recibidos y ejecutados durante el a\u00f1o, \u201ccomo mujeres somos un ejemplo de sacrifico y seguiremos trabajando por sacar a nuestras familias adelante\u201d fueron las palabras que sacaron aplausos entre sus compa\u00f1eras.<\/p>\n<p style=\"text-align: justify;\">[su_button url=\u00bbhttps:\/\/www.facebook.com\/pg\/yungayino.cl\/photos\/?tab=album&amp;album_id=2939673329381020&#8243; target=\u00bbblank\u00bb size=\u00bb7&#8243; radius=\u00bbround\u00bb icon=\u00bbicon: facebook-square\u00bb]FOTOGRAF\u00cdAS &#8211; Mujeres de Yungay Participan de Encuentro Comunal del Programa Jefas de Hogar[\/su_button]<\/p>\n","protected":false},"excerpt":{"rendered":"<p>Yungay, lunes 21 de octubre 2019: Un espacio de reflexi\u00f3n y evaluaci\u00f3n fue el objetivo del encuentro comunal del Programa Mujeres Jefas de Hogar que se ejecut\u00f3 hoy en nuestra biblioteca en presencia del&#46;&#46;&#46;<\/p>\n","protected":false},"author":2,"featured_media":21495,"comment_status":"closed","ping_status":"open","sticky":false,"template":"","format":"standard","meta":{"footnotes":""},"categories":[1],"tags":[1115,2094,8,6,117],"class_list":["post-21494","post","type-post","status-publish","format-standard","has-post-thumbnail","hentry","category-noticias","tag-noticias","tag-programa-jefas-de-hogar","tag-yungay","tag-yungayino","tag-yungayinocl"],"_links":{"self":[{"href":"https:\/\/www.yungayino.cl\/noticias\/index.php?rest_route=\/wp\/v2\/posts\/21494","targetHints":{"allow":["GET"]}}],"collection":[{"href":"https:\/\/www.yungayino.cl\/noticias\/index.php?rest_route=\/wp\/v2\/posts"}],"about":[{"href":"https:\/\/www.yungayino.cl\/noticias\/index.php?rest_route=\/wp\/v2\/types\/post"}],"author":[{"embeddable":true,"href":"https:\/\/www.yungayino.cl\/noticias\/index.php?rest_route=\/wp\/v2\/users\/2"}],"replies":[{"embeddable":true,"href":"https:\/\/www.yungayino.cl\/noticias\/index.php?rest_route=%2Fwp%2Fv2%2Fcomments&post=21494"}],"version-history":[{"count":2,"href":"https:\/\/www.yungayino.cl\/noticias\/index.php?rest_route=\/wp\/v2\/posts\/21494\/revisions"}],"predecessor-version":[{"id":21497,"href":"https:\/\/www.yungayino.cl\/noticias\/index.php?rest_route=\/wp\/v2\/posts\/21494\/revisions\/21497"}],"wp:featuredmedia":[{"embeddable":true,"href":"https:\/\/www.yungayino.cl\/noticias\/index.php?rest_route=\/wp\/v2\/media\/21495"}],"wp:attachment":[{"href":"https:\/\/www.yungayino.cl\/noticias\/index.php?rest_route=%2Fwp%2Fv2%2Fmedia&parent=21494"}],"wp:term":[{"taxonomy":"category","embeddable":true,"href":"https:\/\/www.yungayino.cl\/noticias\/index.php?rest_route=%2Fwp%2Fv2%2Fcategories&post=21494"},{"taxonomy":"post_tag","embeddable":true,"href":"https:\/\/www.yungayino.cl\/noticias\/index.php?rest_route=%2Fwp%2Fv2%2Ftags&post=21494"}],"curies":[{"name":"wp","href":"https:\/\/api.w.org\/{rel}","templated":true}]}}