{"id":21502,"date":"2019-10-25T10:00:53","date_gmt":"2019-10-25T13:00:53","guid":{"rendered":"http:\/\/www.yungayino.cl\/noticias\/?p=21502"},"modified":"2019-10-25T10:57:12","modified_gmt":"2019-10-25T13:57:12","slug":"recogen-inquietudes-y-refuerzan-coordinaciones-con-municipios-de-diguillin","status":"publish","type":"post","link":"https:\/\/www.yungayino.cl\/noticias\/?p=21502","title":{"rendered":"Recogen Inquietudes y Refuerzan Coordinaciones con Municipios de Diguill\u00edn"},"content":{"rendered":"<p><img loading=\"lazy\" decoding=\"async\" class=\"alignnone size-full wp-image-21503\" src=\"http:\/\/www.yungayino.cl\/noticias\/wp-content\/uploads\/2019\/10\/municipio_octubre_201910.jpg\" alt=\"\" width=\"700\" height=\"350\" srcset=\"https:\/\/www.yungayino.cl\/noticias\/wp-content\/uploads\/2019\/10\/municipio_octubre_201910.jpg 700w, https:\/\/www.yungayino.cl\/noticias\/wp-content\/uploads\/2019\/10\/municipio_octubre_201910-300x150.jpg 300w\" sizes=\"auto, (max-width: 700px) 100vw, 700px\" \/><\/p>\n<p style=\"text-align: justify;\">Gobernador (s) Patricio Caama\u00f1o visit\u00f3 cada una de las comunas de la Provincia, para reunirse con alcaldes y conocer la situaci\u00f3n de sus comunas. Solo resta reunirse con el municipio de Chill\u00e1n Viejo.<\/p>\n<p style=\"text-align: justify;\">Con el objetivo de conocer in situ la situaci\u00f3n que vive cada una de las comunas de la Provincia de Diguill\u00edn desde comenzadas las manifestaciones sociales, el Gobernador (s) de Diguill\u00edn Patricio Caama\u00f1o, acompa\u00f1ado por el encargado Provincial de Emergencias y Protecci\u00f3n Civil de la Gobernaci\u00f3n, Ram\u00f3n Mora, tuvieron un recorrido y se reunieron con cada uno de los alcaldes del territorio, y as\u00ed poder recoger sus inquietudes y coordinar acciones, adem\u00e1s de hacer el seguimiento de las convocatorias variadas, trabajadas a su vez con Carabineros de Chile.<\/p>\n<p style=\"text-align: justify;\"><iframe loading=\"lazy\" style=\"border: none; overflow: hidden;\" src=\"https:\/\/www.facebook.com\/plugins\/post.php?href=https:\/\/www.facebook.com\/yungayino.cl\/posts\/2947971761884510?__xts__%5B0%5D=68.ARDmHD8mV2yfzOhiU_45L7GXE0hK16SeS2NQ9wJt-Dsl1LNUbBfvvHvQYE_JyYqZYRnghg5PjTV3Zo9ungVipfBNLfre0wUlhScdU8Gc2EA4Kkm0Nxtnc7LDNjVARyYOtUyD4JdTGEopX_LEf_oSPlxoA2BBq9_u9swGRHmP45smyv1-AMo7kuOjr6bEjaKQgts2ToFqRDZ7Mh_MNlNwSwdAHB-S_Kq1gUiGcbUu10ZDHfdfMJkPv0oA_XYmZOXZxPGru53Kx88X_r34-mOO8-op4MsGrd21HnqZdtLvwsIOCs_lK_1cu0-j-g1nlpLXfjDm-uS4P9hk-wA_wBAr3st7BhuQaiKBa2Y4sdlAPE4H5nHDEQYXaZmmOJb3_LgU-MVZkrcmd7_1KkuukesYEi0cXZKKvDMwFhrdT36WTrJacs7g_v-Bt6ws39k3cEE5Ozdity0qaxTLwyDgJ6kF&amp;__tn__=-R&amp;l=a77e327dc6&amp;l=f5951f1994&amp;l=bfecbb8adf&amp;l=687b6bf5da&amp;width=500&amp;show_text=true&amp;height=691&amp;appId\" width=\"500\" height=\"691\" frameborder=\"0\" scrolling=\"no\"><\/iframe><\/p>\n<p>&nbsp;<\/p>\n<p style=\"text-align: justify;\">\u201cRealizamos una visita a la totalidad de las comunas de Diguill\u00edn, donde se coincide en el descontento social con el mundo pol\u00edtico, y tambi\u00e9n un mea culpa territorial, lo que a su vez nos da la oportunidad de poder generar una propuesta al nivel central, que gracias a la nueva agenda social anunciada por el Presidente Pi\u00f1era, pudiese ser el camino para comenzar a construir. Lo m\u00e1s importante es que todos coincidimos en que este el momento de s\u00ed o s\u00ed avanzar y hacer algo por las comunas, provincia, regi\u00f3n y el pa\u00eds\u201d, coment\u00f3 el Gobernador (s).<\/p>\n<p style=\"text-align: justify;\">En el caso de Yungay, el alcalde Rafael Cifuentes estuvo acompa\u00f1ado por los concejales de la comuna, instancia donde aprovecharon de plantearle una serie de requerimientos de la comunidad, enfatizados en mejoras viales, reconstrucci\u00f3n del Liceo de Yungay, aumento de la dotaci\u00f3n policial, entre otras.<\/p>\n<p style=\"text-align: justify;\">\u201cHemos realizado gestiones durante estos dos a\u00f1os y medio como administraci\u00f3n, avanzado bastante. Ahora falta que nos asignen los recursos para cumplir con proyectos emblem\u00e1ticos en nuestra comuna, y as\u00ed mejorar la calidad de vida de nuestra gente\u201d, precis\u00f3 el alcalde Cifuentes.<\/p>\n<p style=\"text-align: justify;\">Por su parte con el alcalde de Bulnes Jorge Hidalgo, tambi\u00e9n el \u00e9nfasis fue analizar las situaciones vividas y que pudiesen afectar a la capital provincial, y llevar as\u00ed tranquilidad a los bulnenses, donde todas sus actividades y convocatorias a manifestarse se han desarrollado con plena tranquilidad, exceptuando un par de noches con cortes en la Ruta 5 Sur, en las cercan\u00edas de Santa Clara, donde surgieron algunas barricadas.<\/p>\n<p style=\"text-align: justify;\">Tras el recorrido comenzado el reciente martes, el Gobernador adem\u00e1s aprovech\u00f3 de reunirse con la Mayor de la 6ta Comisar\u00eda de Carabineros de Chill\u00e1n Viejo, Karem Riveros, as\u00ed como con la C\u00e1mara de Comercio de Bulnes, quienes le manifestaron su preocupaci\u00f3n por la seguridad p\u00fablica y de sus locales, los que hasta la hora no han sido afectados. Para la presente jornada resta el \u00faltimo municipio por visitar, el cual corresponde al de Chill\u00e1n Viejo.<\/p>\n<p style=\"text-align: justify;\">Finalmente el Gobernador (s) Caama\u00f1o, reiter\u00f3 el llamado a que quienes se manifiesten, lo hagan de manera pac\u00edfica, tal y como ha sido la t\u00f3nica en la mayor\u00eda de las convocatorias masivas concretadas en Chill\u00e1n, distintas a lo mostrado a como termin\u00f3 la marcha de la noche del domingo pasado, con gran afectaci\u00f3n a locales comerciales, principalmente en el radio c\u00e9ntrico de la ciudad, y que finalmente oblig\u00f3 a decretar el Estado de Emergencia por parte del Gobierno de Chile en la intercomuna Chill\u00e1n \u2013 Chill\u00e1n Viejo.<\/p>\n<p style=\"text-align: justify;\">\u201cAdem\u00e1s de la Nueva Agenda Social anunciada el reciente martes por el Presidente, que lleg\u00f3 a hacerse cargo de las principales demandas planteadas por la ciudadan\u00eda en el pa\u00eds, y en las que se sigue trabajando, debemos sumar el Plan de Normalizaci\u00f3n dado a conocer ayer jueves, con el fin de terminar levantando los Estados de Emergencia, sumado a la firma del proyecto para anular la alza de electricidad\u201d, cerr\u00f3 Caama\u00f1o.<\/p>\n<p style=\"text-align: justify;\">[su_button url=\u00bbhttps:\/\/www.facebook.com\/pg\/yungayino.cl\/photos\/?tab=album&amp;album_id=2947971561884530&#8243; target=\u00bbblank\u00bb size=\u00bb7&#8243; radius=\u00bbround\u00bb icon=\u00bbicon: facebook-square\u00bb]FOTOGRAF\u00cdAS &#8211; Recogen Inquietudes y Refuerzan Coordinaciones con Municipios de Diguill\u00edn[\/su_button]<\/p>\n","protected":false},"excerpt":{"rendered":"<p>Gobernador (s) Patricio Caama\u00f1o visit\u00f3 cada una de las comunas de la Provincia, para reunirse con alcaldes y conocer la situaci\u00f3n de sus comunas. Solo resta reunirse con el municipio de Chill\u00e1n Viejo. Con&#46;&#46;&#46;<\/p>\n","protected":false},"author":2,"featured_media":21503,"comment_status":"closed","ping_status":"open","sticky":false,"template":"","format":"standard","meta":{"footnotes":""},"categories":[3,1],"tags":[1763,1115,8,6,117],"class_list":["post-21502","post","type-post","status-publish","format-standard","has-post-thumbnail","hentry","category-actualidad","category-noticias","tag-diguillin","tag-noticias","tag-yungay","tag-yungayino","tag-yungayinocl"],"_links":{"self":[{"href":"https:\/\/www.yungayino.cl\/noticias\/index.php?rest_route=\/wp\/v2\/posts\/21502","targetHints":{"allow":["GET"]}}],"collection":[{"href":"https:\/\/www.yungayino.cl\/noticias\/index.php?rest_route=\/wp\/v2\/posts"}],"about":[{"href":"https:\/\/www.yungayino.cl\/noticias\/index.php?rest_route=\/wp\/v2\/types\/post"}],"author":[{"embeddable":true,"href":"https:\/\/www.yungayino.cl\/noticias\/index.php?rest_route=\/wp\/v2\/users\/2"}],"replies":[{"embeddable":true,"href":"https:\/\/www.yungayino.cl\/noticias\/index.php?rest_route=%2Fwp%2Fv2%2Fcomments&post=21502"}],"version-history":[{"count":4,"href":"https:\/\/www.yungayino.cl\/noticias\/index.php?rest_route=\/wp\/v2\/posts\/21502\/revisions"}],"predecessor-version":[{"id":21507,"href":"https:\/\/www.yungayino.cl\/noticias\/index.php?rest_route=\/wp\/v2\/posts\/21502\/revisions\/21507"}],"wp:featuredmedia":[{"embeddable":true,"href":"https:\/\/www.yungayino.cl\/noticias\/index.php?rest_route=\/wp\/v2\/media\/21503"}],"wp:attachment":[{"href":"https:\/\/www.yungayino.cl\/noticias\/index.php?rest_route=%2Fwp%2Fv2%2Fmedia&parent=21502"}],"wp:term":[{"taxonomy":"category","embeddable":true,"href":"https:\/\/www.yungayino.cl\/noticias\/index.php?rest_route=%2Fwp%2Fv2%2Fcategories&post=21502"},{"taxonomy":"post_tag","embeddable":true,"href":"https:\/\/www.yungayino.cl\/noticias\/index.php?rest_route=%2Fwp%2Fv2%2Ftags&post=21502"}],"curies":[{"name":"wp","href":"https:\/\/api.w.org\/{rel}","templated":true}]}}