{"id":21513,"date":"2019-11-06T10:00:59","date_gmt":"2019-11-06T13:00:59","guid":{"rendered":"http:\/\/www.yungayino.cl\/noticias\/?p=21513"},"modified":"2019-11-06T12:33:15","modified_gmt":"2019-11-06T15:33:15","slug":"cuentas-alegres-sacaron-los-emprendedores-de-santa-lucia-bajo-tras-el-exito-de-su-primera-expo-rural","status":"publish","type":"post","link":"https:\/\/www.yungayino.cl\/noticias\/?p=21513","title":{"rendered":"Cuentas Alegres Sacaron los Emprendedores de Santa Luc\u00eda Bajo Tras el \u00c9xito de su Primera Expo Rural"},"content":{"rendered":"<p><img loading=\"lazy\" decoding=\"async\" class=\"alignnone size-full wp-image-21520\" src=\"http:\/\/www.yungayino.cl\/noticias\/wp-content\/uploads\/2019\/11\/primera_expo_rural_santa_lucia_bajo_2019-1.jpg\" alt=\"\" width=\"700\" height=\"350\" srcset=\"https:\/\/www.yungayino.cl\/noticias\/wp-content\/uploads\/2019\/11\/primera_expo_rural_santa_lucia_bajo_2019-1.jpg 700w, https:\/\/www.yungayino.cl\/noticias\/wp-content\/uploads\/2019\/11\/primera_expo_rural_santa_lucia_bajo_2019-1-300x150.jpg 300w\" sizes=\"auto, (max-width: 700px) 100vw, 700px\" \/><\/p>\n<p>Yungay, noviembre 2019: M\u00e1s de 250 visitantes, la concreci\u00f3n de buenos negocios para los expositores y el apoyo de la autoridad Municipal y la Empresa El\u00e9ctrica El Pinar, dejaron m\u00e1s que satisfechos a los organizadores de la muestra.<\/p>\n<p>En una gran vitrina de tejidos, artesan\u00edas, trabajos en madera, productos reciclados, tortillas, miel, huevos, conservas y mucho m\u00e1s, se transform\u00f3 para sus visitantes la 1era. edici\u00f3n de la Expo Rural de Santa Luc\u00eda Bajo.<\/p>\n<p>&nbsp;<\/p>\n<p><iframe loading=\"lazy\" style=\"border: none; overflow: hidden;\" src=\"https:\/\/www.facebook.com\/plugins\/post.php?href=https:\/\/www.facebook.com\/yungayino.cl\/posts\/2975328199148866?__xts__%5B0%5D=68.ARBonKq3FzuaaqxeQFxJLsKM-FqAa5q8RdchLrl_id987XzWByO6ZRcNvCPLn5MO9GFROZlbHrVsTMBGRruP7Oax5q_bNLBF7VCHs6AfGlD4VovM8LuyWNt6p1sFJ7Lz8ejC0HE7NsXoR_OwWM23uUJxTT28jyxym9vSjm3jza4U01xiU2GU8WoIf4OONr92eWF9tizwBlCQJSTQTx5S7AQ9mqmQK96VeDontCVS3_7ImHX9CgY4mUeBCVXlSEX52QfyYxwnCe1xw7EcJpuqFTGXFrHVGF7YFBy9eDoLRLxQH5U3G29xlLTBgG6gT8b4NIPdPK8C5sZU_KrYv1rdhqrGGTN26bKyv7oR-bV3RSI1Oi6KbwrAiD_uTSioZkGP1SlW5GdxoS4UYkpeUIdms3MMH2h96f9tde3JCOrjAg5Tc2nmwnz1lTO6JDdSO47tL1LECrRPZw6zE1XSgoJj&amp;__tn__=-R&amp;l=a77e327dc6&amp;l=f5951f1994&amp;l=bfecbb8adf&amp;l=687b6bf5da&amp;width=500&amp;show_text=true&amp;height=691&amp;appId\" width=\"500\" height=\"691\" frameborder=\"0\" scrolling=\"no\"><\/iframe><\/p>\n<p>&nbsp;<\/p>\n<p>&nbsp;<\/p>\n<p>La actividad \u2013 desarrollada el pasado fin de semana en el kil\u00f3metro 2,8 del camino a Santa Luc\u00eda Bajo, sector cordillerano de la comuna de Yungay- cont\u00f3 con la participaci\u00f3n de m\u00e1s de 250 visitantes, quienes llegaron atra\u00eddos por la propuesta comercial de los artesanos (as) de la zona, quienes liderados por la Agrupaci\u00f3n en Turismo Rural de Santa Luc\u00eda Bajo (ADETUR), exhibieron una enorme e innovadora galer\u00eda de productos elaborados de mano de su propia gente.<\/p>\n<p>En total, m\u00e1s de quince stand de productos y alrededor de 20 emprendedores fueron los participantes de la muestra, en una instancia comercial que permiti\u00f3 a los emprendedores concretar varios negocios durante la jornada.<\/p>\n<p>Al cierre del evento, la dirigencia de ADETUR y los organizadores de la 1era. Expo Rural de Santa Luc\u00eda Bajo, agradecieron a las autoridades de la I. Municipalidad de Yungay y su equipo, en el apoyo a esta primera feria, como tambi\u00e9n al \u00e1rea Social de Empresa El\u00e9ctrica El Pinar, gestor del proyecto.<\/p>\n<p>A continuaci\u00f3n, los invitamos a revisar una completa galer\u00eda de im\u00e1genes de los emprendedores y las mejores postales que nos dej\u00f3 esta primera versi\u00f3n de la Expo Rural de Santa Luc\u00eda Bajo.<\/p>\n<p>&nbsp;<\/p>\n<p>[su_button url=\u00bbhttps:\/\/www.facebook.com\/pg\/yungayino.cl\/photos\/?tab=album&amp;album_id=2975326245815728&#8243; target=\u00bbblank\u00bb size=\u00bb7&#8243; radius=\u00bbround\u00bb icon=\u00bbicon: facebook-square\u00bb]FOTOGRAF\u00cdAS &#8211; Cuentas Alegres Sacaron los Emprendedores de Santa Luc\u00eda Bajo Tras el \u00c9xito de su Primera Expo Rural[\/su_button]<\/p>\n<p>&nbsp;<\/p>\n","protected":false},"excerpt":{"rendered":"<p>Yungay, noviembre 2019: M\u00e1s de 250 visitantes, la concreci\u00f3n de buenos negocios para los expositores y el apoyo de la autoridad Municipal y la Empresa El\u00e9ctrica El Pinar, dejaron m\u00e1s que satisfechos a los&#46;&#46;&#46;<\/p>\n","protected":false},"author":2,"featured_media":21520,"comment_status":"closed","ping_status":"open","sticky":false,"template":"","format":"standard","meta":{"footnotes":""},"categories":[1],"tags":[2024,1565,1115,2095,302,8,6,117],"class_list":["post-21513","post","type-post","status-publish","format-standard","has-post-thumbnail","hentry","category-noticias","tag-adetur","tag-el-pinar","tag-noticias","tag-primera-expo-rural","tag-santa-lucia-bajo","tag-yungay","tag-yungayino","tag-yungayinocl"],"_links":{"self":[{"href":"https:\/\/www.yungayino.cl\/noticias\/index.php?rest_route=\/wp\/v2\/posts\/21513","targetHints":{"allow":["GET"]}}],"collection":[{"href":"https:\/\/www.yungayino.cl\/noticias\/index.php?rest_route=\/wp\/v2\/posts"}],"about":[{"href":"https:\/\/www.yungayino.cl\/noticias\/index.php?rest_route=\/wp\/v2\/types\/post"}],"author":[{"embeddable":true,"href":"https:\/\/www.yungayino.cl\/noticias\/index.php?rest_route=\/wp\/v2\/users\/2"}],"replies":[{"embeddable":true,"href":"https:\/\/www.yungayino.cl\/noticias\/index.php?rest_route=%2Fwp%2Fv2%2Fcomments&post=21513"}],"version-history":[{"count":5,"href":"https:\/\/www.yungayino.cl\/noticias\/index.php?rest_route=\/wp\/v2\/posts\/21513\/revisions"}],"predecessor-version":[{"id":21521,"href":"https:\/\/www.yungayino.cl\/noticias\/index.php?rest_route=\/wp\/v2\/posts\/21513\/revisions\/21521"}],"wp:featuredmedia":[{"embeddable":true,"href":"https:\/\/www.yungayino.cl\/noticias\/index.php?rest_route=\/wp\/v2\/media\/21520"}],"wp:attachment":[{"href":"https:\/\/www.yungayino.cl\/noticias\/index.php?rest_route=%2Fwp%2Fv2%2Fmedia&parent=21513"}],"wp:term":[{"taxonomy":"category","embeddable":true,"href":"https:\/\/www.yungayino.cl\/noticias\/index.php?rest_route=%2Fwp%2Fv2%2Fcategories&post=21513"},{"taxonomy":"post_tag","embeddable":true,"href":"https:\/\/www.yungayino.cl\/noticias\/index.php?rest_route=%2Fwp%2Fv2%2Ftags&post=21513"}],"curies":[{"name":"wp","href":"https:\/\/api.w.org\/{rel}","templated":true}]}}