{"id":21522,"date":"2019-11-06T16:00:39","date_gmt":"2019-11-06T19:00:39","guid":{"rendered":"http:\/\/www.yungayino.cl\/noticias\/?p=21522"},"modified":"2019-11-06T16:47:38","modified_gmt":"2019-11-06T19:47:38","slug":"liceo-yungay-celebro-su-aniversario-n175","status":"publish","type":"post","link":"https:\/\/www.yungayino.cl\/noticias\/?p=21522","title":{"rendered":"Liceo Yungay Celebr\u00f3 su Aniversario N\u00b0175"},"content":{"rendered":"<p><img loading=\"lazy\" decoding=\"async\" class=\"alignnone size-full wp-image-21523\" src=\"http:\/\/www.yungayino.cl\/noticias\/wp-content\/uploads\/2019\/11\/liceo_acto_aniversario_2019.jpg\" alt=\"\" width=\"700\" height=\"350\" srcset=\"https:\/\/www.yungayino.cl\/noticias\/wp-content\/uploads\/2019\/11\/liceo_acto_aniversario_2019.jpg 700w, https:\/\/www.yungayino.cl\/noticias\/wp-content\/uploads\/2019\/11\/liceo_acto_aniversario_2019-300x150.jpg 300w\" sizes=\"auto, (max-width: 700px) 100vw, 700px\" \/><\/p>\n<p style=\"text-align: justify;\">Yungay, mi\u00e9rcoles 06 de noviembre 2019: En el marco del aniversario N\u00b0175 del Liceo Yungay se desarroll\u00f3 un hermoso y emotivo acto de honor, el cual estuvo liderado por su Director Sr. Antonio Zepeda Novoa, adem\u00e1s del Alcalde Sr. Rafael Cifuentes Rodr\u00edguez, Miembros del Concejo Municipal, Autoridades Locales, Directores, Profesores, Alumnos e Invitados Especiales.<\/p>\n<p style=\"text-align: justify;\"><iframe loading=\"lazy\" style=\"border: none; overflow: hidden;\" src=\"https:\/\/www.facebook.com\/plugins\/post.php?href=https:\/\/www.facebook.com\/yungayino.cl\/posts\/2975807439100942?__xts__%5B0%5D=68.ARBlhSotyUydKmBoGcOmepFwUZTPezMm_U03DjR0uBbP7aB27TdmUapxOHtDJ5ibV53WNN9X-qo5K7C6GbpFUJq2u208yzkxxqLWgbytp-HTuion_RO95pyUJsrDTbtxepk7t0zczgnEg0k9WkY0PMA1NMHr6hApE4iJQ1zClH8gDmGoAqbBGHUsSRG2Spht1FzW0hLvirVJ35WpvoP8Ljhk8U85k3TFFblENcMSpJiJhbx1sFstbHClsL-7AOMR8Vr9WtsILe4axIUrSORk95ELv6kDjUxq8Ynu-eEnS68rs8_UWVVfUEogWvVjfsr8nVwKsJF1IxvE53QOIwHD74ovBgEyZSuXs3Rn_iAzdrD_IEttG7ML_PvbDma1JfFp6tLACKIv6IDxUVQfVJDYQa59BunTdk5dyFBB_OMC9TVVD7MK67yLw08bHV0LZD0_uqN9VgYO7CBLGkZpk2UB&amp;__tn__=-R&amp;l=a77e327dc6&amp;l=f5951f1994&amp;l=bfecbb8adf&amp;l=687b6bf5da&amp;width=500&amp;show_text=true&amp;height=691&amp;appId\" width=\"500\" height=\"691\" frameborder=\"0\" scrolling=\"no\"><\/iframe><\/p>\n<p>&nbsp;<\/p>\n<p>&nbsp;<\/p>\n<p style=\"text-align: justify;\">En la ocasi\u00f3n tambi\u00e9n estuvieron invitados el Pastor Sr. Bernardo Leal y el Sacerdote Sr. Boanerges Correa, quienes participaron y expresaron a todos los presentes emotivas palabras y consejos, por sobre todo con lo que respecta a la crisis social que atraviesa el pa\u00eds, discursos que fueron atentamente escuchados por los estudiantes.<\/p>\n<p style=\"text-align: justify;\">Destacar que tambi\u00e9n en la instancia se hizo entrega de reconocimientos a las profesoras Sra. Carmen Brevis y Sra. Valerie Cofr\u00e9, quienes fueron reconocidas por sus a\u00f1os de servicio y entrega a la educaci\u00f3n p\u00fablica con un fuerte y cari\u00f1oso aplauso del alumnado, tambi\u00e9n se reconoci\u00f3 a los funcionarios Sr. Ram\u00f3n Pino y Sr. Bernardo Retamal.<\/p>\n<p style=\"text-align: justify;\">Finalmente terminado el acto los presentes compartieron un c\u00f3ctel especialmente preparado con motivo de la celebraci\u00f3n de un nuevo aniversario del Liceo Yungay.<\/p>\n<p style=\"text-align: justify;\">[su_button url=\u00bbhttps:\/\/www.facebook.com\/pg\/yungayino.cl\/photos\/?tab=album&amp;album_id=2975804552434564&#8243; target=\u00bbblank\u00bb size=\u00bb7&#8243; radius=\u00bbround\u00bb icon=\u00bbicon: facebook-square\u00bb]FOTOGRAF\u00cdAS &#8211; Liceo Yungay Celebr\u00f3 su Aniversario N\u00b0175[\/su_button]<\/p>\n","protected":false},"excerpt":{"rendered":"<p>Yungay, mi\u00e9rcoles 06 de noviembre 2019: En el marco del aniversario N\u00b0175 del Liceo Yungay se desarroll\u00f3 un hermoso y emotivo acto de honor, el cual estuvo liderado por su Director Sr. Antonio Zepeda&#46;&#46;&#46;<\/p>\n","protected":false},"author":2,"featured_media":21523,"comment_status":"closed","ping_status":"open","sticky":false,"template":"","format":"standard","meta":{"footnotes":""},"categories":[1493,1],"tags":[2096,298,89,1115,8,6,117],"class_list":["post-21522","post","type-post","status-publish","format-standard","has-post-thumbnail","hentry","category-educacion","category-noticias","tag-2096","tag-aniversario","tag-liceo-yungay","tag-noticias","tag-yungay","tag-yungayino","tag-yungayinocl"],"_links":{"self":[{"href":"https:\/\/www.yungayino.cl\/noticias\/index.php?rest_route=\/wp\/v2\/posts\/21522","targetHints":{"allow":["GET"]}}],"collection":[{"href":"https:\/\/www.yungayino.cl\/noticias\/index.php?rest_route=\/wp\/v2\/posts"}],"about":[{"href":"https:\/\/www.yungayino.cl\/noticias\/index.php?rest_route=\/wp\/v2\/types\/post"}],"author":[{"embeddable":true,"href":"https:\/\/www.yungayino.cl\/noticias\/index.php?rest_route=\/wp\/v2\/users\/2"}],"replies":[{"embeddable":true,"href":"https:\/\/www.yungayino.cl\/noticias\/index.php?rest_route=%2Fwp%2Fv2%2Fcomments&post=21522"}],"version-history":[{"count":4,"href":"https:\/\/www.yungayino.cl\/noticias\/index.php?rest_route=\/wp\/v2\/posts\/21522\/revisions"}],"predecessor-version":[{"id":21527,"href":"https:\/\/www.yungayino.cl\/noticias\/index.php?rest_route=\/wp\/v2\/posts\/21522\/revisions\/21527"}],"wp:featuredmedia":[{"embeddable":true,"href":"https:\/\/www.yungayino.cl\/noticias\/index.php?rest_route=\/wp\/v2\/media\/21523"}],"wp:attachment":[{"href":"https:\/\/www.yungayino.cl\/noticias\/index.php?rest_route=%2Fwp%2Fv2%2Fmedia&parent=21522"}],"wp:term":[{"taxonomy":"category","embeddable":true,"href":"https:\/\/www.yungayino.cl\/noticias\/index.php?rest_route=%2Fwp%2Fv2%2Fcategories&post=21522"},{"taxonomy":"post_tag","embeddable":true,"href":"https:\/\/www.yungayino.cl\/noticias\/index.php?rest_route=%2Fwp%2Fv2%2Ftags&post=21522"}],"curies":[{"name":"wp","href":"https:\/\/api.w.org\/{rel}","templated":true}]}}