{"id":21547,"date":"2019-11-22T20:00:56","date_gmt":"2019-11-22T23:00:56","guid":{"rendered":"http:\/\/www.yungayino.cl\/noticias\/?p=21547"},"modified":"2019-11-22T21:41:16","modified_gmt":"2019-11-23T00:41:16","slug":"en-yungay-se-desarrollo-muestra-comunal-de-talleres-artesanales-y-deportivos","status":"publish","type":"post","link":"https:\/\/www.yungayino.cl\/noticias\/?p=21547","title":{"rendered":"En Yungay se Desarroll\u00f3 Muestra Comunal de Talleres Artesanales y Deportivos"},"content":{"rendered":"<p><img loading=\"lazy\" decoding=\"async\" class=\"alignnone size-full wp-image-21548\" src=\"http:\/\/www.yungayino.cl\/noticias\/wp-content\/uploads\/2019\/11\/muestra_talleres_municipalidad_2019.jpg\" alt=\"\" width=\"700\" height=\"350\" srcset=\"https:\/\/www.yungayino.cl\/noticias\/wp-content\/uploads\/2019\/11\/muestra_talleres_municipalidad_2019.jpg 700w, https:\/\/www.yungayino.cl\/noticias\/wp-content\/uploads\/2019\/11\/muestra_talleres_municipalidad_2019-300x150.jpg 300w\" sizes=\"auto, (max-width: 700px) 100vw, 700px\" \/><\/p>\n<p style=\"text-align: justify;\">Yungay, viernes 22 de noviembre 2019: Hoy a partir de las 15:00 horas se llev\u00f3 a cabo la Muestra Comunal de Talleres Artesanales y Deportivos, los cuales se ejecutaron durante el transcurso de este a\u00f1o impulsado por la Ilustre Municipalidad de Yungay liderado por el Departamento de Desarrollo Comunitario (DIDECO).<\/p>\n<p style=\"text-align: justify;\">La jornada que se realiz\u00f3 ante un gran marco de p\u00fablico cont\u00f3 con la asistencia del alcalde, Rafael Cifuentes Rodr\u00edguez, la SEREMI de la Mujer y Equidad de G\u00e9nero, B\u00e1rbara Hennig Godoy, las Concejalas Sra. Ang\u00e9lica Cabezas y Sra. Patricia Moncada y los Concejales Sr. Ricardo Ramos y Sr. Juan Quezada, la Jefa DIDECO, Sra. Pamela Jelves Acu\u00f1a, adem\u00e1s de autoridades locales, invitados especiales y comunidad.<\/p>\n<p style=\"text-align: justify;\"><iframe loading=\"lazy\" style=\"border: none; overflow: hidden;\" src=\"https:\/\/www.facebook.com\/plugins\/post.php?href=https:\/\/www.facebook.com\/yungayino.cl\/posts\/3013636121984740?__xts__%5B0%5D=68.ARBsmrOoK3_F1ddosppHdgy2GeHAWMPlmlEpaUWXnbpmkNTyICg2KbNjBrV9gz5L5kKr1dkcl_9iJYkg0OJ926ZCeU_QqtUXJi3WBDtkS-S-3HseWFWMJMqEAMnrSnYeau5YgXyZ1ScTvlOHguVT0aNl1F10rinfKW7ExA-LMLcPLL_WY8V-tCH3iFqpHKhZ8cD6j9yBjxvGQ5r8Dy9TaqzCK8HhhuR8Vr_InI4d1S7r1dgKwuFIylobeX3KhwdDxBJflE2eY2TjevWG81dcC6YtRwm4Zzg-7_GbVoweoo-f4hFr6_DOj-Dxe_b33Uemi9MPovqf5PrsB5ilTeV9VYLob03j-H7TSc6Dka0ktCqPGfbsnbCMgW8ZlH27CNjLGyGIeC_HhgVSOgOS6xu_3QulVLx8I45LuENKFyaAyFkcu5Rdr46tB0xejvAMxLN1Sa-3W2YrJupUA6VJwA7y&amp;__tn__=-R&amp;l=a77e327dc6&amp;l=f5951f1994&amp;l=bfecbb8adf&amp;l=687b6bf5da&amp;width=500&amp;show_text=true&amp;height=691&amp;appId\" width=\"500\" height=\"691\" frameborder=\"0\" scrolling=\"no\"><\/iframe><\/p>\n<p>&nbsp;<\/p>\n<p>&nbsp;<\/p>\n<p style=\"text-align: justify;\">En la ocasi\u00f3n los asistentes pudieron disfrutar y apreciar los hermosos trabajos confeccionados en material reciclado, fieltro, g\u00e9neros, tejas, madera, cer\u00e1mica, soft, lana etc. entre otros realizados durante el a\u00f1o por los diferentes talleres de la comuna, adem\u00e1s de la participaci\u00f3n de los talleres deportivos.<\/p>\n<p style=\"text-align: justify;\">El alcalde <strong>Rafael Cifuentes<\/strong> se\u00f1alo al Equipo del Portal Yungayino.cl su alegr\u00eda y reiter\u00f3 sus felicitaciones a cada uno de los participantes, valorando el esfuerzo que hacen al instalarse en los diferentes stands para mostrar sus hermosos trabajos, tambi\u00e9n felicita a las monitoras y los monitores tanto de los talleres artesanales como deportivos, a quienes se les ha apoyado con recursos para que se pudieran desarrollar de manera profesional en nuestra comuna y as\u00ed tambi\u00e9n recibir un beneficio econ\u00f3mico, finalmente el edil tambi\u00e9n se\u00f1al\u00f3 que a partir del 2 de diciembre se les dar\u00e1 la oportunidad a todos los talleres para que puedan vender sus productos artesanales y puedan as\u00ed generar un recurso econ\u00f3mico.<\/p>\n<p style=\"text-align: justify;\">Por su parte la SEREMI Sra. <strong>B\u00e1rbara Hennig <\/strong>agradeci\u00f3 la invitaci\u00f3n realizada por el alcalde destacando la importancia de estos talleres para las mujeres valorando el apoyo que se ha dado en nuestra comuna a todas las mujeres, tambi\u00e9n destac\u00f3 que el pr\u00f3ximo lunes se celebra el \u201cD\u00eda de la No Violencia\u201d, donde dentro de su mandato en su ministerio es hacer fuerte el apoyo a las mujeres en la parte econ\u00f3mica y tambi\u00e9n fomentar el emprendimiento a trav\u00e9s de capacitaciones, cursos y entregarles todas las herramientas a las mujeres en todo \u00e1mbito para que puedan salir adelante, finalmente dijo estar muy feliz de estar en la comuna y reiter\u00f3 las felicitaciones para todas las mujeres yungayinas por los hermosos trabajos presentados en esta muestra comunal.<\/p>\n<p style=\"text-align: justify;\">Finalmente en la ocasi\u00f3n se hizo entrega de un reconocimiento a las monitoras por su dedicaci\u00f3n y compromiso en cada uno de los sectores en donde se impartieron los talleres.<\/p>\n<p style=\"text-align: justify;\">[su_button url=\u00bbhttps:\/\/www.facebook.com\/pg\/yungayino.cl\/photos\/?tab=album&amp;album_id=3013633148651704&#8243; target=\u00bbblank\u00bb size=\u00bb7&#8243; radius=\u00bbround\u00bb icon=\u00bbicon: facebook-square\u00bb]FOTOGRAF\u00cdAS &#8211; En Yungay se Desarroll\u00f3 Muestra Comunal de Talleres Artesanales y Deportivos[\/su_button]<\/p>\n","protected":false},"excerpt":{"rendered":"<p>Yungay, viernes 22 de noviembre 2019: Hoy a partir de las 15:00 horas se llev\u00f3 a cabo la Muestra Comunal de Talleres Artesanales y Deportivos, los cuales se ejecutaron durante el transcurso de este&#46;&#46;&#46;<\/p>\n","protected":false},"author":2,"featured_media":21548,"comment_status":"closed","ping_status":"open","sticky":false,"template":"","format":"standard","meta":{"footnotes":""},"categories":[1],"tags":[334,1115,2097,2098,8,6,117],"class_list":["post-21547","post","type-post","status-publish","format-standard","has-post-thumbnail","hentry","category-noticias","tag-dideco","tag-noticias","tag-talleres-artesanales","tag-talleres-deportivos","tag-yungay","tag-yungayino","tag-yungayinocl"],"_links":{"self":[{"href":"https:\/\/www.yungayino.cl\/noticias\/index.php?rest_route=\/wp\/v2\/posts\/21547","targetHints":{"allow":["GET"]}}],"collection":[{"href":"https:\/\/www.yungayino.cl\/noticias\/index.php?rest_route=\/wp\/v2\/posts"}],"about":[{"href":"https:\/\/www.yungayino.cl\/noticias\/index.php?rest_route=\/wp\/v2\/types\/post"}],"author":[{"embeddable":true,"href":"https:\/\/www.yungayino.cl\/noticias\/index.php?rest_route=\/wp\/v2\/users\/2"}],"replies":[{"embeddable":true,"href":"https:\/\/www.yungayino.cl\/noticias\/index.php?rest_route=%2Fwp%2Fv2%2Fcomments&post=21547"}],"version-history":[{"count":3,"href":"https:\/\/www.yungayino.cl\/noticias\/index.php?rest_route=\/wp\/v2\/posts\/21547\/revisions"}],"predecessor-version":[{"id":21551,"href":"https:\/\/www.yungayino.cl\/noticias\/index.php?rest_route=\/wp\/v2\/posts\/21547\/revisions\/21551"}],"wp:featuredmedia":[{"embeddable":true,"href":"https:\/\/www.yungayino.cl\/noticias\/index.php?rest_route=\/wp\/v2\/media\/21548"}],"wp:attachment":[{"href":"https:\/\/www.yungayino.cl\/noticias\/index.php?rest_route=%2Fwp%2Fv2%2Fmedia&parent=21547"}],"wp:term":[{"taxonomy":"category","embeddable":true,"href":"https:\/\/www.yungayino.cl\/noticias\/index.php?rest_route=%2Fwp%2Fv2%2Fcategories&post=21547"},{"taxonomy":"post_tag","embeddable":true,"href":"https:\/\/www.yungayino.cl\/noticias\/index.php?rest_route=%2Fwp%2Fv2%2Ftags&post=21547"}],"curies":[{"name":"wp","href":"https:\/\/api.w.org\/{rel}","templated":true}]}}