{"id":21605,"date":"2019-12-06T21:00:05","date_gmt":"2019-12-07T00:00:05","guid":{"rendered":"http:\/\/www.yungayino.cl\/noticias\/?p=21605"},"modified":"2019-12-06T21:56:27","modified_gmt":"2019-12-07T00:56:27","slug":"entregan-252-subsidios-habitacionales-a-familias-de-yungay","status":"publish","type":"post","link":"https:\/\/www.yungayino.cl\/noticias\/?p=21605","title":{"rendered":"Entregan 252 Subsidios Habitacionales a Familias de Yungay"},"content":{"rendered":"<p><img loading=\"lazy\" decoding=\"async\" class=\"alignnone size-full wp-image-21606\" src=\"http:\/\/www.yungayino.cl\/noticias\/wp-content\/uploads\/2019\/12\/subsidio_habitacional_201912.jpg\" alt=\"\" width=\"700\" height=\"350\" srcset=\"https:\/\/www.yungayino.cl\/noticias\/wp-content\/uploads\/2019\/12\/subsidio_habitacional_201912.jpg 700w, https:\/\/www.yungayino.cl\/noticias\/wp-content\/uploads\/2019\/12\/subsidio_habitacional_201912-300x150.jpg 300w\" sizes=\"auto, (max-width: 700px) 100vw, 700px\" \/><\/p>\n<p style=\"text-align: justify;\">Yungay, viernes 06 de diciembre 2019: En las dependencias del Gimnasio Multiuso se llev\u00f3 a cabo ayer jueves la ceremonia de entrega de 252 subsidios habitacionales a las familias que componen los Comit\u00e9s Villa Rep\u00fablica y Villa Yungay correspondientes al Programa Fondo Solidario de Elecci\u00f3n de Vivienda DS49.<\/p>\n<p style=\"text-align: justify;\">En la ceremonia se hizo entrega simb\u00f3lica del beneficio a diez familias de cada comit\u00e9, estuvo presente el alcalde Rafael Cifuentes Rodr\u00edguez, los diputados Carlos Abel Jarpa, Gustavo Sanhueza y Jorge Sabag, adem\u00e1s del Director del Servicio de Vivienda y Urbanizaci\u00f3n, \u00c1lvaro Pinto Morales, el Gobernador de la Provincia del Diguill\u00edn, Enrique Rivas y los Concejales de nuestra comuna.<\/p>\n<p style=\"text-align: justify;\"><iframe loading=\"lazy\" style=\"border: none; overflow: hidden;\" src=\"https:\/\/www.facebook.com\/plugins\/post.php?href=https:\/\/www.facebook.com\/yungayino.cl\/posts\/3048148111866874?__xts__%5B0%5D=68.ARBCHnPG5GV7O0yYwhXPQEa8_wFRpCaPKOzk77ahVtchtTcRveD2THZLeYOPvyvbNG5RLrPGwWlw-VJsVPq3GDJMIe-09omKCZ7ofxVxbBzGRNPNnfSQeuM-LAO-sg4O7q-mRjJgmrVjcSgk5kElEiQwgC0uJhgAwH3_19E34IS0-1PMKVXO892911fMdFNQYMU7pvJP_3VRmdmAVjzIWAGAwtqD5CEg4t2rrEiRHWFUvzfx_rePLH9itgjECCevAv6pS45cGRAx0RUQUVNDXBHM1GSAdwzj0UC7g6MAtdySZ5fVlgSXwfYc7JJskXc8Z0tKkCB4mQGvzugEvNxGeqOqdwyViKsftSF1klNUVUPh4aVfq1J5ikvwhHs3LFlZzYw3VG5BLWrVxdk0hV_QhHFpClEN8sD9w6SG6i__iCwGJTUOmkOswD29FYxDO7L37nBekZZkGUZ4Z7S9fobw&amp;__tn__=-R&amp;l=a77e327dc6&amp;l=f5951f1994&amp;l=bfecbb8adf&amp;l=687b6bf5da&amp;width=500&amp;show_text=true&amp;height=691&amp;appId\" width=\"500\" height=\"691\" frameborder=\"0\" scrolling=\"no\"><\/iframe><\/p>\n<p>&nbsp;<\/p>\n<p style=\"text-align: justify;\">En la oportunidad, el alcalde resalt\u00f3 la importancia de este logro para las familias yungayinas, destacando el gran esfuerzo que han hecho todos para concretar el sue\u00f1o de tener su propia vivienda. Al mismo tiempo, reconoci\u00f3 el trabajo mancomunado de todos los profesionales que han participado en este gran proyecto y agradeci\u00f3 el apoyo recibido por las autoridades de Gobierno en la obtenci\u00f3n de los recursos que permitir\u00e1n financiar esta maravillosa iniciativa.<\/p>\n<p style=\"text-align: justify;\">Por su parte los dirigentes de los comit\u00e9s de vivienda, <strong>Patricia Riquelme<\/strong> y <strong>H\u00e9ctor Salinas<\/strong>, agradecieron al alcalde por su incansable gesti\u00f3n en la b\u00fasqueda de oportunidades para sacar adelante este proyecto, destacando tambi\u00e9n el largo camino que han recorrido para llegar a este resultado que hoy los enorgullece y emociona al ver que cada d\u00eda se acerca m\u00e1s la posibilidad de vivir en su casa propia, tambi\u00e9n destacaron el apoyo del senador Felipe Harboe.<\/p>\n<p style=\"text-align: justify;\">[su_button url=\u00bbhttps:\/\/www.facebook.com\/pg\/yungayino.cl\/photos\/?tab=album&amp;album_id=3048147801866905&#8243; target=\u00bbblank\u00bb size=\u00bb7&#8243; radius=\u00bbround\u00bb icon=\u00bbicon: facebook-square\u00bb]FOTOGRAF\u00cdAS &#8211; Entregan 252 Subsidios Habitacionales a Familias de Yungay[\/su_button]<\/p>\n<p>&nbsp;<\/p>\n","protected":false},"excerpt":{"rendered":"<p>Yungay, viernes 06 de diciembre 2019: En las dependencias del Gimnasio Multiuso se llev\u00f3 a cabo ayer jueves la ceremonia de entrega de 252 subsidios habitacionales a las familias que componen los Comit\u00e9s Villa&#46;&#46;&#46;<\/p>\n","protected":false},"author":2,"featured_media":21606,"comment_status":"closed","ping_status":"open","sticky":false,"template":"","format":"standard","meta":{"footnotes":""},"categories":[1],"tags":[2114,1115,2113,2061,2060,8,6,117],"class_list":["post-21605","post","type-post","status-publish","format-standard","has-post-thumbnail","hentry","category-noticias","tag-comite","tag-noticias","tag-subsidio-habitacional","tag-villa-republica","tag-villa-yungay","tag-yungay","tag-yungayino","tag-yungayinocl"],"_links":{"self":[{"href":"https:\/\/www.yungayino.cl\/noticias\/index.php?rest_route=\/wp\/v2\/posts\/21605","targetHints":{"allow":["GET"]}}],"collection":[{"href":"https:\/\/www.yungayino.cl\/noticias\/index.php?rest_route=\/wp\/v2\/posts"}],"about":[{"href":"https:\/\/www.yungayino.cl\/noticias\/index.php?rest_route=\/wp\/v2\/types\/post"}],"author":[{"embeddable":true,"href":"https:\/\/www.yungayino.cl\/noticias\/index.php?rest_route=\/wp\/v2\/users\/2"}],"replies":[{"embeddable":true,"href":"https:\/\/www.yungayino.cl\/noticias\/index.php?rest_route=%2Fwp%2Fv2%2Fcomments&post=21605"}],"version-history":[{"count":4,"href":"https:\/\/www.yungayino.cl\/noticias\/index.php?rest_route=\/wp\/v2\/posts\/21605\/revisions"}],"predecessor-version":[{"id":21610,"href":"https:\/\/www.yungayino.cl\/noticias\/index.php?rest_route=\/wp\/v2\/posts\/21605\/revisions\/21610"}],"wp:featuredmedia":[{"embeddable":true,"href":"https:\/\/www.yungayino.cl\/noticias\/index.php?rest_route=\/wp\/v2\/media\/21606"}],"wp:attachment":[{"href":"https:\/\/www.yungayino.cl\/noticias\/index.php?rest_route=%2Fwp%2Fv2%2Fmedia&parent=21605"}],"wp:term":[{"taxonomy":"category","embeddable":true,"href":"https:\/\/www.yungayino.cl\/noticias\/index.php?rest_route=%2Fwp%2Fv2%2Fcategories&post=21605"},{"taxonomy":"post_tag","embeddable":true,"href":"https:\/\/www.yungayino.cl\/noticias\/index.php?rest_route=%2Fwp%2Fv2%2Ftags&post=21605"}],"curies":[{"name":"wp","href":"https:\/\/api.w.org\/{rel}","templated":true}]}}