{"id":21616,"date":"2019-12-07T10:00:22","date_gmt":"2019-12-07T13:00:22","guid":{"rendered":"http:\/\/www.yungayino.cl\/noticias\/?p=21616"},"modified":"2019-12-07T12:16:30","modified_gmt":"2019-12-07T15:16:30","slug":"union-comunal-de-juntas-de-vecinos-de-yungay-realizo-acto-de-finalizacion-de-ano","status":"publish","type":"post","link":"https:\/\/www.yungayino.cl\/noticias\/?p=21616","title":{"rendered":"Uni\u00f3n Comunal de Juntas de Vecinos de Yungay Realiz\u00f3 Acto de Finalizaci\u00f3n de A\u00f1o"},"content":{"rendered":"<p><img loading=\"lazy\" decoding=\"async\" class=\"alignnone size-full wp-image-21617\" src=\"http:\/\/www.yungayino.cl\/noticias\/wp-content\/uploads\/2019\/12\/UNCO_201912.jpg\" alt=\"\" width=\"700\" height=\"350\" srcset=\"https:\/\/www.yungayino.cl\/noticias\/wp-content\/uploads\/2019\/12\/UNCO_201912.jpg 700w, https:\/\/www.yungayino.cl\/noticias\/wp-content\/uploads\/2019\/12\/UNCO_201912-300x150.jpg 300w\" sizes=\"auto, (max-width: 700px) 100vw, 700px\" \/><\/p>\n<p style=\"text-align: justify;\">Yungay, diciembre 2019: La Uni\u00f3n Comunal de Juntas de Vecinos de Yungay realiz\u00f3 un acto con motivo de t\u00e9rmino de a\u00f1o, donde dieron a conocer los trabajos, proyectos y programas implementados durante este a\u00f1o, adem\u00e1s de dar a conocer iniciativas en lo ya se est\u00e1 trabajando para el futuro.<\/p>\n<p style=\"text-align: justify;\"><iframe loading=\"lazy\" style=\"border: none; overflow: hidden;\" src=\"https:\/\/www.facebook.com\/plugins\/post.php?href=https:\/\/www.facebook.com\/yungayino.cl\/posts\/3049536971727988?__xts__%5B0%5D=68.ARBD6EPOw_5aVof56aJQiGH5atagzhIRYGjPOSAa2CLwQVxz_yxJmT5CeSoAw3EHDpdIRaJAdtfDsXWs8QB2FqYxcl4nz9G6l0PDrFxFCVf0I1RtSot-sAONN4DrsDu7qyAzaWcC_LuBezScOBm6kXa-LGdGZAZT4NwB9fyGOtoprMZslLkT7D24wdMBJo1sQ0esQ8VF8E9k4iV4MOxk4XpQuT7b8vsIy4__d9o9u5WMVx-vPh6bFCU3sE5ZhlFgpwrvOrh-Vf7R1uD9jzIxJ41nDIiBKyrLyaPY6K3njcrYaJDmAG07h9gDVryQQ-AGJnjG9DmWdYLFTmhgWVJ3DXfkbWFxD2rngDvYqHEX4voRrq_Dlnm3CtQ04pm28glwoRE2ni4SKV5-c5wbbDmCil_H_P_YfnZAvPfr5X9XiZUjVi3U9AAU7h5zNFDYNrTDJN521gx77vlt_36qyOyp&amp;__tn__=-R&amp;l=a77e327dc6&amp;l=f5951f1994&amp;l=bfecbb8adf&amp;l=687b6bf5da&amp;width=500&amp;show_text=true&amp;height=691&amp;appId\" width=\"500\" height=\"691\" frameborder=\"0\" scrolling=\"no\"><\/iframe><\/p>\n<p>&nbsp;<\/p>\n<p>&nbsp;<\/p>\n<p>&nbsp;<\/p>\n<p style=\"text-align: justify;\">El sal\u00f3n de la biblioteca municipal fue el escenario elegido por la organizaci\u00f3n que preside el Sr. Ren\u00e9 Cabezas, quien realiz\u00f3 una impecable\u00a0 presentaci\u00f3n, donde destac\u00f3 la gran participaci\u00f3n de todas las juntas de vecinas de nuestra comuna.<\/p>\n<p style=\"text-align: justify;\">Tambi\u00e9n en la ocasi\u00f3n la Uni\u00f3n Comunal de Juntas de Vecinos entreg\u00f3 un reconocimiento a dirigentes destacados y medios de comunicaci\u00f3n que han apoyado en la difusi\u00f3n de sus actividades, como Equipo Portal Yungayino.cl agradecemos este importante reconocimiento, el cual nos motiva a seguir trabajando y mantener nuestro apoyo a las diferentes organizaciones de nuestra comuna.<\/p>\n<p style=\"text-align: justify;\">Finalmente\u00a0 los presentes compartieron un c\u00f3ctel con lo que pusieron fin a este acto.<\/p>\n<p style=\"text-align: justify;\">[su_button url=\u00bbhttps:\/\/www.facebook.com\/pg\/yungayino.cl\/photos\/?tab=album&amp;album_id=3049535011728184&#8243; target=\u00bbblank\u00bb size=\u00bb7&#8243; radius=\u00bbround\u00bb icon=\u00bbicon: facebook-square\u00bb]FOTOGRAF\u00cdAS &#8211; Uni\u00f3n Comunal de Juntas de Vecinos de Yungay Realiz\u00f3 Acto de Finalizaci\u00f3n de A\u00f1o[\/su_button]<\/p>\n","protected":false},"excerpt":{"rendered":"<p>Yungay, diciembre 2019: La Uni\u00f3n Comunal de Juntas de Vecinos de Yungay realiz\u00f3 un acto con motivo de t\u00e9rmino de a\u00f1o, donde dieron a conocer los trabajos, proyectos y programas implementados durante este a\u00f1o,&#46;&#46;&#46;<\/p>\n","protected":false},"author":2,"featured_media":21617,"comment_status":"closed","ping_status":"open","sticky":false,"template":"","format":"standard","meta":{"footnotes":""},"categories":[1],"tags":[1115,2111,969,8,6,117],"class_list":["post-21616","post","type-post","status-publish","format-standard","has-post-thumbnail","hentry","category-noticias","tag-noticias","tag-unco","tag-union-comunal-de-juntas-de-vecinos","tag-yungay","tag-yungayino","tag-yungayinocl"],"_links":{"self":[{"href":"https:\/\/www.yungayino.cl\/noticias\/index.php?rest_route=\/wp\/v2\/posts\/21616","targetHints":{"allow":["GET"]}}],"collection":[{"href":"https:\/\/www.yungayino.cl\/noticias\/index.php?rest_route=\/wp\/v2\/posts"}],"about":[{"href":"https:\/\/www.yungayino.cl\/noticias\/index.php?rest_route=\/wp\/v2\/types\/post"}],"author":[{"embeddable":true,"href":"https:\/\/www.yungayino.cl\/noticias\/index.php?rest_route=\/wp\/v2\/users\/2"}],"replies":[{"embeddable":true,"href":"https:\/\/www.yungayino.cl\/noticias\/index.php?rest_route=%2Fwp%2Fv2%2Fcomments&post=21616"}],"version-history":[{"count":3,"href":"https:\/\/www.yungayino.cl\/noticias\/index.php?rest_route=\/wp\/v2\/posts\/21616\/revisions"}],"predecessor-version":[{"id":21620,"href":"https:\/\/www.yungayino.cl\/noticias\/index.php?rest_route=\/wp\/v2\/posts\/21616\/revisions\/21620"}],"wp:featuredmedia":[{"embeddable":true,"href":"https:\/\/www.yungayino.cl\/noticias\/index.php?rest_route=\/wp\/v2\/media\/21617"}],"wp:attachment":[{"href":"https:\/\/www.yungayino.cl\/noticias\/index.php?rest_route=%2Fwp%2Fv2%2Fmedia&parent=21616"}],"wp:term":[{"taxonomy":"category","embeddable":true,"href":"https:\/\/www.yungayino.cl\/noticias\/index.php?rest_route=%2Fwp%2Fv2%2Fcategories&post=21616"},{"taxonomy":"post_tag","embeddable":true,"href":"https:\/\/www.yungayino.cl\/noticias\/index.php?rest_route=%2Fwp%2Fv2%2Ftags&post=21616"}],"curies":[{"name":"wp","href":"https:\/\/api.w.org\/{rel}","templated":true}]}}