{"id":21621,"date":"2019-12-07T12:00:56","date_gmt":"2019-12-07T15:00:56","guid":{"rendered":"http:\/\/www.yungayino.cl\/noticias\/?p=21621"},"modified":"2019-12-07T12:23:59","modified_gmt":"2019-12-07T15:23:59","slug":"primera-jornada-de-participacion-ciudadana-mejoramiento-plaza-iquique-se-realizo-en-yungay","status":"publish","type":"post","link":"https:\/\/www.yungayino.cl\/noticias\/?p=21621","title":{"rendered":"Primera Jornada de Participaci\u00f3n Ciudadana \u00abMejoramiento Plaza Iquique\u00bb se Realiz\u00f3 en Yungay"},"content":{"rendered":"<p><img loading=\"lazy\" decoding=\"async\" class=\"alignnone size-full wp-image-21622\" src=\"http:\/\/www.yungayino.cl\/noticias\/wp-content\/uploads\/2019\/12\/participacion_ciudadana_plaza_yungay.jpg\" alt=\"\" width=\"700\" height=\"350\" srcset=\"https:\/\/www.yungayino.cl\/noticias\/wp-content\/uploads\/2019\/12\/participacion_ciudadana_plaza_yungay.jpg 700w, https:\/\/www.yungayino.cl\/noticias\/wp-content\/uploads\/2019\/12\/participacion_ciudadana_plaza_yungay-300x150.jpg 300w\" sizes=\"auto, (max-width: 700px) 100vw, 700px\" \/><\/p>\n<p style=\"text-align: justify;\">Yungay, diciembre 2019: Con la presencia del alcalde Rafael Cifuentes Rodr\u00edguez, Concejales y habitantes de nuestra comuna, se desarroll\u00f3 la primera jornada participativa ciudadana \u00abMejoramiento Plaza Iquique\u201d, cuya presentaci\u00f3n estuvo a cargo de la Consultora Francisco Oliver Arquitectos Ltda.<\/p>\n<p style=\"text-align: justify;\">La instancia tuvo como objetivo presentar a vecinas y vecinos los antecedentes del proyecto y del proceso de participaci\u00f3n ciudadana, adem\u00e1s de realizar actividades de consulta ciudadana para conocer cu\u00e1les son las necesidades, anhelos y expectativas de la comunidad respecto a la Plaza Iquique, lo cual estar\u00e1 en las bases para formular el dise\u00f1o.<\/p>\n<p style=\"text-align: justify;\"><iframe loading=\"lazy\" style=\"border: none; overflow: hidden;\" src=\"https:\/\/www.facebook.com\/plugins\/post.php?href=https:\/\/www.facebook.com\/yungayino.cl\/posts\/3049590601722625?__xts__%5B0%5D=68.ARCwomVGDZHOgU_nt_SIvZzUzNAP03csmCbE7cVKUCeQCPfx3Oa_kTFeEFSL2cf4Jy2cFqqRtRsEIqSCWxDtVGkPsvEWW5OTaFkRV09Jp47XMTwtTeNlZW3vtSu4qTHP3pT_4bzWtMGHtTR-WgLjV9hmuFhmsH8Tj3YeSE0VJwM50QiyMRLf6YV1021xfg5LYLQAKXZqh3nYY4e1aqd-WvVRK7mnTk1Rgqo9Pomr5T4tHY1P6mGZDxNJVdLCQ3OwStnJ8GqmZ-MJ6rPZDLPb_68y5WJPTV9wS4irXBKKov0m4Zrd4z2VMeYZ5cU7Ph6tXVSP5qyRs0yraLGlRhBoyni11rqNHyeFQPOu_sM4ksRaNAhpYJVTQjMbLwBWRGonpa--3MO9hoOV0DzKtx1nYik_WcvxK-Vt5-6jqY9YlUv2X2udU2NRacbm7N2WoqqicgMEwrjogUHAWSxeYUyV&amp;__tn__=-R&amp;l=a77e327dc6&amp;l=f5951f1994&amp;l=bfecbb8adf&amp;l=687b6bf5da&amp;width=500&amp;show_text=true&amp;height=691&amp;appId\" width=\"500\" height=\"691\" frameborder=\"0\" scrolling=\"no\"><\/iframe><\/p>\n<p>&nbsp;<\/p>\n<p>&nbsp;<\/p>\n<p style=\"text-align: justify;\">Se\u00f1alar que este proyecto considera identificar a la Plaza Iquique de Yungay como un espacio verde \u00fanico y con arraigo local, lograr un punto de encuentro para nuestra gente pero que sea confortable, seguro, identitario y sustentable, que cuente con mejor iluminaci\u00f3n, pavimentos que consideren el concepto de la accesibilidad universal, paisajismo sustentable, mobiliario urbano, juegos infantiles universales, mejoramiento de arboleda e incorporaci\u00f3n de estacionamiento de discapacitados.<\/p>\n<p style=\"text-align: justify;\">Finalmente en la ocasi\u00f3n los participantes realizaron un trabajo grupal y din\u00e1mico, donde tambi\u00e9n se realizaron preguntas espec\u00edficas sobre los elementos m\u00e1s relevantes que actualmente conforman la plaza, adem\u00e1s destacar que a futuro se llevar\u00e1n a cabo m\u00e1s jornadas de participaci\u00f3n ciudadana, donde se invita a todos los vecinos (as) y dirigentes a participar de esta instancia abierta a toda la comunidad.<\/p>\n<p style=\"text-align: justify;\">[su_button url=\u00bbhttps:\/\/www.facebook.com\/pg\/yungayino.cl\/photos\/?tab=album&amp;album_id=3049589421722743&#8243; target=\u00bbblank\u00bb size=\u00bb7&#8243; radius=\u00bbround\u00bb icon=\u00bbicon: facebook-square\u00bb]FOTOGRAF\u00cdAS &#8211; Primera Jornada de Participaci\u00f3n Ciudadana \u00abMejoramiento Plaza Iquique\u00bb se Realiz\u00f3 en Yungay[\/su_button]<\/p>\n","protected":false},"excerpt":{"rendered":"<p>Yungay, diciembre 2019: Con la presencia del alcalde Rafael Cifuentes Rodr\u00edguez, Concejales y habitantes de nuestra comuna, se desarroll\u00f3 la primera jornada participativa ciudadana \u00abMejoramiento Plaza Iquique\u201d, cuya presentaci\u00f3n estuvo a cargo de la&#46;&#46;&#46;<\/p>\n","protected":false},"author":2,"featured_media":21622,"comment_status":"closed","ping_status":"open","sticky":false,"template":"","format":"standard","meta":{"footnotes":""},"categories":[14,1,15],"tags":[2116,1115,2110,305,8,6,117],"class_list":["post-21621","post","type-post","status-publish","format-standard","has-post-thumbnail","hentry","category-historia","category-noticias","category-turismo","tag-mejoramiento-plaza-iquique","tag-noticias","tag-participacion-ciudadana","tag-plaza-yungay","tag-yungay","tag-yungayino","tag-yungayinocl"],"_links":{"self":[{"href":"https:\/\/www.yungayino.cl\/noticias\/index.php?rest_route=\/wp\/v2\/posts\/21621","targetHints":{"allow":["GET"]}}],"collection":[{"href":"https:\/\/www.yungayino.cl\/noticias\/index.php?rest_route=\/wp\/v2\/posts"}],"about":[{"href":"https:\/\/www.yungayino.cl\/noticias\/index.php?rest_route=\/wp\/v2\/types\/post"}],"author":[{"embeddable":true,"href":"https:\/\/www.yungayino.cl\/noticias\/index.php?rest_route=\/wp\/v2\/users\/2"}],"replies":[{"embeddable":true,"href":"https:\/\/www.yungayino.cl\/noticias\/index.php?rest_route=%2Fwp%2Fv2%2Fcomments&post=21621"}],"version-history":[{"count":4,"href":"https:\/\/www.yungayino.cl\/noticias\/index.php?rest_route=\/wp\/v2\/posts\/21621\/revisions"}],"predecessor-version":[{"id":21626,"href":"https:\/\/www.yungayino.cl\/noticias\/index.php?rest_route=\/wp\/v2\/posts\/21621\/revisions\/21626"}],"wp:featuredmedia":[{"embeddable":true,"href":"https:\/\/www.yungayino.cl\/noticias\/index.php?rest_route=\/wp\/v2\/media\/21622"}],"wp:attachment":[{"href":"https:\/\/www.yungayino.cl\/noticias\/index.php?rest_route=%2Fwp%2Fv2%2Fmedia&parent=21621"}],"wp:term":[{"taxonomy":"category","embeddable":true,"href":"https:\/\/www.yungayino.cl\/noticias\/index.php?rest_route=%2Fwp%2Fv2%2Fcategories&post=21621"},{"taxonomy":"post_tag","embeddable":true,"href":"https:\/\/www.yungayino.cl\/noticias\/index.php?rest_route=%2Fwp%2Fv2%2Ftags&post=21621"}],"curies":[{"name":"wp","href":"https:\/\/api.w.org\/{rel}","templated":true}]}}