{"id":21627,"date":"2019-12-09T11:00:00","date_gmt":"2019-12-09T14:00:00","guid":{"rendered":"http:\/\/www.yungayino.cl\/noticias\/?p=21627"},"modified":"2019-12-09T13:47:25","modified_gmt":"2019-12-09T16:47:25","slug":"maderas-arauco-s-a-planta-trupan-cholguan-celebro-fiesta-de-navidad-2019-en-parque-acuatico-antu-de-quillon","status":"publish","type":"post","link":"https:\/\/www.yungayino.cl\/noticias\/?p=21627","title":{"rendered":"Maderas Arauco S.A. Planta Trup\u00e1n Cholgu\u00e1n Celebr\u00f3 Fiesta de Navidad 2019 en Parque Acu\u00e1tico \u201cAntu\u201d de Quill\u00f3n"},"content":{"rendered":"<p><img loading=\"lazy\" decoding=\"async\" class=\"alignnone size-full wp-image-21628\" src=\"http:\/\/www.yungayino.cl\/noticias\/wp-content\/uploads\/2019\/12\/paneles_fiesta_navidad_2019.jpg\" alt=\"\" width=\"700\" height=\"443\" srcset=\"https:\/\/www.yungayino.cl\/noticias\/wp-content\/uploads\/2019\/12\/paneles_fiesta_navidad_2019.jpg 700w, https:\/\/www.yungayino.cl\/noticias\/wp-content\/uploads\/2019\/12\/paneles_fiesta_navidad_2019-300x190.jpg 300w, https:\/\/www.yungayino.cl\/noticias\/wp-content\/uploads\/2019\/12\/paneles_fiesta_navidad_2019-237x150.jpg 237w\" sizes=\"auto, (max-width: 700px) 100vw, 700px\" \/><\/p>\n<p style=\"text-align: justify;\">Domingo 8 de diciembre 2019: En las instalaciones del Parque Acu\u00e1tico \u201cAntu\u201d, ubicado en la comuna de Quill\u00f3n, la Empresa Maderas Arauco Planta Trup\u00e1n Cholgu\u00e1n, celebr\u00f3 la \u201cFiesta de Navidad 2019\u201c, a todos los hijos de sus trabajadores.<\/p>\n<p style=\"text-align: justify;\"><iframe loading=\"lazy\" style=\"border: none; overflow: hidden;\" src=\"https:\/\/www.facebook.com\/plugins\/post.php?href=https:\/\/www.facebook.com\/yungayino.cl\/posts\/3054618347886517?__xts__%5B0%5D=68.ARBng-FULPoxxxJQ42-nHRhFe-yKdUAKmxoqgiMz9gnsbl1qLV6KExBy45D1fPmQa0ofvSIcge3ngqDqphJ-CSYR728UOsN6YgU0pnbCjwOxsKTJU4dq5X2_p72ZY6DnNqJu3MY8UnfAy3zW_kL6jc0yDmHpeAWNfgtSNe5jbCHQNLuWKSXYUD3FAeTXeg_X546rdwPUwgoZMbwRTp8u7fRK-v8JHZtHv2prH4tCG_zs2lhXYzahJjKKhDOIxaVtS1IZvWApajMRVTarws08vdfTiIpPnPKX9eoZagN6jPjdfiUVBj7xIRxpKfjd_3z2blM_j6VK9mkJ6KLpPzXYuvfjYVdo7Kk3htzCbDbuOgSv_1ZOBsNueHzOO_YtHOrMp_m0w-t_XXPLIYx2vaX74-5PIDeQj4nN5gZvC1ziULbtt8WgQ4ynd4fDAdI5pbBU-hI-6hS6KYq9vu-iHa1m&amp;__tn__=-R&amp;l=a77e327dc6&amp;l=f5951f1994&amp;l=bfecbb8adf&amp;l=687b6bf5da&amp;width=500&amp;show_text=true&amp;height=691&amp;appId\" width=\"500\" height=\"691\" frameborder=\"0\" scrolling=\"no\"><\/iframe><\/p>\n<p>&nbsp;<\/p>\n<p>&nbsp;<\/p>\n<p>&nbsp;<\/p>\n<p style=\"text-align: justify;\">Fue as\u00ed que a partir de las 12:00 horas comenzaron a llegar los buses provenientes de Concepci\u00f3n, Los \u00c1ngeles, Chill\u00e1n, Hu\u00e9pil, Campanario, Pemuco y Yungay, dando por iniciada la fiesta navide\u00f1a 2019, que fue organizada por el Equipo Gesti\u00f3n Personas.<\/p>\n<p style=\"text-align: justify;\">Cientos de ni\u00f1os y grandes compartieron en familia una entretenida tarde, adem\u00e1s de disfrutar de las hermosas instalaciones de m\u00e1s de mil metros cuadrados, donde los favoritos eran los toboganes y piscinas con juegos acu\u00e1ticos para los ni\u00f1os.<\/p>\n<p style=\"text-align: justify;\">Finalmente, Michelle Lepeley, Encargada \u00c1rea Personas se\u00f1alo que esta fiesta se prepar\u00f3 con mucho cari\u00f1o, donde se movilizaron buses de diferentes puntos, para trasladar a todas las personas, con el objetivo de reunir a todas las familias para celebrar una nueva fiesta de navidad como una sola gran familia de Maderas Arauco.<\/p>\n<p style=\"text-align: justify;\">[su_button url=\u00bbhttps:\/\/www.facebook.com\/pg\/yungayino.cl\/photos\/?tab=album&amp;album_id=3054617037886648&#8243; target=\u00bbblank\u00bb size=\u00bb7&#8243; radius=\u00bbround\u00bb icon=\u00bbicon: facebook-square\u00bb]FOTOGRAF\u00cdAS &#8211; Maderas Arauco S.A. Planta Trup\u00e1n Cholgu\u00e1n Celebr\u00f3 Fiesta de Navidad 2019 en Parque Acu\u00e1tico \u201cAntu\u201d de Quill\u00f3n[\/su_button]<\/p>\n","protected":false},"excerpt":{"rendered":"<p>Domingo 8 de diciembre 2019: En las instalaciones del Parque Acu\u00e1tico \u201cAntu\u201d, ubicado en la comuna de Quill\u00f3n, la Empresa Maderas Arauco Planta Trup\u00e1n Cholgu\u00e1n, celebr\u00f3 la \u201cFiesta de Navidad 2019\u201c, a todos los&#46;&#46;&#46;<\/p>\n","protected":false},"author":2,"featured_media":21628,"comment_status":"closed","ping_status":"open","sticky":false,"template":"","format":"standard","meta":{"footnotes":""},"categories":[1],"tags":[35,594,1864,1115,1467,2117,1227,8,6,117],"class_list":["post-21627","post","type-post","status-publish","format-standard","has-post-thumbnail","hentry","category-noticias","tag-cholguan","tag-fiesta-navidad","tag-maderas-arauco","tag-noticias","tag-parque-acuatico-antu","tag-planta-trupan","tag-quillon","tag-yungay","tag-yungayino","tag-yungayinocl"],"_links":{"self":[{"href":"https:\/\/www.yungayino.cl\/noticias\/index.php?rest_route=\/wp\/v2\/posts\/21627","targetHints":{"allow":["GET"]}}],"collection":[{"href":"https:\/\/www.yungayino.cl\/noticias\/index.php?rest_route=\/wp\/v2\/posts"}],"about":[{"href":"https:\/\/www.yungayino.cl\/noticias\/index.php?rest_route=\/wp\/v2\/types\/post"}],"author":[{"embeddable":true,"href":"https:\/\/www.yungayino.cl\/noticias\/index.php?rest_route=\/wp\/v2\/users\/2"}],"replies":[{"embeddable":true,"href":"https:\/\/www.yungayino.cl\/noticias\/index.php?rest_route=%2Fwp%2Fv2%2Fcomments&post=21627"}],"version-history":[{"count":3,"href":"https:\/\/www.yungayino.cl\/noticias\/index.php?rest_route=\/wp\/v2\/posts\/21627\/revisions"}],"predecessor-version":[{"id":21631,"href":"https:\/\/www.yungayino.cl\/noticias\/index.php?rest_route=\/wp\/v2\/posts\/21627\/revisions\/21631"}],"wp:featuredmedia":[{"embeddable":true,"href":"https:\/\/www.yungayino.cl\/noticias\/index.php?rest_route=\/wp\/v2\/media\/21628"}],"wp:attachment":[{"href":"https:\/\/www.yungayino.cl\/noticias\/index.php?rest_route=%2Fwp%2Fv2%2Fmedia&parent=21627"}],"wp:term":[{"taxonomy":"category","embeddable":true,"href":"https:\/\/www.yungayino.cl\/noticias\/index.php?rest_route=%2Fwp%2Fv2%2Fcategories&post=21627"},{"taxonomy":"post_tag","embeddable":true,"href":"https:\/\/www.yungayino.cl\/noticias\/index.php?rest_route=%2Fwp%2Fv2%2Ftags&post=21627"}],"curies":[{"name":"wp","href":"https:\/\/api.w.org\/{rel}","templated":true}]}}