{"id":21654,"date":"2019-12-11T20:00:32","date_gmt":"2019-12-11T23:00:32","guid":{"rendered":"http:\/\/www.yungayino.cl\/noticias\/?p=21654"},"modified":"2019-12-11T20:36:28","modified_gmt":"2019-12-11T23:36:28","slug":"autoridades-inauguraran-nueva-unidad-de-emergencia-en-el-hospital-de-yungay","status":"publish","type":"post","link":"https:\/\/www.yungayino.cl\/noticias\/?p=21654","title":{"rendered":"Autoridades Inaugurar\u00e1n Nueva Unidad de Emergencia en el Hospital de Yungay"},"content":{"rendered":"<p><img loading=\"lazy\" decoding=\"async\" class=\"alignnone size-full wp-image-21655\" src=\"http:\/\/www.yungayino.cl\/noticias\/wp-content\/uploads\/2019\/12\/inauguracion_urgencia_hospital.jpg\" alt=\"\" width=\"700\" height=\"350\" srcset=\"https:\/\/www.yungayino.cl\/noticias\/wp-content\/uploads\/2019\/12\/inauguracion_urgencia_hospital.jpg 700w, https:\/\/www.yungayino.cl\/noticias\/wp-content\/uploads\/2019\/12\/inauguracion_urgencia_hospital-300x150.jpg 300w\" sizes=\"auto, (max-width: 700px) 100vw, 700px\" \/><\/p>\n<p style=\"text-align: justify;\">Yungay, diciembre 2019: Con la presencia del Intendente Regional de \u00d1uble, Mart\u00edn Arrau, alcalde de Yungay, Rafael Cifuentes Rodr\u00edguez, Director (s) del Servicio de Salud \u00d1uble, Ricardo S\u00e1nchez, Ad\u00e1n S\u00e1nchez, Director Hospital de Yungay, Concejales, Funcionarios y la Comunidad se realiz\u00f3 la ceremonia de inauguraci\u00f3n de la nueva Unidad de Emergencias del Hospital Comunitario de Salud Familiar de Yungay.<\/p>\n<p style=\"text-align: justify;\">Destacando la relevancia de la nueva unidad que hoy se inaugura, se realiz\u00f3 un recorrido por las dependencias del recinto hospitalario para evidenciar la magnitud de las obras. Teniendo una infraestructura de 183 metros cuadrados permite sextuplicar la superficie con la que contaba previamente el servicio de urgencia, que al a\u00f1o atiende a cerca de 24 mil personas y que tuvo una inversi\u00f3n de $130 millones, en obras, equipos y equipamiento.<\/p>\n<p style=\"text-align: justify;\">Para el alcalde de Yungay \u201ces importante destacar este tipo de obras que son en beneficio de nuestra gente, cada vez que se nos pidi\u00f3 ayuda como municipio estuvimos con la mejor disposici\u00f3n. El trabajo en red es muy necesario y a pesar de que el Hospital depende directamente del Ministerio de Salud, nos preocupa y ocupa, el mejorar las condiciones para entregar un buen servicio a la gente\u201d.<\/p>\n<p style=\"text-align: justify;\"><iframe loading=\"lazy\" style=\"border: none; overflow: hidden;\" src=\"https:\/\/www.facebook.com\/plugins\/post.php?href=https:\/\/www.facebook.com\/yungayino.cl\/posts\/3060137970667888?__xts__%5B0%5D=68.ARBNzJ54doXZlFEKEFo-BltAILlh9qkMpx_AflGwQFr7GYbkCJfjxvRvpJ4D0ntg7EjjALIFzYBm4XXSYlAf-EP2kbaV1ITLH2ytbRwgx9Juh2qn6v7mGSMoxbppEThyYZRbkgIzrCx1uX2hGiNZGMfKmQ-LZ61Z5KyEzVnHNM-pBqpAYvDZqo-LQWBrg9xZSI7ncAKmpQ8Qq2dj7-UOXPms5ZHkwyA-oUFffoGfYFf6ovjhHAudTNMUUZ763ArfADGz0SS8-aGFi3B2yU1aQD52SHeQgu1Y5bG94CoWWGz4sqswQAVGyJDHUNVvjh_dqAeTjIltMb6gScExHm6zgqk-uWprCAKwHYOS2wgkUZfCKZfizzV9Hkp2IVM7rhhPleGkPBQJsKiTrCGYmmz6iiOf_OM97urgAQ1XPM7UjsXdSktRR3uTZpG-wWX0nVt9lT84DPFfnYPwohRTj0os&amp;__tn__=-R&amp;l=a77e327dc6&amp;l=f5951f1994&amp;l=bfecbb8adf&amp;l=687b6bf5da&amp;width=500&amp;show_text=true&amp;height=691&amp;appId\" width=\"500\" height=\"715\" frameborder=\"0\" scrolling=\"no\"><\/iframe><\/p>\n<p>&nbsp;<\/p>\n<p style=\"text-align: justify;\">Durante la jornada, el Intendente Mart\u00edn Arrau expres\u00f3 \u201cllegamos a Yungay para inaugurar la nueva urgencia, muy contentos por esta iniciativa; gestionada en conjunto con el Servicio de Salud, con el apoyo de la comunidad, ya que nos permite ir cambiando la cara a la atenci\u00f3n primaria y en un punto tan importante como es esta comuna, que es una de las esquinas de nuestra Regi\u00f3n y que nos preocupa enormemente que tenga la misma calidad de acceso a la salud que la capital de \u00d1uble, as\u00ed que muy felices, porque el compromiso firme est\u00e1 en los temas de salud como lo ha dispuesto el Presidente Sebasti\u00e1n Pi\u00f1era\u201d.<\/p>\n<p style=\"text-align: justify;\">Por su parte, el Director (s) del Servicio de Salud \u00d1uble agreg\u00f3 que esta ansiada obra permiti\u00f3 sextuplicar la superficie con la que contaba la unidad. A su vez, aumenta la cantidad box disponibles para las prestaciones, mejorando con ello, no s\u00f3lo la calidad, sino que tambi\u00e9n los tiempos de atenci\u00f3n de los usuarios y sus familias.<\/p>\n<p style=\"text-align: justify;\">La construcci\u00f3n permiti\u00f3 que ahora la unidad cuente con 3 box de atenci\u00f3n m\u00e9dica; uno de categorizaci\u00f3n; uno de hidrataci\u00f3n una sala para realizaci\u00f3n de alcoholemia y una para reanimaci\u00f3n.<\/p>\n<p style=\"text-align: justify;\">[su_button url=\u00bbhttps:\/\/www.facebook.com\/pg\/yungayino.cl\/photos\/?tab=album&amp;album_id=3060137424001276&#8243; target=\u00bbblank\u00bb size=\u00bb7&#8243; radius=\u00bbround\u00bb icon=\u00bbicon: facebook-square\u00bb]FOTOGRAF\u00cdAS &#8211; Autoridades Inaugurar\u00e1n Nueva Unidad de Emergencia en el Hospital de Yungay[\/su_button]<\/p>\n","protected":false},"excerpt":{"rendered":"<p>Yungay, diciembre 2019: Con la presencia del Intendente Regional de \u00d1uble, Mart\u00edn Arrau, alcalde de Yungay, Rafael Cifuentes Rodr\u00edguez, Director (s) del Servicio de Salud \u00d1uble, Ricardo S\u00e1nchez, Ad\u00e1n S\u00e1nchez, Director Hospital de Yungay,&#46;&#46;&#46;<\/p>\n","protected":false},"author":2,"featured_media":21655,"comment_status":"closed","ping_status":"open","sticky":false,"template":"","format":"standard","meta":{"footnotes":""},"categories":[3,1,1675,32],"tags":[421,1115,65,2123,8,6],"class_list":["post-21654","post","type-post","status-publish","format-standard","has-post-thumbnail","hentry","category-actualidad","category-noticias","category-saludc","category-servicios","tag-hospital-de-yungay","tag-noticias","tag-salud","tag-unidad-urgencia","tag-yungay","tag-yungayino"],"_links":{"self":[{"href":"https:\/\/www.yungayino.cl\/noticias\/index.php?rest_route=\/wp\/v2\/posts\/21654","targetHints":{"allow":["GET"]}}],"collection":[{"href":"https:\/\/www.yungayino.cl\/noticias\/index.php?rest_route=\/wp\/v2\/posts"}],"about":[{"href":"https:\/\/www.yungayino.cl\/noticias\/index.php?rest_route=\/wp\/v2\/types\/post"}],"author":[{"embeddable":true,"href":"https:\/\/www.yungayino.cl\/noticias\/index.php?rest_route=\/wp\/v2\/users\/2"}],"replies":[{"embeddable":true,"href":"https:\/\/www.yungayino.cl\/noticias\/index.php?rest_route=%2Fwp%2Fv2%2Fcomments&post=21654"}],"version-history":[{"count":4,"href":"https:\/\/www.yungayino.cl\/noticias\/index.php?rest_route=\/wp\/v2\/posts\/21654\/revisions"}],"predecessor-version":[{"id":21659,"href":"https:\/\/www.yungayino.cl\/noticias\/index.php?rest_route=\/wp\/v2\/posts\/21654\/revisions\/21659"}],"wp:featuredmedia":[{"embeddable":true,"href":"https:\/\/www.yungayino.cl\/noticias\/index.php?rest_route=\/wp\/v2\/media\/21655"}],"wp:attachment":[{"href":"https:\/\/www.yungayino.cl\/noticias\/index.php?rest_route=%2Fwp%2Fv2%2Fmedia&parent=21654"}],"wp:term":[{"taxonomy":"category","embeddable":true,"href":"https:\/\/www.yungayino.cl\/noticias\/index.php?rest_route=%2Fwp%2Fv2%2Fcategories&post=21654"},{"taxonomy":"post_tag","embeddable":true,"href":"https:\/\/www.yungayino.cl\/noticias\/index.php?rest_route=%2Fwp%2Fv2%2Ftags&post=21654"}],"curies":[{"name":"wp","href":"https:\/\/api.w.org\/{rel}","templated":true}]}}