{"id":21661,"date":"2019-12-16T15:00:39","date_gmt":"2019-12-16T18:00:39","guid":{"rendered":"http:\/\/www.yungayino.cl\/noticias\/?p=21661"},"modified":"2019-12-16T17:28:37","modified_gmt":"2019-12-16T20:28:37","slug":"municipalidad-de-yungay-firma-convenio-de-colaboracion-con-servicio-de-impuestos-internos","status":"publish","type":"post","link":"https:\/\/www.yungayino.cl\/noticias\/?p=21661","title":{"rendered":"Municipalidad de Yungay Firma Convenio de Colaboraci\u00f3n con Servicio de Impuestos Internos"},"content":{"rendered":"<p><img loading=\"lazy\" decoding=\"async\" class=\"alignnone size-full wp-image-21662\" src=\"http:\/\/www.yungayino.cl\/noticias\/wp-content\/uploads\/2019\/12\/convenio_municipalidad_SII.jpg\" alt=\"\" width=\"700\" height=\"350\" srcset=\"https:\/\/www.yungayino.cl\/noticias\/wp-content\/uploads\/2019\/12\/convenio_municipalidad_SII.jpg 700w, https:\/\/www.yungayino.cl\/noticias\/wp-content\/uploads\/2019\/12\/convenio_municipalidad_SII-300x150.jpg 300w\" sizes=\"auto, (max-width: 700px) 100vw, 700px\" \/><\/p>\n<p style=\"text-align: justify;\">Yungay, diciembre 2019: Como parte del Programa Anual de Mejoramiento de la Gesti\u00f3n (PGM) a\u00f1o 2019, el alcalde de nuestra comuna, Rafael Cifuentes Rodr\u00edguez, junto al equipo de la direcci\u00f3n de administraci\u00f3n, finanzas y personal firm\u00f3 un convenio de colaboraci\u00f3n con el Servicio de Impuestos Internos (SII), para la \u201catenci\u00f3n, capacitaci\u00f3n, y entrega de informaci\u00f3n tributaria en la comuna de Yungay\u201d, de manera de poder acercar los tr\u00e1mites en l\u00ednea que realiza dicha repartici\u00f3n p\u00fablica.<\/p>\n<p style=\"text-align: justify;\"><iframe loading=\"lazy\" style=\"border: none; overflow: hidden;\" src=\"https:\/\/www.facebook.com\/plugins\/post.php?href=https:\/\/www.facebook.com\/yungayino.cl\/posts\/3071865426161809?__xts__%5B0%5D=68.ARCP1tUQrczpvYuoJu-3wh675ABBB6GDerr_tBmanEiN1FdD7uHxGv6vWsR_pOaRZPYerLqEA53pezmqkwaoWfRAv28eXPlnWg4KCS9qiChycppt3L_LtwPxnj_4-iPt-jTkIHmBQqGs2glNGMM4LhEZNKxH-a3hvB6onOIrf_j0xKvSoCuTS4Wk519ZpD9phNBHlcP2duXriTf05YAjyO-8HbaWcAcjZxZFVI0WQMUc5RdbvBuFDmmOcnogyAH9uTVVMc4lx2QnzwrTgWJ222xrH-XGtTBJoXRgJMz-5z-4q-d1G3h1F-yDAvYzuEAHHuBZeFwnC35QWELZ3d-_aCSEybY6am7hyNDdB2tVSUIF-9M0Gf_CMRWEXvaILc_cAWl9yeyDWlPo6QA5HXA2VejVdakesgEJ9eriI2Y8L0ee2N0QcobdFNn5LntPyGnIeAq23BW7cwK6-Rz2NiaY&amp;__tn__=-R&amp;l=a77e327dc6&amp;l=f5951f1994&amp;l=bfecbb8adf&amp;l=687b6bf5da&amp;width=500&amp;show_text=true&amp;height=691&amp;appId\" width=\"500\" height=\"715\" frameborder=\"0\" scrolling=\"no\"><\/iframe><\/p>\n<p>&nbsp;<\/p>\n<p style=\"text-align: justify;\">La relevancia de este convenio dice relaci\u00f3n con que funcionarios\/as municipales se capacitar\u00e1n sobre el funcionamiento de la plataforma online del SII, para poder orientar a las personas respecto del buen uso de este sistema, lo que permitir\u00e1 ampliar los conocimientos del personal del municipio que atiende directamente las demandas de los usuarios\/as en relaci\u00f3n a informaci\u00f3n de car\u00e1cter tributario.<\/p>\n<p style=\"text-align: justify;\">\u201cFelicito la iniciativa de la direcci\u00f3n de administraci\u00f3n y finanzas, de incorporar este servicio de apoyo a nuestra comunidad como parte relevante de la meta de gesti\u00f3n de dicha direcci\u00f3n. Esto reafirma el inter\u00e9s de los funcionarios municipales de atender de mejor forma los requerimientos y demandas de la comunidad\u201d manifest\u00f3 el alcalde Cifuentes.<\/p>\n<p style=\"text-align: justify;\">[su_button url=\u00bbhttps:\/\/www.facebook.com\/pg\/yungayino.cl\/photos\/?tab=album&amp;album_id=3071864909495194&#8243; target=\u00bbblank\u00bb size=\u00bb7&#8243; radius=\u00bbround\u00bb icon=\u00bbicon: facebook-square\u00bb]FOTOGRAF\u00cdAS &#8211; Municipalidad de Yungay Firma Convenio de Colaboraci\u00f3n con Servicio de Impuestos Internos[\/su_button]<\/p>\n","protected":false},"excerpt":{"rendered":"<p>Yungay, diciembre 2019: Como parte del Programa Anual de Mejoramiento de la Gesti\u00f3n (PGM) a\u00f1o 2019, el alcalde de nuestra comuna, Rafael Cifuentes Rodr\u00edguez, junto al equipo de la direcci\u00f3n de administraci\u00f3n, finanzas y&#46;&#46;&#46;<\/p>\n","protected":false},"author":2,"featured_media":21662,"comment_status":"closed","ping_status":"open","sticky":false,"template":"","format":"standard","meta":{"footnotes":""},"categories":[3,1],"tags":[356,1115,2124,8,6,117],"class_list":["post-21661","post","type-post","status-publish","format-standard","has-post-thumbnail","hentry","category-actualidad","category-noticias","tag-municipalidad","tag-noticias","tag-sii","tag-yungay","tag-yungayino","tag-yungayinocl"],"_links":{"self":[{"href":"https:\/\/www.yungayino.cl\/noticias\/index.php?rest_route=\/wp\/v2\/posts\/21661","targetHints":{"allow":["GET"]}}],"collection":[{"href":"https:\/\/www.yungayino.cl\/noticias\/index.php?rest_route=\/wp\/v2\/posts"}],"about":[{"href":"https:\/\/www.yungayino.cl\/noticias\/index.php?rest_route=\/wp\/v2\/types\/post"}],"author":[{"embeddable":true,"href":"https:\/\/www.yungayino.cl\/noticias\/index.php?rest_route=\/wp\/v2\/users\/2"}],"replies":[{"embeddable":true,"href":"https:\/\/www.yungayino.cl\/noticias\/index.php?rest_route=%2Fwp%2Fv2%2Fcomments&post=21661"}],"version-history":[{"count":3,"href":"https:\/\/www.yungayino.cl\/noticias\/index.php?rest_route=\/wp\/v2\/posts\/21661\/revisions"}],"predecessor-version":[{"id":21665,"href":"https:\/\/www.yungayino.cl\/noticias\/index.php?rest_route=\/wp\/v2\/posts\/21661\/revisions\/21665"}],"wp:featuredmedia":[{"embeddable":true,"href":"https:\/\/www.yungayino.cl\/noticias\/index.php?rest_route=\/wp\/v2\/media\/21662"}],"wp:attachment":[{"href":"https:\/\/www.yungayino.cl\/noticias\/index.php?rest_route=%2Fwp%2Fv2%2Fmedia&parent=21661"}],"wp:term":[{"taxonomy":"category","embeddable":true,"href":"https:\/\/www.yungayino.cl\/noticias\/index.php?rest_route=%2Fwp%2Fv2%2Fcategories&post=21661"},{"taxonomy":"post_tag","embeddable":true,"href":"https:\/\/www.yungayino.cl\/noticias\/index.php?rest_route=%2Fwp%2Fv2%2Ftags&post=21661"}],"curies":[{"name":"wp","href":"https:\/\/api.w.org\/{rel}","templated":true}]}}