{"id":21689,"date":"2019-12-23T18:00:43","date_gmt":"2019-12-23T21:00:43","guid":{"rendered":"http:\/\/www.yungayino.cl\/noticias\/?p=21689"},"modified":"2019-12-23T18:46:28","modified_gmt":"2019-12-23T21:46:28","slug":"con-exito-finalizo-primera-escuela-para-mujeres-lideres-politicas-en-la-region","status":"publish","type":"post","link":"https:\/\/www.yungayino.cl\/noticias\/?p=21689","title":{"rendered":"Con \u00c9xito Finaliz\u00f3 Primera Escuela Para Mujeres L\u00edderes Pol\u00edticas en la Regi\u00f3n"},"content":{"rendered":"<p><img loading=\"lazy\" decoding=\"async\" class=\"alignnone size-full wp-image-21690\" src=\"http:\/\/www.yungayino.cl\/noticias\/wp-content\/uploads\/2019\/12\/mujeres_lideres_chillan.jpg\" alt=\"\" width=\"700\" height=\"350\" srcset=\"https:\/\/www.yungayino.cl\/noticias\/wp-content\/uploads\/2019\/12\/mujeres_lideres_chillan.jpg 700w, https:\/\/www.yungayino.cl\/noticias\/wp-content\/uploads\/2019\/12\/mujeres_lideres_chillan-300x150.jpg 300w\" sizes=\"auto, (max-width: 700px) 100vw, 700px\" \/><\/p>\n<p style=\"text-align: justify;\">Yungay, Diciembre 2019: Una jornada llena de emotividad donde las protagonistas fueron las 40 mujeres que se certificaron de las Primeras Escuelas para Mujeres L\u00edderes Pol\u00edticas en \u00d1uble, fue la que se vivi\u00f3 la tarde de este jueves en el Sal\u00f3n Claudio Arrau del Teatro Municipal de Chill\u00e1n ante la presencia de la Seremi de la Mujer y la Equidad de G\u00e9nero, B\u00e1rbara Hennig; la Directora (S) del Sernameg, Viviana C\u00e1ceres, el rector de la UPV, Rafael Rosell, autoridades acad\u00e9micas e invitados especiales.<\/p>\n<p style=\"text-align: justify;\">Las Escuelas de L\u00edderes Pol\u00edticas 2019 del Servicio Nacional de la Mujer y la Equidad de G\u00e9nero (Sernameg), que se realizaron en conjunto entre la UPV y el Ministerio de la Mujer y la Equidad de G\u00e9nero, se enmarcan en el compromiso del Gobierno para apoyar y potenciar la participaci\u00f3n de las mujeres en todos los \u00e1mbitos, con especial atenci\u00f3n en los espacios de toma de decisi\u00f3n, donde hay una baja presencia y participaci\u00f3n femenina y con miras a las pr\u00f3ximas elecciones de concejales de 2020.<\/p>\n<p style=\"text-align: justify;\"><iframe loading=\"lazy\" style=\"border: none; overflow: hidden;\" src=\"https:\/\/www.facebook.com\/plugins\/post.php?href=https:\/\/www.facebook.com\/yungayino.cl\/posts\/3087844774563874?__xts__%5B0%5D=68.ARCQuIavBu-rjw6n-TY-1l9TfXFeFlVvUBY9BA9e-HdW24YCd0RsQYfVWWVEhqnfPuD9d-zvFQTeW3Abr7rnr7RJRJJKQp1IAd-Hf0yLI2jBLyCzFchle9G8fmgaXbBZQ0NDshzJPmNBUYw9EoTk4ZMK_shPSjDCZ_doCkZtwXak4Fb36ue9cf13xXYknPVoVSXSsgkGAZrGLVMnlRLPyqaY3xGOj4_mU8JSHH_wVbQg4Kq6s1wGFchZqZZ5TerqdkxaPuLjCJIMxITms0X8Z4sKdFEBLOoZcGuh0o4J-GGIbDMFq3uWcaaMESws0VAGZDZ-3OE9K0llr4sVsF40WIz3yYfgD2FqrqJIoHR3BxGQU4it1AaWagu7wo5glvfThEoR8htqMv9A4B_BKsqZSU-9f63ESZRe5WuaysFjlbsvxABNqmDNad0GjxpHIIpOc3QOdIMDN8nuHc7K_s8D&amp;__tn__=-R&amp;l=a77e327dc6&amp;l=f5951f1994&amp;l=bfecbb8adf&amp;l=687b6bf5da&amp;width=500&amp;show_text=true&amp;height=691&amp;appId\" width=\"500\" height=\"715\" frameborder=\"0\" scrolling=\"no\"><\/iframe><\/p>\n<p style=\"text-align: justify;\">Es por eso que la Seremi B\u00e1rbara Hennig reiter\u00f3 el llamado a que m\u00e1s mujeres participen en pol\u00edtica. \u201cComo parte de la Agenda Mujer trazada por nuestro Gobierno, estas escuelas buscan eliminar las brechas entre hombres y mujeres en pol\u00edtica, empoderando a las mujeres y d\u00e1ndoles las herramientas de capacitaci\u00f3n necesarias para que puedan insertarse en el mundo pol\u00edtico en igualdad de condiciones\u201d, enfatiz\u00f3 agregando que \u201cnecesitamos m\u00e1s mujeres en pol\u00edtica, la pol\u00edtica es uno de los espacios con barreras m\u00e1s altas para la participaci\u00f3n de las mujeres. Es fundamental que como mujeres nos atrevamos a dar el paso y a empoderemos como l\u00edderes pol\u00edticas. Cada mujer tiene mucho que aportar en los \u00e1mbitos de toma de decisiones y liderazgos\u201d, subray\u00f3.<\/p>\n<p style=\"text-align: justify;\">Las mujeres l\u00edderes pol\u00edticas que participaron en las escuelas recibieron capacitaci\u00f3n en oratoria, comunicaci\u00f3n efectiva, negociaci\u00f3n, comunicaci\u00f3n verbal y no verbal, elaboraci\u00f3n de mensajes y propuestas con perspectiva de g\u00e9nero, t\u00e9cnicas de entrevista, uso estrat\u00e9gico de redes sociales, entre otros contenidos. As\u00ed lo detall\u00f3 la Directora (S) de SernamEG, Viviana C\u00e1ceres, quien manifest\u00f3 que \u201cestamos muy contentos de entregar herramientas a nuestras mujeres de \u00d1uble, a trav\u00e9s de la primera Escuela de Mujeres L\u00edderes Pol\u00edticas, que les permitan ser protagonistas y desarrollar de mejor manera sus liderazgos. Las mujeres certificadas hoy son nuestra primera generaci\u00f3n y han dejado una huella importante en el futuro democr\u00e1tico y equitativo que queremos construir en \u00d1uble. Hoy m\u00e1s que nunca necesitamos de mujeres l\u00edderes con conocimiento, participando de posiciones de liderazgo y toma de decisiones, las mujeres tenemos mucho que aportar en todos los espacios, queremos que las mujeres de \u00d1uble adem\u00e1s de ser el coraz\u00f3n de las organizaciones sociales, sean el coraz\u00f3n de las organizaciones democr\u00e1ticas\u201d, puntualiz\u00f3.<\/p>\n<p style=\"text-align: justify;\">En 40 horas pedag\u00f3gicas las Escuelas de L\u00edderes Pol\u00edticas 2019 entregaron formaci\u00f3n te\u00f3rico-pr\u00e1ctica del \u00e1mbito municipal y para el ejercicio de un liderazgo eficaz, con el objetivo de desarrollar y\/o mejorar las habilidades y conocimientos de las beneficiarias. Una de ellas fue Alejandra Junge, empresaria local, quien coment\u00f3 que \u201cfue una experiencia maravillosa, pues cuando tom\u00e9 la decisi\u00f3n de entrar en la pol\u00edtica, dije que creo que es una responsabilidad asumir un rol social y para eso, uno debe aprender, contar con mayor conocimiento. Me sirvi\u00f3 mucho, me ha empoderado m\u00e1s como mujer, creo que las mujeres tenemos que seguir empoder\u00e1ndonos y debe haber m\u00e1s mujeres en pol\u00edtica\u201d, asever\u00f3.<\/p>\n<p style=\"text-align: justify;\">Por su parte Carla Merino, abogada, manifest\u00f3 que \u201cel curso fue bastante intensivo en cada una de las \u00e1reas, donde adquirimos las herramientas para desenvolvernos de mejor forma el d\u00eda de ma\u00f1ana en un ambiente pol\u00edtico. Adem\u00e1s pude conocer a m\u00e1s mujeres que est\u00e1n con la misma intenci\u00f3n y necesidad de apoyar a trav\u00e9s de nuestro g\u00e9nero en la equidad en conjunto con el hombre para tener una sociedad m\u00e1s igualitaria y justa\u201d. Igual satisfacci\u00f3n mostr\u00f3 Tatiana Pe\u00f1a, estudiante de Ingenier\u00eda en Administraci\u00f3n P\u00fablica, quien se\u00f1al\u00f3 que \u201cel curso fue muy significativo en cuanto a conocimiento y mucho contenido para uno que a\u00fan pertenece al \u00e1rea universitaria, siendo m\u00e1s joven y dirigente estudiantil, ha sido muy gratificante. Tuvimos mucha participaci\u00f3n y ha ido muy complementario para mi formaci\u00f3n acad\u00e9mica que estoy recibiendo\u201d, coment\u00f3 la joven de 25 a\u00f1os.<\/p>\n<p style=\"text-align: justify;\">Otros antecedentes<\/p>\n<p style=\"text-align: justify;\">En Chile, las mujeres han tenido baja representaci\u00f3n en liderazgos formales, ya sea en puestos directivos, cargos de elecci\u00f3n popular, administraci\u00f3n p\u00fablica, sector privado o acad\u00e9mico, entre otros.<\/p>\n<p style=\"text-align: justify;\">Algunos datos para tener en cuenta:<\/p>\n<p style=\"text-align: justify;\"><strong>CONCEJALES<\/strong><\/p>\n<p style=\"text-align: justify;\">&#8211; En las \u00faltimas elecciones municipales (2016) fueron elegidos 2.240 concejales.<\/p>\n<p style=\"text-align: justify;\">&#8211; 1.687 corresponden a hombres, mientras que solo 553 son mujeres.<\/p>\n<p style=\"text-align: justify;\"><strong>ALCALDES<\/strong><\/p>\n<p style=\"text-align: justify;\">&#8211; En las \u00faltimas elecciones municipales (2016) fueron elegidos 345 alcaldes.<\/p>\n<p style=\"text-align: justify;\">&#8211; 304 corresponden a hombres, mientras que s\u00f3lo 41 son mujeres.<\/p>\n<p style=\"text-align: justify;\"><strong>\u00d1UBLE<\/strong><\/p>\n<p style=\"text-align: justify;\">&#8211; En las \u00faltimas elecciones municipales (2016) fue elegida una alcaldesa (Ninhue).<\/p>\n<p style=\"text-align: justify;\">&#8211; Actualmente de los 128 concejales en ejercicio en la regi\u00f3n; 107 son hombres; mientras que s\u00f3lo 21 son mujeres.<\/p>\n<p style=\"text-align: justify;\">[su_button url=\u00bbhttps:\/\/www.facebook.com\/pg\/yungayino.cl\/photos\/?tab=album&amp;album_id=3087844087897276&#8243; target=\u00bbblank\u00bb size=\u00bb7&#8243; radius=\u00bbround\u00bb icon=\u00bbicon: facebook-square\u00bb]FOTOGRAF\u00cdAS &#8211; Con \u00c9xito Finaliz\u00f3 Primera Escuela Para Mujeres L\u00edderes Pol\u00edticas en la Regi\u00f3n[\/su_button]<\/p>\n","protected":false},"excerpt":{"rendered":"<p>Yungay, Diciembre 2019: Una jornada llena de emotividad donde las protagonistas fueron las 40 mujeres que se certificaron de las Primeras Escuelas para Mujeres L\u00edderes Pol\u00edticas en \u00d1uble, fue la que se vivi\u00f3 la&#46;&#46;&#46;<\/p>\n","protected":false},"author":2,"featured_media":21690,"comment_status":"closed","ping_status":"open","sticky":false,"template":"","format":"standard","meta":{"footnotes":""},"categories":[1],"tags":[2129,1115,8,6,117],"class_list":["post-21689","post","type-post","status-publish","format-standard","has-post-thumbnail","hentry","category-noticias","tag-mujeres-lideres","tag-noticias","tag-yungay","tag-yungayino","tag-yungayinocl"],"_links":{"self":[{"href":"https:\/\/www.yungayino.cl\/noticias\/index.php?rest_route=\/wp\/v2\/posts\/21689","targetHints":{"allow":["GET"]}}],"collection":[{"href":"https:\/\/www.yungayino.cl\/noticias\/index.php?rest_route=\/wp\/v2\/posts"}],"about":[{"href":"https:\/\/www.yungayino.cl\/noticias\/index.php?rest_route=\/wp\/v2\/types\/post"}],"author":[{"embeddable":true,"href":"https:\/\/www.yungayino.cl\/noticias\/index.php?rest_route=\/wp\/v2\/users\/2"}],"replies":[{"embeddable":true,"href":"https:\/\/www.yungayino.cl\/noticias\/index.php?rest_route=%2Fwp%2Fv2%2Fcomments&post=21689"}],"version-history":[{"count":3,"href":"https:\/\/www.yungayino.cl\/noticias\/index.php?rest_route=\/wp\/v2\/posts\/21689\/revisions"}],"predecessor-version":[{"id":21693,"href":"https:\/\/www.yungayino.cl\/noticias\/index.php?rest_route=\/wp\/v2\/posts\/21689\/revisions\/21693"}],"wp:featuredmedia":[{"embeddable":true,"href":"https:\/\/www.yungayino.cl\/noticias\/index.php?rest_route=\/wp\/v2\/media\/21690"}],"wp:attachment":[{"href":"https:\/\/www.yungayino.cl\/noticias\/index.php?rest_route=%2Fwp%2Fv2%2Fmedia&parent=21689"}],"wp:term":[{"taxonomy":"category","embeddable":true,"href":"https:\/\/www.yungayino.cl\/noticias\/index.php?rest_route=%2Fwp%2Fv2%2Fcategories&post=21689"},{"taxonomy":"post_tag","embeddable":true,"href":"https:\/\/www.yungayino.cl\/noticias\/index.php?rest_route=%2Fwp%2Fv2%2Ftags&post=21689"}],"curies":[{"name":"wp","href":"https:\/\/api.w.org\/{rel}","templated":true}]}}