{"id":21700,"date":"2019-12-31T09:00:53","date_gmt":"2019-12-31T12:00:53","guid":{"rendered":"http:\/\/www.yungayino.cl\/noticias\/?p=21700"},"modified":"2019-12-31T11:43:41","modified_gmt":"2019-12-31T14:43:41","slug":"lectores-de-diario-cronica-de-chillan-eligen-a-yungay-como-la-tercera-mejor-gestion-alcaldicia-de-la-region-de-nuble","status":"publish","type":"post","link":"https:\/\/www.yungayino.cl\/noticias\/?p=21700","title":{"rendered":"Lectores de Diario Cr\u00f3nica de Chill\u00e1n Eligen a Yungay Como la Tercera Mejor Gesti\u00f3n Alcaldicia de la Regi\u00f3n de \u00d1uble"},"content":{"rendered":"<p><img loading=\"lazy\" decoding=\"async\" class=\"alignnone size-full wp-image-21701\" src=\"http:\/\/www.yungayino.cl\/noticias\/wp-content\/uploads\/2019\/12\/gestion_alcalde_2019.jpg\" alt=\"\" width=\"700\" height=\"356\" srcset=\"https:\/\/www.yungayino.cl\/noticias\/wp-content\/uploads\/2019\/12\/gestion_alcalde_2019.jpg 700w, https:\/\/www.yungayino.cl\/noticias\/wp-content\/uploads\/2019\/12\/gestion_alcalde_2019-300x153.jpg 300w, https:\/\/www.yungayino.cl\/noticias\/wp-content\/uploads\/2019\/12\/gestion_alcalde_2019-295x150.jpg 295w\" sizes=\"auto, (max-width: 700px) 100vw, 700px\" \/><\/p>\n<p style=\"text-align: justify;\">Yungay, martes 31 de diciembre 2019: Diario Cr\u00f3nica Chill\u00e1n, al igual que a\u00f1os anteriores, invit\u00f3 a sus lectores a elegir a los \u201cPersonajes y Hechos que hicieron noticia en 2019\u201d. Este a\u00f1o se concursaron 9 categor\u00edas, la que incluy\u00f3: \u201cMejor gesti\u00f3n alcaldicia 2019\u201d.<\/p>\n<p style=\"text-align: justify;\"><iframe loading=\"lazy\" style=\"border: none; overflow: hidden;\" src=\"https:\/\/www.facebook.com\/plugins\/post.php?href=https:\/\/www.facebook.com\/yungayino.cl\/posts\/3105604586121226?__xts__%5B0%5D=68.ARCVBY07h0F6h6TA4Moaow818c5USBPQqSbhs9s_iqmQO7mT7O1PvZVjTQgBYzxhnv8h-kNa7G-au6M-L1wx4N7xAIRg0l3YVS4iBF0CjfGj7R8M9K_TZI9Dmzy2eGrgk2rSFktNmidNRP_m_6yVNQ7ahGKGKk0sgq6L7jTqje-dYgRUBn1UOu7JsY-lfG6Z3xX5Zr62g6Xm_efnoIR7du6y8DYOboF2feug64XefLsn1zshXe2qUk1Pgh2aBSdIVSv-LNQ_zo_5MRWIdfacsoXWxDHTv58VOAewz7ERGpuqn57KneZT7VYD8re1ECXTOfiG1jB5AnOz4kUxC4itkL0Nxs43t7_v_SXfN4BbIAWVEttlXmf6I1KpmE-9LmhYVXMipRoy-PDWsBrLGkRedUQ_ZW8E3kDJ41if-TL_QLv4-chc1XXgyF0e__m6b-X04YAI9gjcCzYwlc_rpWjt&amp;__tn__=-R&amp;l=a77e327dc6&amp;l=f5951f1994&amp;l=bfecbb8adf&amp;l=687b6bf5da&amp;width=500&amp;show_text=true&amp;height=691&amp;appId\" width=\"500\" height=\"715\" frameborder=\"0\" scrolling=\"no\"><\/iframe><\/p>\n<p style=\"text-align: justify;\">Los resultados de este concurso, publicados el domingo 22 de diciembre de 2019, arrojaron que las y los lectores del Diario Cr\u00f3nica Chill\u00e1n eligieron la administraci\u00f3n municipal del alcalde de Yungay como la tercera mejor gesti\u00f3n alcaldicia 2019 de la Regi\u00f3n de \u00d1uble.<\/p>\n<p style=\"text-align: justify;\">Ante la pregunta abierta: \u00abMEJOR GESTI\u00d3N ALCALDICIA 2019\u00bb, la respuesta espont\u00e1nea de los lectores del Diario Cr\u00f3nica Chill\u00e1n fue: Rafael Cifuentes Rodr\u00edguez.<\/p>\n<p style=\"text-align: justify;\">Agradecemos a las y los lectores de Diario Cr\u00f3nica Chill\u00e1n por elegir a Yungay como una de las tres mejores gestiones alcaldicias de la regi\u00f3n de \u00d1uble.<\/p>\n<p style=\"text-align: justify;\">Este reconocimiento es fruto del trabajo realizado por todos los funcionarios y funcionarias del municipio yungayino, y su compromiso para hacer de Yungay una mejor comuna.<\/p>\n<p style=\"text-align: justify;\">[su_button url=\u00bbhttps:\/\/www.facebook.com\/pg\/yungayino.cl\/photos\/?tab=album&amp;album_id=3105604242787927&#8243; target=\u00bbblank\u00bb size=\u00bb7&#8243; radius=\u00bbround\u00bb icon=\u00bbicon: facebook-square\u00bb]FOTOGRAF\u00cdAS &#8211; Lectores de Diario Cr\u00f3nica de Chill\u00e1n Eligen a Yungay Como la Tercera Mejor Gesti\u00f3n Alcaldicia de la Regi\u00f3n de \u00d1uble[\/su_button]<\/p>\n","protected":false},"excerpt":{"rendered":"<p>Yungay, martes 31 de diciembre 2019: Diario Cr\u00f3nica Chill\u00e1n, al igual que a\u00f1os anteriores, invit\u00f3 a sus lectores a elegir a los \u201cPersonajes y Hechos que hicieron noticia en 2019\u201d. Este a\u00f1o se concursaron&#46;&#46;&#46;<\/p>\n","protected":false},"author":2,"featured_media":21701,"comment_status":"closed","ping_status":"open","sticky":false,"template":"","format":"standard","meta":{"footnotes":""},"categories":[3,1],"tags":[356,1115,8,6,117],"class_list":["post-21700","post","type-post","status-publish","format-standard","has-post-thumbnail","hentry","category-actualidad","category-noticias","tag-municipalidad","tag-noticias","tag-yungay","tag-yungayino","tag-yungayinocl"],"_links":{"self":[{"href":"https:\/\/www.yungayino.cl\/noticias\/index.php?rest_route=\/wp\/v2\/posts\/21700","targetHints":{"allow":["GET"]}}],"collection":[{"href":"https:\/\/www.yungayino.cl\/noticias\/index.php?rest_route=\/wp\/v2\/posts"}],"about":[{"href":"https:\/\/www.yungayino.cl\/noticias\/index.php?rest_route=\/wp\/v2\/types\/post"}],"author":[{"embeddable":true,"href":"https:\/\/www.yungayino.cl\/noticias\/index.php?rest_route=\/wp\/v2\/users\/2"}],"replies":[{"embeddable":true,"href":"https:\/\/www.yungayino.cl\/noticias\/index.php?rest_route=%2Fwp%2Fv2%2Fcomments&post=21700"}],"version-history":[{"count":4,"href":"https:\/\/www.yungayino.cl\/noticias\/index.php?rest_route=\/wp\/v2\/posts\/21700\/revisions"}],"predecessor-version":[{"id":21705,"href":"https:\/\/www.yungayino.cl\/noticias\/index.php?rest_route=\/wp\/v2\/posts\/21700\/revisions\/21705"}],"wp:featuredmedia":[{"embeddable":true,"href":"https:\/\/www.yungayino.cl\/noticias\/index.php?rest_route=\/wp\/v2\/media\/21701"}],"wp:attachment":[{"href":"https:\/\/www.yungayino.cl\/noticias\/index.php?rest_route=%2Fwp%2Fv2%2Fmedia&parent=21700"}],"wp:term":[{"taxonomy":"category","embeddable":true,"href":"https:\/\/www.yungayino.cl\/noticias\/index.php?rest_route=%2Fwp%2Fv2%2Fcategories&post=21700"},{"taxonomy":"post_tag","embeddable":true,"href":"https:\/\/www.yungayino.cl\/noticias\/index.php?rest_route=%2Fwp%2Fv2%2Ftags&post=21700"}],"curies":[{"name":"wp","href":"https:\/\/api.w.org\/{rel}","templated":true}]}}