{"id":21782,"date":"2020-01-15T15:41:40","date_gmt":"2020-01-15T18:41:40","guid":{"rendered":"http:\/\/www.yungayino.cl\/noticias\/?p=21782"},"modified":"2020-01-15T19:02:20","modified_gmt":"2020-01-15T22:02:20","slug":"mayor-paulo-jimenez-duenas-asumio-como-comisario-de-la-4a-comisaria-de-yungay","status":"publish","type":"post","link":"https:\/\/www.yungayino.cl\/noticias\/?p=21782","title":{"rendered":"Mayor Paulo Jim\u00e9nez Due\u00f1as asumi\u00f3 como Comisario de la 4\u00aa Comisar\u00eda de Yungay"},"content":{"rendered":"<p><img loading=\"lazy\" decoding=\"async\" class=\"alignnone size-full wp-image-21783\" src=\"http:\/\/www.yungayino.cl\/noticias\/wp-content\/uploads\/2020\/01\/carabineros-yungay.jpg\" alt=\"\" width=\"720\" height=\"350\" srcset=\"https:\/\/www.yungayino.cl\/noticias\/wp-content\/uploads\/2020\/01\/carabineros-yungay.jpg 720w, https:\/\/www.yungayino.cl\/noticias\/wp-content\/uploads\/2020\/01\/carabineros-yungay-300x146.jpg 300w, https:\/\/www.yungayino.cl\/noticias\/wp-content\/uploads\/2020\/01\/carabineros-yungay-309x150.jpg 309w\" sizes=\"auto, (max-width: 720px) 100vw, 720px\" \/><\/p>\n<p style=\"text-align: justify;\"><strong>Yungay, 14 de enero de 2020<\/strong>; Con la presencia del Prefecto de Carabineros de \u00d1uble, Coronel John Polanco, este d\u00eda martes 14 de enero asumi\u00f3 el <strong>Mayor Paulo Jim\u00e9nez Due\u00f1as<\/strong>, como Comisario de la 4\u00aa Comisar\u00eda de Yungay, quien tiene como meta fortalecer el trabajo con los vecinos y la labor en terreno.<\/p>\n<p style=\"text-align: justify;\">Personal policial que contin\u00faa realizando las labores de seguridad habituales, a las que como Prefectura \u00d1uble y Comisar\u00eda Yungay, han estado sumando campa\u00f1as preventivas de temporada estival, tanto como visitas a zonas de veraneo para evitar e informar sobre contagios y prevenciones de virus Hanta, y a nivel regional implement\u00f3 servicios compuestos por patrullas motorizadas que recorren la regi\u00f3n e interact\u00faan con vecinos, coordinan trabajos con Conaf y con empresas forestales, con miras al aumento de incendios forestales en esta temporada.<\/p>\n<p style=\"text-align: justify;\">Desde la XVI Zona de Carabineros \u00d1uble, le desean mucho \u00e9xito al Mayor Jim\u00e9nez en su nueva Unidad Policial.<\/p>\n<p><img loading=\"lazy\" decoding=\"async\" class=\"alignnone size-full wp-image-21784\" src=\"http:\/\/www.yungayino.cl\/noticias\/wp-content\/uploads\/2020\/01\/comisaria-yungay.jpg\" alt=\"\" width=\"720\" height=\"340\" srcset=\"https:\/\/www.yungayino.cl\/noticias\/wp-content\/uploads\/2020\/01\/comisaria-yungay.jpg 720w, https:\/\/www.yungayino.cl\/noticias\/wp-content\/uploads\/2020\/01\/comisaria-yungay-300x142.jpg 300w, https:\/\/www.yungayino.cl\/noticias\/wp-content\/uploads\/2020\/01\/comisaria-yungay-318x150.jpg 318w, https:\/\/www.yungayino.cl\/noticias\/wp-content\/uploads\/2020\/01\/comisaria-yungay-520x245.jpg 520w\" sizes=\"auto, (max-width: 720px) 100vw, 720px\" \/><\/p>\n","protected":false},"excerpt":{"rendered":"<p>Yungay, 14 de enero de 2020; Con la presencia del Prefecto de Carabineros de \u00d1uble, Coronel John Polanco, este d\u00eda martes 14 de enero asumi\u00f3 el Mayor Paulo Jim\u00e9nez Due\u00f1as, como Comisario de la&#46;&#46;&#46;<\/p>\n","protected":false},"author":1,"featured_media":21783,"comment_status":"closed","ping_status":"open","sticky":false,"template":"","format":"standard","meta":{"footnotes":""},"categories":[1],"tags":[2147,2138,8,117],"class_list":["post-21782","post","type-post","status-publish","format-standard","has-post-thumbnail","hentry","category-noticias","tag-comisaria-de-yungay","tag-www-yungayino-cl","tag-yungay","tag-yungayinocl"],"_links":{"self":[{"href":"https:\/\/www.yungayino.cl\/noticias\/index.php?rest_route=\/wp\/v2\/posts\/21782","targetHints":{"allow":["GET"]}}],"collection":[{"href":"https:\/\/www.yungayino.cl\/noticias\/index.php?rest_route=\/wp\/v2\/posts"}],"about":[{"href":"https:\/\/www.yungayino.cl\/noticias\/index.php?rest_route=\/wp\/v2\/types\/post"}],"author":[{"embeddable":true,"href":"https:\/\/www.yungayino.cl\/noticias\/index.php?rest_route=\/wp\/v2\/users\/1"}],"replies":[{"embeddable":true,"href":"https:\/\/www.yungayino.cl\/noticias\/index.php?rest_route=%2Fwp%2Fv2%2Fcomments&post=21782"}],"version-history":[{"count":1,"href":"https:\/\/www.yungayino.cl\/noticias\/index.php?rest_route=\/wp\/v2\/posts\/21782\/revisions"}],"predecessor-version":[{"id":21785,"href":"https:\/\/www.yungayino.cl\/noticias\/index.php?rest_route=\/wp\/v2\/posts\/21782\/revisions\/21785"}],"wp:featuredmedia":[{"embeddable":true,"href":"https:\/\/www.yungayino.cl\/noticias\/index.php?rest_route=\/wp\/v2\/media\/21783"}],"wp:attachment":[{"href":"https:\/\/www.yungayino.cl\/noticias\/index.php?rest_route=%2Fwp%2Fv2%2Fmedia&parent=21782"}],"wp:term":[{"taxonomy":"category","embeddable":true,"href":"https:\/\/www.yungayino.cl\/noticias\/index.php?rest_route=%2Fwp%2Fv2%2Fcategories&post=21782"},{"taxonomy":"post_tag","embeddable":true,"href":"https:\/\/www.yungayino.cl\/noticias\/index.php?rest_route=%2Fwp%2Fv2%2Ftags&post=21782"}],"curies":[{"name":"wp","href":"https:\/\/api.w.org\/{rel}","templated":true}]}}