{"id":21803,"date":"2020-01-21T15:00:12","date_gmt":"2020-01-21T18:00:12","guid":{"rendered":"http:\/\/www.yungayino.cl\/noticias\/?p=21803"},"modified":"2020-01-21T16:32:57","modified_gmt":"2020-01-21T19:32:57","slug":"yungay-celebro-178-anos-de-vida-con-acto-civico-y-desfile","status":"publish","type":"post","link":"https:\/\/www.yungayino.cl\/noticias\/?p=21803","title":{"rendered":"Yungay Celebr\u00f3 178 A\u00f1os de Vida con Acto C\u00edvico y Desfile"},"content":{"rendered":"<p><img loading=\"lazy\" decoding=\"async\" class=\"alignnone size-full wp-image-21804\" src=\"http:\/\/www.yungayino.cl\/noticias\/wp-content\/uploads\/2020\/01\/20_enero_2020.jpg\" alt=\"\" width=\"700\" height=\"350\" srcset=\"https:\/\/www.yungayino.cl\/noticias\/wp-content\/uploads\/2020\/01\/20_enero_2020.jpg 700w, https:\/\/www.yungayino.cl\/noticias\/wp-content\/uploads\/2020\/01\/20_enero_2020-300x150.jpg 300w\" sizes=\"auto, (max-width: 700px) 100vw, 700px\" \/><\/p>\n<p style=\"text-align: justify;\">Yungay, enero 2020: El lunes 20 de enero en el Frontis del Municipio como de costumbre fue el escenario escogido para realizar el acto c\u00edvico y desfile de conmemoraci\u00f3n de un nuevo aniversario de Yungay, que en esta oportunidad celebr\u00f3 178 a\u00f1os desde su fundaci\u00f3n, y donde adem\u00e1s participaron las diferentes organizaciones de la comuna.<\/p>\n<p style=\"text-align: justify;\"><iframe loading=\"lazy\" style=\"border: none; overflow: hidden;\" src=\"https:\/\/www.facebook.com\/plugins\/post.php?href=https:\/\/www.facebook.com\/yungayino.cl\/posts\/3154017047946646?__xts__%5B0%5D=68.ARCRh7hFO-09IYsvTjob-G0RcPiR_ehalbU4vv2kTpcz__JRVvHwVj7kChnuaoeG64l1rqP4ozUHV8IFehxRW9kXmIDK-E_GhZWJOZmJ1vsH04w2zNHJ9awsEXEcCAI3JcOZMYTbZN7d5yozrtjEKX_g-XvLsw5uogpLxu22iw4cu10-TIFJsWUdYzMntZrnqaq20_6V2j3O1He2Jz-yvEYJwC8yixsTjh-dnIpdZsYzFHh8I8F48UHFOgB5SbttTp2YAtrE0kbcHVAUNKsMQgE38zWDbpi1FZeYrCdWSjgb9sg-YzGmZg3mhArLX1qm970hZ2YvCEgs3EGz4vj0EIGJEMDdNRN9OD28XUa_RTmZKKfrRVcxcKNpw0Z6032tPbspjs_UScLvC92vV--dpD-cZp_PVHzid53k_WWpnWr2jj2BgJjVx9NpyBBoO5BKWLFg8eZYCm5rcVLdjfiq&amp;__tn__=-R&amp;l=a77e327dc6&amp;l=f5951f1994&amp;l=bfecbb8adf&amp;l=687b6bf5da&amp;width=500&amp;show_text=true&amp;height=691&amp;appId\" width=\"500\" height=\"715\" frameborder=\"0\" scrolling=\"no\"><\/iframe><\/p>\n<p style=\"text-align: justify;\"><strong>Misa de Acci\u00f3n de Gracias:<\/strong><\/p>\n<p style=\"text-align: justify;\">La jornada se inici\u00f3 cerca de las 09:30 horas de la ma\u00f1ana con la Misa de Acci\u00f3n de Gracias, la cual fue realizada por el Sacerdote Sr. Boanerges Correa, qui\u00e9n hizo un llamado a las autoridades a seguir trabajando unidos por el bien de la comuna y la familia, tambi\u00e9n se hicieron presentes el alcalde Rafael Cifuentes Rodr\u00edguez, Representantes del Honorable Concejo Municipal, el Diputado Sr.Jorge Sabag, Autoridades y Comunidad en General.<\/p>\n<p style=\"text-align: justify;\"><strong>Acto y Desfile:<\/strong><\/p>\n<p style=\"text-align: justify;\">Finalizada la misa las autoridades pol\u00edticas, organizaciones sociales y p\u00fablico en general se trasladaron a la Plaza Iquique a dejar una ofrenda floral al fundador de Yungay el General Fernando Baquedano.<\/p>\n<p style=\"text-align: justify;\">A continuaci\u00f3n se dio inicio al acto c\u00edvico con la entonaci\u00f3n de nuestro Himno Nacional mientras el Pabell\u00f3n Patrio era izado en su m\u00e1stil de honor por funcionarios del Departamento de Educaci\u00f3n.<\/p>\n<p style=\"text-align: justify;\">Por su parte el alcalde Rafael Cifuentes Rodr\u00edguez se dirigi\u00f3 a los presentes saludando a cada uno de los vecinos y vecinas, en especial a quienes estaban en este acto para conmemorar esta fecha, y a las autoridades y visitas que honraron con su presencia en este nuevo aniversario de la comuna. Tambi\u00e9n destac\u00f3 su compromiso desde el primer d\u00eda de gesti\u00f3n para hacer grande la comuna por eso destac\u00f3 el trabajo de todo el Equipo de Gesti\u00f3n Municipal y de todas las personas que han logrado avances para nuestra comuna destacando entre otras el Plan de Deporte Comunal, Plan de Cultura Comunal, tambi\u00e9n destac\u00f3 los avances en salud, vivienda, pavimentaci\u00f3n participativas, adem\u00e1s de varios proyectos ya adjudicados y que se est\u00e1n ejecutando tantos en los sectores urbanos como rurales, finalmente reiter\u00f3 la invitaci\u00f3n a todos quienes visitan nuestra comuna para disfrutar de las diferentes actividades que el municipio prepar\u00f3 para este verano, poniendo termino a su discurso con un \u201cViva Yungay\u201d.<\/p>\n<p style=\"text-align: justify;\">Tambi\u00e9n en la ocasi\u00f3n se hizo de entrega de reconocimientos por parte del municipio a vecinos y dirigentes por su aporte a nuestra comuna, reconociendo al Sr. Jos\u00e9 del Rosario Veloso, Sr. Felipe Quezada, Sra. Mar\u00eda Pizarro Olate, Sra. Lucila Mora Silva y Sra. Carlina Argomedo Verdejo, as\u00ed como tambi\u00e9n a integrantes de la Banda de Guerra de Yungay que se retiran como la Srta. Geraldine Mosquera, Sr. Cristopher Vidal, Srta. Aracely Silva y Sr. Michelle \u00c1vila.<\/p>\n<p style=\"text-align: justify;\">Por su parte tambi\u00e9n el Club Rotario de Yungay hizo entrega de un reconocimiento por su destacada labor en nuestra comuna al Sacerdote Sr. Boanerges Correa, adem\u00e1s de la entrega de una piocha al Honorable Concejo Municipal<\/p>\n<p style=\"text-align: justify;\">Finalmente se llev\u00f3 a cabo el desfile para luego trasladarse al gimnasio multiuso para realizar el tradicional vino de honor.<\/p>\n<p style=\"text-align: justify;\">[su_button url=\u00bbhttps:\/\/www.facebook.com\/pg\/yungayino.cl\/photos\/?tab=album&amp;album_id=3154015767946774&#8243; target=\u00bbblank\u00bb size=\u00bb7&#8243; radius=\u00bbround\u00bb icon=\u00bbicon: facebook-square\u00bb]FOTOGRAF\u00cdAS &#8211; Yungay Celebr\u00f3 178 A\u00f1os de Vida con Acto C\u00edvico y Desfile[\/su_button]<\/p>\n","protected":false},"excerpt":{"rendered":"<p>Yungay, enero 2020: El lunes 20 de enero en el Frontis del Municipio como de costumbre fue el escenario escogido para realizar el acto c\u00edvico y desfile de conmemoraci\u00f3n de un nuevo aniversario de&#46;&#46;&#46;<\/p>\n","protected":false},"author":2,"featured_media":21804,"comment_status":"closed","ping_status":"open","sticky":false,"template":"","format":"standard","meta":{"footnotes":""},"categories":[14,1],"tags":[2153,2154,1640,833,1115,149,8,6,117],"class_list":["post-21803","post","type-post","status-publish","format-standard","has-post-thumbnail","hentry","category-historia","category-noticias","tag-178-anos","tag-20-enero-2020","tag-acto","tag-aniversario-yungay","tag-noticias","tag-semana-yungayina","tag-yungay","tag-yungayino","tag-yungayinocl"],"_links":{"self":[{"href":"https:\/\/www.yungayino.cl\/noticias\/index.php?rest_route=\/wp\/v2\/posts\/21803","targetHints":{"allow":["GET"]}}],"collection":[{"href":"https:\/\/www.yungayino.cl\/noticias\/index.php?rest_route=\/wp\/v2\/posts"}],"about":[{"href":"https:\/\/www.yungayino.cl\/noticias\/index.php?rest_route=\/wp\/v2\/types\/post"}],"author":[{"embeddable":true,"href":"https:\/\/www.yungayino.cl\/noticias\/index.php?rest_route=\/wp\/v2\/users\/2"}],"replies":[{"embeddable":true,"href":"https:\/\/www.yungayino.cl\/noticias\/index.php?rest_route=%2Fwp%2Fv2%2Fcomments&post=21803"}],"version-history":[{"count":4,"href":"https:\/\/www.yungayino.cl\/noticias\/index.php?rest_route=\/wp\/v2\/posts\/21803\/revisions"}],"predecessor-version":[{"id":21808,"href":"https:\/\/www.yungayino.cl\/noticias\/index.php?rest_route=\/wp\/v2\/posts\/21803\/revisions\/21808"}],"wp:featuredmedia":[{"embeddable":true,"href":"https:\/\/www.yungayino.cl\/noticias\/index.php?rest_route=\/wp\/v2\/media\/21804"}],"wp:attachment":[{"href":"https:\/\/www.yungayino.cl\/noticias\/index.php?rest_route=%2Fwp%2Fv2%2Fmedia&parent=21803"}],"wp:term":[{"taxonomy":"category","embeddable":true,"href":"https:\/\/www.yungayino.cl\/noticias\/index.php?rest_route=%2Fwp%2Fv2%2Fcategories&post=21803"},{"taxonomy":"post_tag","embeddable":true,"href":"https:\/\/www.yungayino.cl\/noticias\/index.php?rest_route=%2Fwp%2Fv2%2Ftags&post=21803"}],"curies":[{"name":"wp","href":"https:\/\/api.w.org\/{rel}","templated":true}]}}