{"id":21823,"date":"2020-01-23T16:00:32","date_gmt":"2020-01-23T19:00:32","guid":{"rendered":"http:\/\/www.yungayino.cl\/noticias\/?p=21823"},"modified":"2020-01-23T16:30:19","modified_gmt":"2020-01-23T19:30:19","slug":"con-gran-marco-de-publico-se-presentaron-pastizal-y-santaferia-en-show-de-la-semana-yungayina-2020","status":"publish","type":"post","link":"https:\/\/www.yungayino.cl\/noticias\/?p=21823","title":{"rendered":"Con Gran Marco de P\u00fablico se Presentaron Pastizal y Santaferia en Show de la Semana Yungayina 2020"},"content":{"rendered":"<p><img loading=\"lazy\" decoding=\"async\" class=\"alignnone size-full wp-image-21824\" src=\"http:\/\/www.yungayino.cl\/noticias\/wp-content\/uploads\/2020\/01\/santaferia_2020.jpg\" alt=\"\" width=\"700\" height=\"386\" srcset=\"https:\/\/www.yungayino.cl\/noticias\/wp-content\/uploads\/2020\/01\/santaferia_2020.jpg 700w, https:\/\/www.yungayino.cl\/noticias\/wp-content\/uploads\/2020\/01\/santaferia_2020-300x165.jpg 300w, https:\/\/www.yungayino.cl\/noticias\/wp-content\/uploads\/2020\/01\/santaferia_2020-272x150.jpg 272w\" sizes=\"auto, (max-width: 700px) 100vw, 700px\" \/><\/p>\n<p style=\"text-align: justify;\">Yungay enero 2020: Con una multitudinaria concurrencia de p\u00fablico que lleg\u00f3 de diferentes partes de la regi\u00f3n al Recinto Trilaleo, se llev\u00f3 a cabo el show de la Semana Yungayina 2020 organizada por la Ilustre Municipalidad de Yungay, y que tiene a Mathieu Producciones como empresa encargada de la puesta en escena con gran calidad de sonido y montaje audiovisual.<\/p>\n<p style=\"text-align: justify;\"><iframe loading=\"lazy\" style=\"border: none; overflow: hidden;\" src=\"https:\/\/www.facebook.com\/plugins\/post.php?href=https:\/\/www.facebook.com\/yungayino.cl\/posts\/3158454197502931?__xts__%5B0%5D=68.ARBFoJy5mMRg1HQ8M1C89O1whIerF1WStnRJ0h3i2bDSjWojs9eT4xf7aya0K37YbIlF3TmeR2IgqEabY3Vi_Mu03_fZHvSQ3W92pCfNUNePJSWJ24XQ-GgQYym-SHYfW60uuG23zIrsZr_TYPKgngo0-OtY9qB0r3wx34nEYmKDM9Ht4s0TN8Jx42gBIxd4U4byvJ5lwYuJiRQmGhuyQVZx3Zrn87qJkgT5weeFwxQbyYesXgQ8GjFzoIo7VrSNhtt8XELJ0KkQXPmt6fU2FW3s6Ny9TUdafQ98sb01mnt5pJb2OFNE_EjJ07P0Yr1AxPcwSKBc1-QvVyOtDFHK4FdOnDCtCnlceJ0gcsmef4taXg0qRjOkdM0dDJoJK5wDEjqpciaEamZyn4FQvO0eERoO1brf1v-ect2EbwSolW9svsU7CPBCURJxUjEW2o6Dqu4VKMs_eI5_c8l8Adzi&amp;__tn__=-R&amp;l=a77e327dc6&amp;l=f5951f1994&amp;l=bfecbb8adf&amp;l=687b6bf5da&amp;width=500&amp;show_text=true&amp;height=691&amp;appId\" width=\"500\" height=\"715\" frameborder=\"0\" scrolling=\"no\"><\/iframe><\/p>\n<p>&nbsp;<\/p>\n<p style=\"text-align: justify;\">El show se inici\u00f3 a las 22:00 horas con la animaci\u00f3n del yungayino <strong>Danilo Schlegel<\/strong>, quien present\u00f3 a la banda local <strong>\u201cPastizal<\/strong>\u201d, para dar inicio a una nueva jornada de show de la Semana Yungayina 2020, la cual igual cont\u00f3 con la participaci\u00f3n del penquista Erwin Padilla <strong>\u201cMaldito Gordo\u201d<\/strong> Stand Up Comedy, para cerrar la noche con la presentaci\u00f3n al ritmo de la cumbia chilena de <strong>Santaferia.<\/strong><\/p>\n<p style=\"text-align: justify;\"><strong><u>Pastizal:<\/u><\/strong><\/p>\n<p style=\"text-align: justify;\">Esta banda formada por m\u00fasicos Yungayinos, con a\u00f1os de trayectoria y conocidos en el ambiente musical, pertenecientes a diferentes bandas que pasaron por la escena musical yungayina, deciden reunirse en un proyecto propio, entregando sus creaciones, una puesta ligada al Pop-Rock, letras inspiradas en la vida, el amor y la conciencia com\u00fan de las cosas que acontecen en el d\u00eda a d\u00eda. Esta banda est\u00e1 integrada por: Jonathan Soto, Ren\u00e9 Mart\u00ednez, Miguel Godoy, Rodrigo Mart\u00ednez, y Cristopher Soto. El p\u00fablico los aplaudi\u00f3 durante toda su presentaci\u00f3n, reconociendo as\u00ed el talento de estos Yungayinos.<\/p>\n<p style=\"text-align: justify;\"><strong><u>SantaFeria:<\/u><\/strong><\/p>\n<p style=\"text-align: justify;\">Cerca de las 23:10 horas se desat\u00f3 la explosi\u00f3n de la fiesta popular que no distingue clases sociales ni generaciones, abuelos, j\u00f3venes y ni\u00f1os corearon las canciones y bailaron al ritmo de<strong> Santaferia<\/strong> en la Semana Yungayina 2020, donde la nueva cumbia chilena se hizo presente cuando salieron al escenario ante un\u00a0 gran marco de p\u00fablico euf\u00f3rico que los esperaba coreando y bailando sus canciones de letras cotidianas y rom\u00e1nticas que reflejan al ciudadano com\u00fan que le encanta la cumbia tropical con brochazos de rock, punk, m\u00fasica andina y cumbia villera, fue as\u00ed que grandes y peque\u00f1os disfrutaron hasta cerca de las 00:30 horas de un muy buen espect\u00e1culo en esta Semana Yungayina 2020.<\/p>\n<p style=\"text-align: justify;\">[su_button url=\u00bbhttps:\/\/www.facebook.com\/pg\/yungayino.cl\/photos\/?tab=album&amp;album_id=3158453804169637&#8243; target=\u00bbblank\u00bb size=\u00bb7&#8243; radius=\u00bbround\u00bb icon=\u00bbicon: facebook-square\u00bb]FOTOGRAF\u00cdAS &#8211; Con Gran Marco de P\u00fablico se Presentaron Pastizal y Santaferia en Show de la Semana Yungayina 2020[\/su_button]<\/p>\n","protected":false},"excerpt":{"rendered":"<p>Yungay enero 2020: Con una multitudinaria concurrencia de p\u00fablico que lleg\u00f3 de diferentes partes de la regi\u00f3n al Recinto Trilaleo, se llev\u00f3 a cabo el show de la Semana Yungayina 2020 organizada por la&#46;&#46;&#46;<\/p>\n","protected":false},"author":2,"featured_media":21824,"comment_status":"closed","ping_status":"open","sticky":false,"template":"","format":"standard","meta":{"footnotes":""},"categories":[5,1],"tags":[1115,1890,2155,149,2148,8,6,117],"class_list":["post-21823","post","type-post","status-publish","format-standard","has-post-thumbnail","hentry","category-eventos","category-noticias","tag-noticias","tag-pastizal","tag-santaferia","tag-semana-yungayina","tag-semana-yungayina-2020","tag-yungay","tag-yungayino","tag-yungayinocl"],"_links":{"self":[{"href":"https:\/\/www.yungayino.cl\/noticias\/index.php?rest_route=\/wp\/v2\/posts\/21823","targetHints":{"allow":["GET"]}}],"collection":[{"href":"https:\/\/www.yungayino.cl\/noticias\/index.php?rest_route=\/wp\/v2\/posts"}],"about":[{"href":"https:\/\/www.yungayino.cl\/noticias\/index.php?rest_route=\/wp\/v2\/types\/post"}],"author":[{"embeddable":true,"href":"https:\/\/www.yungayino.cl\/noticias\/index.php?rest_route=\/wp\/v2\/users\/2"}],"replies":[{"embeddable":true,"href":"https:\/\/www.yungayino.cl\/noticias\/index.php?rest_route=%2Fwp%2Fv2%2Fcomments&post=21823"}],"version-history":[{"count":3,"href":"https:\/\/www.yungayino.cl\/noticias\/index.php?rest_route=\/wp\/v2\/posts\/21823\/revisions"}],"predecessor-version":[{"id":21827,"href":"https:\/\/www.yungayino.cl\/noticias\/index.php?rest_route=\/wp\/v2\/posts\/21823\/revisions\/21827"}],"wp:featuredmedia":[{"embeddable":true,"href":"https:\/\/www.yungayino.cl\/noticias\/index.php?rest_route=\/wp\/v2\/media\/21824"}],"wp:attachment":[{"href":"https:\/\/www.yungayino.cl\/noticias\/index.php?rest_route=%2Fwp%2Fv2%2Fmedia&parent=21823"}],"wp:term":[{"taxonomy":"category","embeddable":true,"href":"https:\/\/www.yungayino.cl\/noticias\/index.php?rest_route=%2Fwp%2Fv2%2Fcategories&post=21823"},{"taxonomy":"post_tag","embeddable":true,"href":"https:\/\/www.yungayino.cl\/noticias\/index.php?rest_route=%2Fwp%2Fv2%2Ftags&post=21823"}],"curies":[{"name":"wp","href":"https:\/\/api.w.org\/{rel}","templated":true}]}}