{"id":21828,"date":"2020-01-24T10:00:49","date_gmt":"2020-01-24T13:00:49","guid":{"rendered":"http:\/\/www.yungayino.cl\/noticias\/?p=21828"},"modified":"2020-01-24T13:53:59","modified_gmt":"2020-01-24T16:53:59","slug":"intendentes-de-nuble-y-biobio-se-reunen-con-autoridades-para-abordar-plan-de-incendios-forestales-2020","status":"publish","type":"post","link":"https:\/\/www.yungayino.cl\/noticias\/?p=21828","title":{"rendered":"Intendentes de \u00d1uble y Biob\u00edo se Re\u00fanen con Autoridades para Abordar Plan de Incendios Forestales 2020"},"content":{"rendered":"<p><img loading=\"lazy\" decoding=\"async\" class=\"alignnone size-full wp-image-21829\" src=\"http:\/\/www.yungayino.cl\/noticias\/wp-content\/uploads\/2020\/01\/incendios_forestales_reunion_2020.jpg\" alt=\"\" width=\"700\" height=\"350\" srcset=\"https:\/\/www.yungayino.cl\/noticias\/wp-content\/uploads\/2020\/01\/incendios_forestales_reunion_2020.jpg 700w, https:\/\/www.yungayino.cl\/noticias\/wp-content\/uploads\/2020\/01\/incendios_forestales_reunion_2020-300x150.jpg 300w\" sizes=\"auto, (max-width: 700px) 100vw, 700px\" \/><\/p>\n<p style=\"text-align: justify;\">Regional, enero 2020: M\u00e1s de ochenta representantes de municipios, gobernaciones de las regiones de \u00d1uble y Biob\u00edo y de instituciones relacionadas a la prevenci\u00f3n y combate de incendios forestales participaron de una reuni\u00f3n informativa en donde se present\u00f3 el Plan de Incendios Forestales 2020, los escenarios de amenaza, acciones preventivas a nivel local y el rol de las municipalidades en la emergencia.<\/p>\n<p style=\"text-align: justify;\">El encuentro cont\u00f3 con la participaci\u00f3n del Intendente Mart\u00edn Arrau, el Intendente de Biob\u00edo, Sergio Giacaman, el Director Ejecutivo de la Corporaci\u00f3n Nacional Forestal (CONAF) Jos\u00e9 Manuel Rebolledo, adem\u00e1s del Director Nacional de la Oficina Nacional de Emergencias (ONEMI) Ricardo Toro, el Jefe de la Unidad de Gesti\u00f3n, Riesgo y Emergencia de la Subsecretar\u00eda del Interior, Cristian Barra, los Seremis de Agricultura de ambas regiones y representantes de Bomberos, Ej\u00e9rcito, Armada, Carabineros y PDI.<\/p>\n<p style=\"text-align: justify;\"><iframe loading=\"lazy\" style=\"border: none; overflow: hidden;\" src=\"https:\/\/www.facebook.com\/plugins\/post.php?href=https:\/\/www.facebook.com\/yungayino.cl\/posts\/3160389573976060?__xts__%5B0%5D=68.ARDEuyI0cFbkK7BAuyF2Z9jM6K2BcepHyl3drPP47ys61iAvvExJyefDuCo7CobqE_c39KVlS1ySRl3GuTcYlD_dozOWf2TVjGktQJYs0xlVIFOxQvtgNjytJ041KRYNR3AwsUS94Q1hAC_75Dr7E8chPbkgf1LHaYay7_y0oOALmvs5tybnwQXRcVHPLpvkbvpDi27EXFdXozmTmoQBiae7pVB4L6FwxlzJhlDtgw6QeX1axATovmLIXtfF8Yd5MSCoWm_tyY_5MAV5XuNvmEuafZsgyFbu2AAX9FlkSeIjrTjmGoWePaJlaxUjjD7hMFmN83B6zZE-u-fb1JeM-HEHGDzZAmJbgV3NtpRuUZp4lNo-1GnLA7sWtSzpCJ-r4LtInWmIwo-xgRospkA7sG0DYB3HBC2r80V4lbz9QJNd1kuV7Rw20UNg7ox3ezKfTbrvzaMCyqoT1iyO19bB&amp;__tn__=-R&amp;l=a77e327dc6&amp;l=f5951f1994&amp;l=bfecbb8adf&amp;l=687b6bf5da&amp;width=500&amp;show_text=true&amp;height=691&amp;appId\" width=\"500\" height=\"715\" frameborder=\"0\" scrolling=\"no\"><\/iframe><\/p>\n<p style=\"text-align: justify;\">En la oportunidad, el Intendente Arrau destac\u00f3 este encuentro, que cont\u00f3 con una alta convocatoria y precis\u00f3 que \u201cestamos en plena temporada de incendios forestales y rurales y esta jornada nos permiti\u00f3 abordar puntos cr\u00edticos, adem\u00e1s de reforzar la coordinaci\u00f3n entre los distintos organismos que trabajan en el combate y la prevenci\u00f3n. Estas instancias nos ayudan a compartir experiencias donde en nuestro caso destacamos la simulaci\u00f3n de los COE, la gesti\u00f3n en terreno y el mensaje de autocuidado\u201d.<\/p>\n<p style=\"text-align: justify;\">La m\u00e1xima autoridad de \u00d1uble destac\u00f3 tambi\u00e9n los recursos que se han destinado a trav\u00e9s del Gobierno Regional de \u00d1uble para la compra de 19 carros forestales para Bomberos de la regi\u00f3n.<\/p>\n<p style=\"text-align: justify;\">Por su parte, el Director Nacional de Onemi, Ricardo Toro, sostuvo que \u00abeste encuentro con las autoridades de las regiones de Biob\u00edo y \u00d1uble es muy relevante, instancia en donde abordamos c\u00f3mo se est\u00e1n desarrollando las coordinaciones establecidas en la planificaci\u00f3n para enfrentar la actual temporada de incendios forestales y, al mismo tiempo, generamos un di\u00e1logo para intercambiar experiencias y recibir los aportes desde el nivel local\u00bb.<\/p>\n<p style=\"text-align: justify;\">Uno de los temas centrales en el encuentro fue la intencionalidad de los incendios forestales en la regi\u00f3n, el cual, de acuerdo a lo expuesto por el director ejecutivo de Conaf, Jos\u00e9 Manuel Rebolledo, alcanza el 46%. \u201c\u00d1uble registra a la fecha un total de 159 incendios, de los cuales un 46% han sido provocados de manera intencional y un 47% corresponden a negligencia o descuido. La intensificaci\u00f3n de la ocurrencia de incendios y la intencionalidad han ido en aumento, eso nos preocupa y nos ocupa garantizar la vida de las personas y resguardar sus viviendas\u201d, sostuvo.<\/p>\n<p style=\"text-align: justify;\">Tras la exposici\u00f3n del jefe de la Unidad de Gesti\u00f3n, Riesgo y Emergencia de la Subsecretar\u00eda del Interior, Cristian Barra, quien habl\u00f3 sobre el rol de los municipios en las emergencias, se dio espacio para consultas, las que se centraron principalmente en la necesidad de reforzar las acciones de prevenci\u00f3n y en una mejora continua de las coordinaciones en terreno.<\/p>\n<p style=\"text-align: justify;\">[su_button url=\u00bbhttps:\/\/www.facebook.com\/pg\/yungayino.cl\/photos\/?tab=album&amp;album_id=3160389203976097&#8243; target=\u00bbblank\u00bb size=\u00bb7&#8243; radius=\u00bbround\u00bb icon=\u00bbicon: facebook-square\u00bb]FOTOGRAF\u00cdAS &#8211; Intendentes de \u00d1uble y Biob\u00edo se Re\u00fanen con Autoridades para Abordar Plan de Incendios Forestales 2020[\/su_button]<\/p>\n","protected":false},"excerpt":{"rendered":"<p>Regional, enero 2020: M\u00e1s de ochenta representantes de municipios, gobernaciones de las regiones de \u00d1uble y Biob\u00edo y de instituciones relacionadas a la prevenci\u00f3n y combate de incendios forestales participaron de una reuni\u00f3n informativa&#46;&#46;&#46;<\/p>\n","protected":false},"author":2,"featured_media":21829,"comment_status":"closed","ping_status":"open","sticky":false,"template":"","format":"standard","meta":{"footnotes":""},"categories":[3,1],"tags":[2156,128,1115,1678,8,6],"class_list":["post-21828","post","type-post","status-publish","format-standard","has-post-thumbnail","hentry","category-actualidad","category-noticias","tag-biobio","tag-incendios-forestales","tag-noticias","tag-nuble","tag-yungay","tag-yungayino"],"_links":{"self":[{"href":"https:\/\/www.yungayino.cl\/noticias\/index.php?rest_route=\/wp\/v2\/posts\/21828","targetHints":{"allow":["GET"]}}],"collection":[{"href":"https:\/\/www.yungayino.cl\/noticias\/index.php?rest_route=\/wp\/v2\/posts"}],"about":[{"href":"https:\/\/www.yungayino.cl\/noticias\/index.php?rest_route=\/wp\/v2\/types\/post"}],"author":[{"embeddable":true,"href":"https:\/\/www.yungayino.cl\/noticias\/index.php?rest_route=\/wp\/v2\/users\/2"}],"replies":[{"embeddable":true,"href":"https:\/\/www.yungayino.cl\/noticias\/index.php?rest_route=%2Fwp%2Fv2%2Fcomments&post=21828"}],"version-history":[{"count":3,"href":"https:\/\/www.yungayino.cl\/noticias\/index.php?rest_route=\/wp\/v2\/posts\/21828\/revisions"}],"predecessor-version":[{"id":21832,"href":"https:\/\/www.yungayino.cl\/noticias\/index.php?rest_route=\/wp\/v2\/posts\/21828\/revisions\/21832"}],"wp:featuredmedia":[{"embeddable":true,"href":"https:\/\/www.yungayino.cl\/noticias\/index.php?rest_route=\/wp\/v2\/media\/21829"}],"wp:attachment":[{"href":"https:\/\/www.yungayino.cl\/noticias\/index.php?rest_route=%2Fwp%2Fv2%2Fmedia&parent=21828"}],"wp:term":[{"taxonomy":"category","embeddable":true,"href":"https:\/\/www.yungayino.cl\/noticias\/index.php?rest_route=%2Fwp%2Fv2%2Fcategories&post=21828"},{"taxonomy":"post_tag","embeddable":true,"href":"https:\/\/www.yungayino.cl\/noticias\/index.php?rest_route=%2Fwp%2Fv2%2Ftags&post=21828"}],"curies":[{"name":"wp","href":"https:\/\/api.w.org\/{rel}","templated":true}]}}