{"id":21833,"date":"2020-01-24T13:58:45","date_gmt":"2020-01-24T16:58:45","guid":{"rendered":"http:\/\/www.yungayino.cl\/noticias\/?p=21833"},"modified":"2020-01-24T14:07:30","modified_gmt":"2020-01-24T17:07:30","slug":"todo-el-romanticismo-de-sebastian-montero-y-el-sonido-de-la-banda-paysandu-disfrutaron-yungayinos-en-la-semana-yungayina-2020","status":"publish","type":"post","link":"https:\/\/www.yungayino.cl\/noticias\/?p=21833","title":{"rendered":"Todo el Romanticismo de Sebasti\u00e1n Montero y el Sonido de la Banda \u201cPAYSANDU\u201d, Disfrutaron Yungayinos en la Semana Yungayina 2020"},"content":{"rendered":"<p><img loading=\"lazy\" decoding=\"async\" class=\"alignnone size-full wp-image-21838\" src=\"http:\/\/www.yungayino.cl\/noticias\/wp-content\/uploads\/2020\/01\/montero_paysandu-1.jpg\" alt=\"\" width=\"700\" height=\"350\" srcset=\"https:\/\/www.yungayino.cl\/noticias\/wp-content\/uploads\/2020\/01\/montero_paysandu-1.jpg 700w, https:\/\/www.yungayino.cl\/noticias\/wp-content\/uploads\/2020\/01\/montero_paysandu-1-300x150.jpg 300w\" sizes=\"auto, (max-width: 700px) 100vw, 700px\" \/><\/p>\n<p style=\"text-align: justify;\">Yungay, enero 2020: Con un buen marco de p\u00fablico que lleg\u00f3 a la Plaza Iquique, se llev\u00f3 a cabo una nueva\u00a0 jornada de la Semana Yungayina 2020, organizada por la Ilustre Municipalidad de Yungay.<\/p>\n<p style=\"text-align: justify;\"><iframe loading=\"lazy\" style=\"border: none; overflow: hidden;\" src=\"https:\/\/www.facebook.com\/plugins\/post.php?href=https:\/\/www.facebook.com\/yungayino.cl\/posts\/3160436997304651?__xts__%5B0%5D=68.ARBNYyOQ1OJSZmexE_HgR_RurbvI5YZK9CbIDU9yvRJE9Jg7-1Kg09petYLuT3xJRyPFrHKkbB6eLR9P_z31EPvifloZ433-m2hrOxdJYSRKJpFqHRrOp7Bf-q-z5Gcz4O1E2NL7vWiu1xeijx4Ysh9cXiMakZn_MCAEAxB7_u22h7qNm_f7SJT_8YFf1FTyM4EUEdHlw2dAwCLzOSVKNc85IujStDuAzO--yH7DdJqmjVwFHsthhYd9TM0WHP-37CUOMrEfsHdBhx7DI7wyUujci9fwApOYTo3VqoNGL9mrXYA9RqUjtNskpivXdfyyy2FDU9UFR2F2HqAoMZZv1xcNaQEVSKy9t51-gSAHHiDB-XDFRuWuklzPRPAz-YcRRIQ1nKxQ59Y6ORe0G1ejPt_hWmfz4eUDzI83CKhH7jPdrbqqP8NA0AyQjTzKQg2WEYex4p-3OQ2JMQ4hkt5G&amp;__tn__=-R&amp;l=a77e327dc6&amp;l=f5951f1994&amp;l=bfecbb8adf&amp;l=687b6bf5da&amp;width=500&amp;show_text=true&amp;height=691&amp;appId\" width=\"500\" height=\"715\" frameborder=\"0\" scrolling=\"no\"><\/iframe><\/p>\n<p style=\"text-align: justify;\">El show cont\u00f3 con la animaci\u00f3n del yungayino <strong>Danilo Schlegel<\/strong>, quien present\u00f3 en primer lugar al cantautor, compositor e int\u00e9rprete chileno <strong>Sebasti\u00e1n Montero<\/strong> especialmente conocido como la nueva voz rom\u00e1ntica de Chile, adem\u00e1s de su estilo singular y sentida voz fue el encargado de poner todo el romanticismo con sus baladas donde destacaron entre otras, \u201cSolamente T\u00fa\u201d, \u201c\u00c1ngel Divino\u201d y \u201cPorque yo te quiero\u201d, entre otras con las cuales coreo con el p\u00fablico asistente.<\/p>\n<p style=\"text-align: justify;\">Finalmente esta nueva jornada la cerr\u00f3 la banda <strong>\u201cPAYSANDU<\/strong>: El Sonido de Los Iracundos\u201d, quienes deleitaron e hicieron cantar y emocionarse a los cientos de yungayinos (as), adem\u00e1s de visitantes que llegaron a ver el show.<\/p>\n<p style=\"text-align: justify;\">[su_button url=\u00bbhttps:\/\/www.facebook.com\/pg\/yungayino.cl\/photos\/?tab=album&amp;album_id=3160436230638061&#8243; target=\u00bbblank\u00bb size=\u00bb7&#8243; radius=\u00bbround\u00bb icon=\u00bbicon: facebook-square\u00bb]FOTOGRAF\u00cdAS &#8211; Todo el Romanticismo de Sebasti\u00e1n Montero y el Sonido de la Banda \u201cPaysand\u00fa\u201d, Disfrutaron Yungayinos en la Semana Yungayina 2020[\/su_button]<\/p>\n","protected":false},"excerpt":{"rendered":"<p>Yungay, enero 2020: Con un buen marco de p\u00fablico que lleg\u00f3 a la Plaza Iquique, se llev\u00f3 a cabo una nueva\u00a0 jornada de la Semana Yungayina 2020, organizada por la Ilustre Municipalidad de Yungay.&#46;&#46;&#46;<\/p>\n","protected":false},"author":2,"featured_media":21838,"comment_status":"closed","ping_status":"open","sticky":false,"template":"","format":"standard","meta":{"footnotes":""},"categories":[5,1],"tags":[1115,850,2157,2148,8,117],"class_list":["post-21833","post","type-post","status-publish","format-standard","has-post-thumbnail","hentry","category-eventos","category-noticias","tag-noticias","tag-paysandu","tag-sebastian-montero","tag-semana-yungayina-2020","tag-yungay","tag-yungayinocl"],"_links":{"self":[{"href":"https:\/\/www.yungayino.cl\/noticias\/index.php?rest_route=\/wp\/v2\/posts\/21833","targetHints":{"allow":["GET"]}}],"collection":[{"href":"https:\/\/www.yungayino.cl\/noticias\/index.php?rest_route=\/wp\/v2\/posts"}],"about":[{"href":"https:\/\/www.yungayino.cl\/noticias\/index.php?rest_route=\/wp\/v2\/types\/post"}],"author":[{"embeddable":true,"href":"https:\/\/www.yungayino.cl\/noticias\/index.php?rest_route=\/wp\/v2\/users\/2"}],"replies":[{"embeddable":true,"href":"https:\/\/www.yungayino.cl\/noticias\/index.php?rest_route=%2Fwp%2Fv2%2Fcomments&post=21833"}],"version-history":[{"count":6,"href":"https:\/\/www.yungayino.cl\/noticias\/index.php?rest_route=\/wp\/v2\/posts\/21833\/revisions"}],"predecessor-version":[{"id":21841,"href":"https:\/\/www.yungayino.cl\/noticias\/index.php?rest_route=\/wp\/v2\/posts\/21833\/revisions\/21841"}],"wp:featuredmedia":[{"embeddable":true,"href":"https:\/\/www.yungayino.cl\/noticias\/index.php?rest_route=\/wp\/v2\/media\/21838"}],"wp:attachment":[{"href":"https:\/\/www.yungayino.cl\/noticias\/index.php?rest_route=%2Fwp%2Fv2%2Fmedia&parent=21833"}],"wp:term":[{"taxonomy":"category","embeddable":true,"href":"https:\/\/www.yungayino.cl\/noticias\/index.php?rest_route=%2Fwp%2Fv2%2Fcategories&post=21833"},{"taxonomy":"post_tag","embeddable":true,"href":"https:\/\/www.yungayino.cl\/noticias\/index.php?rest_route=%2Fwp%2Fv2%2Ftags&post=21833"}],"curies":[{"name":"wp","href":"https:\/\/api.w.org\/{rel}","templated":true}]}}