{"id":21848,"date":"2020-01-25T19:00:27","date_gmt":"2020-01-25T22:00:27","guid":{"rendered":"http:\/\/www.yungayino.cl\/noticias\/?p=21848"},"modified":"2020-01-25T19:10:00","modified_gmt":"2020-01-25T22:10:00","slug":"con-todo-el-talento-de-reloj-de-arena-saturno-y-natalino-yungayinos-disfrutaron-de-show-de-semana-yungayina-2020","status":"publish","type":"post","link":"https:\/\/www.yungayino.cl\/noticias\/?p=21848","title":{"rendered":"Con Todo el Talento de \u201cReloj de Arena\u201d, \u201cSaturno\u201d y \u201cNatalino\u201d Yungayinos Disfrutaron de Show de Semana Yungayina 2020"},"content":{"rendered":"<p><img loading=\"lazy\" decoding=\"async\" class=\"alignnone size-full wp-image-21849\" src=\"http:\/\/www.yungayino.cl\/noticias\/wp-content\/uploads\/2020\/01\/natalino_2020.jpg\" alt=\"\" width=\"700\" height=\"350\" srcset=\"https:\/\/www.yungayino.cl\/noticias\/wp-content\/uploads\/2020\/01\/natalino_2020.jpg 700w, https:\/\/www.yungayino.cl\/noticias\/wp-content\/uploads\/2020\/01\/natalino_2020-300x150.jpg 300w\" sizes=\"auto, (max-width: 700px) 100vw, 700px\" \/><\/p>\n<p style=\"text-align: justify;\">Yungay, 24 de enero 2020: Con todo el talento local de las Bandas Yungayinas \u201cReloj de Arena\u201d y \u201cSaturno\u201d, adem\u00e1s de \u201cNatalino\u201d yungayinos (as) disfrutaron de un nuevo show de la Semana Yungayina 2020, organizada por la Ilustre Municipalidad de Yungay, y que tiene a Mathieu Producciones como empresa encargada de la puesta en escena, con gran calidad de sonido y montaje audiovisual.<\/p>\n<p style=\"text-align: justify;\">El show se inici\u00f3 a las 22:00 horas en el Balneario Trilaleo con la animaci\u00f3n del yungayino <strong>Danilo Schlegel<\/strong>, quien present\u00f3 en primer lugar a la banda local \u201cReloj de Arena\u201d, para continuar con \u201cSaturno\u201d y cerrar la noche con \u201cNatalino\u201d.<\/p>\n<p style=\"text-align: justify;\"><iframe loading=\"lazy\" style=\"border: none; overflow: hidden;\" src=\"https:\/\/www.facebook.com\/plugins\/post.php?href=https:\/\/www.facebook.com\/yungayino.cl\/posts\/3163110350370649?__xts__%5B0%5D=68.ARBXCYlwHLlFYetve9PaE2RAvldn9sOCrxxhiWFHOLPfkRIsb6KkJ8kD0U1CQoKd-aL2i1soZGCd0xWEiVzBWft3hzzZx0-njwf9NFQ-mZj5x-qRGaoF4ksKVGyQb9Zpfark5mHoM5Q3umHthiftCTiWfXQ4wFW68HKgqVMvnpEc1ryl-S5p3_tmS6sP5TSRlChbpgDmo7m1SuYh6LFqLo_pNGTaKuMQQ2_ldQ4vHfTSes3GbNEG4buYlnLFiCMirvFCmw1JBu5INxCR8JXaQes8fra3MmF59gaUDdJcwoE7dnhwcuOr3zwVgP5tL3g6Ho2_PL0b7toHuiBt1jo9cF7ilM_Lx4phwDUftvU3E3YVzMCNKPK_tdE_hj7uR-jkhUM5-DoC6szP5l9A9e2ZsTSMdDwm5jKXGyO033SNEt-UjVm8_vwzLM3pBHYdyzxE5AbYgP07GmDDcmV4aAoU&amp;__tn__=-R&amp;l=a77e327dc6&amp;l=f5951f1994&amp;l=bfecbb8adf&amp;l=687b6bf5da&amp;width=500&amp;show_text=true&amp;height=691&amp;appId\" width=\"500\" height=\"715\" frameborder=\"0\" scrolling=\"no\"><\/iframe><\/p>\n<p style=\"text-align: justify;\"><strong>\u201cReloj de Arena\u201d y \u201cSaturno\u201d<\/strong><\/p>\n<p style=\"text-align: justify;\">Como una gran noche fue calificada para la m\u00fasica local la presentaci\u00f3n de anoche de las bandas \u201cReloj de Arena\u201d y \u201dSaturno\u201d, donde se pudo apreciar el gran talento de ambas bandas formadas por m\u00fasicos Yungayinos, quienes son conocidos en el ambiente musical de nuestra comuna y tambi\u00e9n regional.<\/p>\n<p style=\"text-align: justify;\">El p\u00fablico yungayino en todo momento aplaudi\u00f3 y grit\u00f3 apoyando ambas presentaciones reconociendo as\u00ed el talento de estos Yungayinos, quienes agradecieron y se\u00f1alaron al t\u00e9rmino de sus presentaciones el buen recibimiento del p\u00fablico presente, adem\u00e1s destacaron que el municipio de oportunidades al talento local.<\/p>\n<p style=\"text-align: justify;\"><strong>\u00a0<\/strong><\/p>\n<p style=\"text-align: justify;\"><strong>\u201cNatalino\u201d<\/strong><\/p>\n<p style=\"text-align: justify;\">Cristian Natalino junto a los hermanos Hugo y Eduardo Manzi, fueron los encargado de cerrar la noche ante un p\u00fablico en su mayor\u00eda femenino, quienes disfrutaron de una noche plagada de romanticismo y un espect\u00e1culo musical enmarcado en las actividades del 178 aniversario comunal.<\/p>\n<p style=\"text-align: justify;\">El tr\u00edo nacional \u201cNatalino\u201d, subieron al escenario cerca de las 24:00 horas donde las fan\u00e1ticas se enamoraron y corearon cada uno de sus grandes \u00e9xitos como, \u201cContigo\u201d, \u201cFant\u00e1stica\u201d \u201cM\u00edrame\u201d y \u201cDesde que te v\u00ed\u201d, entre otros, adem\u00e1s de los covers como \u201cTu recuerdo\u201d, tema perteneciente a la destacada banda chilena \u201cLos \u00c1ngeles Negros\u201d.<\/p>\n<p style=\"text-align: justify;\">[su_button url=\u00bbhttps:\/\/www.facebook.com\/pg\/yungayino.cl\/photos\/?tab=album&amp;album_id=3163109943704023&#8243; target=\u00bbblank\u00bb size=\u00bb7&#8243; radius=\u00bbround\u00bb icon=\u00bbicon: facebook-square\u00bb]FOTOGRAF\u00cdAS &#8211; Con Todo el Talento de \u201cReloj de Arena\u201d, \u201cSaturno\u201d y \u201cNatalino\u201d Yungayinos Disfrutaron de Show de Semana Yungayina 2020[\/su_button]<\/p>\n","protected":false},"excerpt":{"rendered":"<p>Yungay, 24 de enero 2020: Con todo el talento local de las Bandas Yungayinas \u201cReloj de Arena\u201d y \u201cSaturno\u201d, adem\u00e1s de \u201cNatalino\u201d yungayinos (as) disfrutaron de un nuevo show de la Semana Yungayina 2020,&#46;&#46;&#46;<\/p>\n","protected":false},"author":2,"featured_media":21849,"comment_status":"closed","ping_status":"open","sticky":false,"template":"","format":"standard","meta":{"footnotes":""},"categories":[1],"tags":[2160,1115,2158,2159,2148,8,6,117],"class_list":["post-21848","post","type-post","status-publish","format-standard","has-post-thumbnail","hentry","category-noticias","tag-natalino","tag-noticias","tag-reloj-de-arena","tag-saturno","tag-semana-yungayina-2020","tag-yungay","tag-yungayino","tag-yungayinocl"],"_links":{"self":[{"href":"https:\/\/www.yungayino.cl\/noticias\/index.php?rest_route=\/wp\/v2\/posts\/21848","targetHints":{"allow":["GET"]}}],"collection":[{"href":"https:\/\/www.yungayino.cl\/noticias\/index.php?rest_route=\/wp\/v2\/posts"}],"about":[{"href":"https:\/\/www.yungayino.cl\/noticias\/index.php?rest_route=\/wp\/v2\/types\/post"}],"author":[{"embeddable":true,"href":"https:\/\/www.yungayino.cl\/noticias\/index.php?rest_route=\/wp\/v2\/users\/2"}],"replies":[{"embeddable":true,"href":"https:\/\/www.yungayino.cl\/noticias\/index.php?rest_route=%2Fwp%2Fv2%2Fcomments&post=21848"}],"version-history":[{"count":3,"href":"https:\/\/www.yungayino.cl\/noticias\/index.php?rest_route=\/wp\/v2\/posts\/21848\/revisions"}],"predecessor-version":[{"id":21852,"href":"https:\/\/www.yungayino.cl\/noticias\/index.php?rest_route=\/wp\/v2\/posts\/21848\/revisions\/21852"}],"wp:featuredmedia":[{"embeddable":true,"href":"https:\/\/www.yungayino.cl\/noticias\/index.php?rest_route=\/wp\/v2\/media\/21849"}],"wp:attachment":[{"href":"https:\/\/www.yungayino.cl\/noticias\/index.php?rest_route=%2Fwp%2Fv2%2Fmedia&parent=21848"}],"wp:term":[{"taxonomy":"category","embeddable":true,"href":"https:\/\/www.yungayino.cl\/noticias\/index.php?rest_route=%2Fwp%2Fv2%2Fcategories&post=21848"},{"taxonomy":"post_tag","embeddable":true,"href":"https:\/\/www.yungayino.cl\/noticias\/index.php?rest_route=%2Fwp%2Fv2%2Ftags&post=21848"}],"curies":[{"name":"wp","href":"https:\/\/api.w.org\/{rel}","templated":true}]}}