{"id":21853,"date":"2020-01-26T20:00:46","date_gmt":"2020-01-26T23:00:46","guid":{"rendered":"http:\/\/www.yungayino.cl\/noticias\/?p=21853"},"modified":"2020-01-26T22:21:34","modified_gmt":"2020-01-27T01:21:34","slug":"yungayinos-y-visitantes-bailaron-hasta-altas-horas-de-la-madrugada-en-la-semana-yungayina-2020","status":"publish","type":"post","link":"https:\/\/www.yungayino.cl\/noticias\/?p=21853","title":{"rendered":"Yungayinos y Visitantes Bailaron Hasta Altas Horas de la Madrugada en la Semana Yungayina 2020"},"content":{"rendered":"<p><img loading=\"lazy\" decoding=\"async\" class=\"alignnone size-full wp-image-21854\" src=\"http:\/\/www.yungayino.cl\/noticias\/wp-content\/uploads\/2020\/01\/fogata_2020.jpg\" alt=\"\" width=\"700\" height=\"350\" srcset=\"https:\/\/www.yungayino.cl\/noticias\/wp-content\/uploads\/2020\/01\/fogata_2020.jpg 700w, https:\/\/www.yungayino.cl\/noticias\/wp-content\/uploads\/2020\/01\/fogata_2020-300x150.jpg 300w\" sizes=\"auto, (max-width: 700px) 100vw, 700px\" \/><\/p>\n<p style=\"text-align: justify;\">Yungay, domingo 26 de enero 2020: En el Recinto Trilaleo se llev\u00f3 a cabo este s\u00e1bado 25 de enero la \u00faltima jornada de la Semana Yungayina 2020 organizada por la Ilustre Municipalidad de Yungay, donde el p\u00fablico disfrut\u00f3 de un gran espect\u00e1culo al aire libre con la mejor m\u00fasica tropical y cumbia. Destacar que no se encendieron las tradicionales fogatas por la alerta preventiva de incendio en la regi\u00f3n decretada por la Intendencia.<\/p>\n<p style=\"text-align: justify;\"><iframe loading=\"lazy\" style=\"border: none; overflow: hidden;\" src=\"https:\/\/www.facebook.com\/plugins\/post.php?href=https:\/\/www.facebook.com\/yungayino.cl\/posts\/3165630210118663?__xts__%5B0%5D=68.ARBRptAvZwCN84LiyiAQaSJO7ZdHDVvEgXNfC3biZxJUcTeAuKAiuceDi_Sjhyu7OMO3u0pdxoh6z7JFf3G4xCaEORIyuCgqWAGRjzLaKg_U0OvnTSN2RHVBxhndNuLoqBscDU777EA19_KZi04OPDhklPiTTfxTNCBsoTWJhJLeJJstkFsLq5EHmEgHnouxf4RUHiJwXOXGGXBkQN-7dNMf_Kctooys_j7XL6z_WYEZFLuz6sS_iwHQl-jEP5jdg0wyGq2ZuIpkxRLV2A9S4GBvi_0sQqz701WA54KyXp2bc00enfAUT576tnw9uFqxB6DC-y-uTfdO48vhfagjJ4vSgi4lc8uI9MJj5YJA7PrcpK97Z1LnLIyLtYGtTXZRYEnJKeuuuFvS5BmD0Yn9keq_SIFOfsrl4Qnpy1NbdquifLdq7hvkGms7JTlMMG9cff9PecKytL7QmqHYhUVj&amp;__tn__=-R&amp;l=a77e327dc6&amp;l=f5951f1994&amp;l=bfecbb8adf&amp;l=687b6bf5da&amp;width=500&amp;show_text=true&amp;height=691&amp;appId\" width=\"500\" height=\"715\" frameborder=\"0\" scrolling=\"no\"><\/iframe><\/p>\n<p style=\"text-align: justify;\">La jornada la abri\u00f3 el Grupo <strong>\u201cSonora 5 Estrellas\u201d,<\/strong> para continuar con <strong>\u201cBarrio Sabor\u201d<\/strong> y <strong>\u201cTomo como Rey\u201d<\/strong>, finalmente fueron los <strong>\u201cVikings 5\u201d<\/strong> los que cerraron el espect\u00e1culo, donde la familia yungayina y visitantes disfrutaron bailando hasta altas horas de la madrugada.<\/p>\n<p style=\"text-align: justify;\">Destacar que las actividades para este verano contin\u00faan con la Tradicional Feria Costumbrista 2020 que se llevar\u00e1 a cabo en la Plaza Iquique de nuestra comuna desde el 03 al 08 de febrero.<\/p>\n<p style=\"text-align: justify;\">[su_button url=\u00bbhttps:\/\/www.facebook.com\/pg\/yungayino.cl\/photos\/?tab=album&amp;album_id=3165629126785438&#8243; target=\u00bbblank\u00bb size=\u00bb7&#8243; radius=\u00bbround\u00bb icon=\u00bbicon: facebook-square\u00bb]FOTOGRAF\u00cdAS &#8211; Yungayinos y Visitantes Bailaron Hasta Altas Horas de la Madrugada en la Semana Yungayina 2020[\/su_button]<\/p>\n","protected":false},"excerpt":{"rendered":"<p>Yungay, domingo 26 de enero 2020: En el Recinto Trilaleo se llev\u00f3 a cabo este s\u00e1bado 25 de enero la \u00faltima jornada de la Semana Yungayina 2020 organizada por la Ilustre Municipalidad de Yungay,&#46;&#46;&#46;<\/p>\n","protected":false},"author":2,"featured_media":21854,"comment_status":"closed","ping_status":"open","sticky":false,"template":"","format":"standard","meta":{"footnotes":""},"categories":[5,1],"tags":[1889,154,1115,2148,2161,1039,2162,8,6,117],"class_list":["post-21853","post","type-post","status-publish","format-standard","has-post-thumbnail","hentry","category-eventos","category-noticias","tag-barrio-sabor","tag-fogata","tag-noticias","tag-semana-yungayina-2020","tag-sonora-5-estrellas","tag-tomo-como-rey","tag-vikings-5","tag-yungay","tag-yungayino","tag-yungayinocl"],"_links":{"self":[{"href":"https:\/\/www.yungayino.cl\/noticias\/index.php?rest_route=\/wp\/v2\/posts\/21853","targetHints":{"allow":["GET"]}}],"collection":[{"href":"https:\/\/www.yungayino.cl\/noticias\/index.php?rest_route=\/wp\/v2\/posts"}],"about":[{"href":"https:\/\/www.yungayino.cl\/noticias\/index.php?rest_route=\/wp\/v2\/types\/post"}],"author":[{"embeddable":true,"href":"https:\/\/www.yungayino.cl\/noticias\/index.php?rest_route=\/wp\/v2\/users\/2"}],"replies":[{"embeddable":true,"href":"https:\/\/www.yungayino.cl\/noticias\/index.php?rest_route=%2Fwp%2Fv2%2Fcomments&post=21853"}],"version-history":[{"count":3,"href":"https:\/\/www.yungayino.cl\/noticias\/index.php?rest_route=\/wp\/v2\/posts\/21853\/revisions"}],"predecessor-version":[{"id":21857,"href":"https:\/\/www.yungayino.cl\/noticias\/index.php?rest_route=\/wp\/v2\/posts\/21853\/revisions\/21857"}],"wp:featuredmedia":[{"embeddable":true,"href":"https:\/\/www.yungayino.cl\/noticias\/index.php?rest_route=\/wp\/v2\/media\/21854"}],"wp:attachment":[{"href":"https:\/\/www.yungayino.cl\/noticias\/index.php?rest_route=%2Fwp%2Fv2%2Fmedia&parent=21853"}],"wp:term":[{"taxonomy":"category","embeddable":true,"href":"https:\/\/www.yungayino.cl\/noticias\/index.php?rest_route=%2Fwp%2Fv2%2Fcategories&post=21853"},{"taxonomy":"post_tag","embeddable":true,"href":"https:\/\/www.yungayino.cl\/noticias\/index.php?rest_route=%2Fwp%2Fv2%2Ftags&post=21853"}],"curies":[{"name":"wp","href":"https:\/\/api.w.org\/{rel}","templated":true}]}}