{"id":21899,"date":"2020-02-04T23:30:47","date_gmt":"2020-02-05T02:30:47","guid":{"rendered":"http:\/\/www.yungayino.cl\/noticias\/?p=21899"},"modified":"2020-02-05T12:45:20","modified_gmt":"2020-02-05T15:45:20","slug":"pasion-cuequera-arawiy-y-altamar-se-presentaron-en-xviii-feria-costumbrista-yungay-2020","status":"publish","type":"post","link":"https:\/\/www.yungayino.cl\/noticias\/?p=21899","title":{"rendered":"Pasi\u00f3n Cuequera, Arawiy y Altamar se Presentaron en \u201cXVIII Feria Costumbrista Yungay 2020\u201d"},"content":{"rendered":"<p><img loading=\"lazy\" decoding=\"async\" class=\"alignnone size-full wp-image-21900\" src=\"http:\/\/www.yungayino.cl\/noticias\/wp-content\/uploads\/2020\/02\/pasion_cuequera_feria_costumbrista_2020.jpg\" alt=\"\" width=\"700\" height=\"350\" srcset=\"https:\/\/www.yungayino.cl\/noticias\/wp-content\/uploads\/2020\/02\/pasion_cuequera_feria_costumbrista_2020.jpg 700w, https:\/\/www.yungayino.cl\/noticias\/wp-content\/uploads\/2020\/02\/pasion_cuequera_feria_costumbrista_2020-300x150.jpg 300w\" sizes=\"auto, (max-width: 700px) 100vw, 700px\" \/><\/p>\n<p style=\"text-align: justify;\">Yungay, martes 04 de Febrero 2020: hoy se dio por iniciado el espect\u00e1culo art\u00edstico en el escenario preparado para la \u201cXVIII Feria Costumbrista Yungay 2020\u201d. Contando con la animaci\u00f3n de Yeanette Navarrete y Franco Henr\u00edquez.<\/p>\n<p style=\"text-align: justify;\"><iframe loading=\"lazy\" style=\"border: none; overflow: hidden;\" src=\"https:\/\/www.facebook.com\/plugins\/post.php?href=https:\/\/www.facebook.com\/yungayino.cl\/posts\/3187552041259813?__xts__%5B0%5D=68.ARBOAt9XM8B__zWUjeSQvCXJ17AAhI2gxKlOFrM9bsmKMd5Q8JgAkuzCgvxhrQW7xCFl2K5ESJ3tdZqzVqN585pXqAac7d6QKxEIeIP0BpKERH2BJOfZQmSIJ-D7F6xMKAhMlrodalUFlogYdwYczczQf0nLX536MDe18eUkgwejn220QwgT4-0pAPiVvY20DOwETuBX0F7Ec-jX6DbqxX5qUJyFUGFQT3xswPgqJ1C91JbNRaKCNsPCmlyzRZ1q5dDdu1TLrI5DthzNjR1bGbBtS4mxaosnWAf_Z7CFqfsVOK_hMSlFBpdGhnmQsup5mLn0eoD473gG1NkqNccCyC0nHkhDJwNEkZLr6jos29DScJW4nQnz4kWiubE6YIJL6SOhIpgCHEz82AFKRxOCZUtPWIu-UoyqL9zBo9fOGW5YegcLrTeIgeSM7-y2EU4gvQ-HnHf8rGQgV6oUNd4f&amp;__tn__=-R&amp;l=a77e327dc6&amp;l=f5951f1994&amp;l=bfecbb8adf&amp;l=687b6bf5da&amp;width=500&amp;show_text=true&amp;height=691&amp;appId\" width=\"500\" height=\"715\" frameborder=\"0\" scrolling=\"no\"><\/iframe><\/p>\n<p style=\"text-align: justify;\">Esta tradicional actividad veraniega re\u00fane a la familia, quienes pueden adquirir variados productos en los stand ubicados en la plaza y disfrutar de ricas comidas en las cocineras instaladas en el sal\u00f3n multiuso, adem\u00e1s durante todas las noches a las 21:30 horas podr\u00e1n apreciar los talentos de Yungayinos y Artistas nacionales.<\/p>\n<p style=\"text-align: justify;\">Para dar inicio a las presentaciones art\u00edsticas subi\u00f3 al escenario \u201c<strong>Pasi\u00f3n Cuequera<\/strong>\u201d, talentosos Yungayinos que mostraron todo su profesionalismo con impecables vestimentas y excelentes coreograf\u00edas, ni\u00f1os y j\u00f3venes que junto a sus monitores Alejandra Cifuentes y Edgar Mu\u00f1oz, ensayan durante el a\u00f1o para mostrar un espect\u00e1culo de muy buen nivel, siendo muy aplaudidos por todos los asistentes.<\/p>\n<p style=\"text-align: justify;\">Para continuar con las presentaciones fue el turno del Grupo \u201c<strong>Arawiy<\/strong>\u201d, formado por amantes del folklore Chileno, sus derivados y el folklore latinoamericano, abrazando la cueca brava y la magia porte\u00f1a interpretaron desde valses, boleros, cuecas, hasta cumbias Chileneras.<\/p>\n<p style=\"text-align: justify;\">Para finalizar la noche subi\u00f3 al escenario el Grupo \u201c<strong>Altamar<\/strong>\u201d, quienes desde sus inicios encantan a la juventud chilena, la poes\u00eda de sus obras es contingente y actual. Y sin lugar a dudas, las Cuecas de amor y desamor son las que han logrado traspasar las barreras generacionales de su trabajo.<\/p>\n<p style=\"text-align: justify;\">El d\u00eda mi\u00e9rcoles 05 de febrero se presentar\u00e1n: Andalikan, Cantares y Los Halcones Negros.<\/p>\n<p>&nbsp;<\/p>\n<p>&nbsp;<\/p>\n<p style=\"text-align: justify;\">[su_button url=\u00bbhttps:\/\/www.facebook.com\/pg\/yungayino.cl\/photos\/?tab=album&amp;album_id=3187545971260420&#8243; target=\u00bbblank\u00bb size=\u00bb7&#8243; radius=\u00bbround\u00bb icon=\u00bbicon: facebook-square\u00bb]FOTOGRAF\u00cdAS &#8211; Pasi\u00f3n Cuequera, Arawiy y Altamar se Presentaron en \u201cXVIII Feria Costumbrista Yungay 2020\u201d[\/su_button]<\/p>\n","protected":false},"excerpt":{"rendered":"<p>Yungay, martes 04 de Febrero 2020: hoy se dio por iniciado el espect\u00e1culo art\u00edstico en el escenario preparado para la \u201cXVIII Feria Costumbrista Yungay 2020\u201d. Contando con la animaci\u00f3n de Yeanette Navarrete y Franco&#46;&#46;&#46;<\/p>\n","protected":false},"author":2,"featured_media":21900,"comment_status":"closed","ping_status":"open","sticky":false,"template":"","format":"standard","meta":{"footnotes":""},"categories":[1],"tags":[2165,2164,24,1115,866,8,6,117],"class_list":["post-21899","post","type-post","status-publish","format-standard","has-post-thumbnail","hentry","category-noticias","tag-altamar","tag-arawiy","tag-feria-costumbrista","tag-noticias","tag-pasion-cuequera","tag-yungay","tag-yungayino","tag-yungayinocl"],"_links":{"self":[{"href":"https:\/\/www.yungayino.cl\/noticias\/index.php?rest_route=\/wp\/v2\/posts\/21899","targetHints":{"allow":["GET"]}}],"collection":[{"href":"https:\/\/www.yungayino.cl\/noticias\/index.php?rest_route=\/wp\/v2\/posts"}],"about":[{"href":"https:\/\/www.yungayino.cl\/noticias\/index.php?rest_route=\/wp\/v2\/types\/post"}],"author":[{"embeddable":true,"href":"https:\/\/www.yungayino.cl\/noticias\/index.php?rest_route=\/wp\/v2\/users\/2"}],"replies":[{"embeddable":true,"href":"https:\/\/www.yungayino.cl\/noticias\/index.php?rest_route=%2Fwp%2Fv2%2Fcomments&post=21899"}],"version-history":[{"count":3,"href":"https:\/\/www.yungayino.cl\/noticias\/index.php?rest_route=\/wp\/v2\/posts\/21899\/revisions"}],"predecessor-version":[{"id":21903,"href":"https:\/\/www.yungayino.cl\/noticias\/index.php?rest_route=\/wp\/v2\/posts\/21899\/revisions\/21903"}],"wp:featuredmedia":[{"embeddable":true,"href":"https:\/\/www.yungayino.cl\/noticias\/index.php?rest_route=\/wp\/v2\/media\/21900"}],"wp:attachment":[{"href":"https:\/\/www.yungayino.cl\/noticias\/index.php?rest_route=%2Fwp%2Fv2%2Fmedia&parent=21899"}],"wp:term":[{"taxonomy":"category","embeddable":true,"href":"https:\/\/www.yungayino.cl\/noticias\/index.php?rest_route=%2Fwp%2Fv2%2Fcategories&post=21899"},{"taxonomy":"post_tag","embeddable":true,"href":"https:\/\/www.yungayino.cl\/noticias\/index.php?rest_route=%2Fwp%2Fv2%2Ftags&post=21899"}],"curies":[{"name":"wp","href":"https:\/\/api.w.org\/{rel}","templated":true}]}}