{"id":21936,"date":"2020-02-09T17:00:52","date_gmt":"2020-02-09T20:00:52","guid":{"rendered":"http:\/\/www.yungayino.cl\/noticias\/?p=21936"},"modified":"2020-02-09T17:50:51","modified_gmt":"2020-02-09T20:50:51","slug":"hogar-de-ancianos-de-yungay-recibe-fondos-senama","status":"publish","type":"post","link":"https:\/\/www.yungayino.cl\/noticias\/?p=21936","title":{"rendered":"Hogar de Ancianos de Yungay Recibe Fondos SENAMA"},"content":{"rendered":"<p><img loading=\"lazy\" decoding=\"async\" class=\"alignnone size-full wp-image-21937\" src=\"http:\/\/www.yungayino.cl\/noticias\/wp-content\/uploads\/2020\/02\/hogar_ancianos_senama_aporte.jpg\" alt=\"\" width=\"700\" height=\"350\" srcset=\"https:\/\/www.yungayino.cl\/noticias\/wp-content\/uploads\/2020\/02\/hogar_ancianos_senama_aporte.jpg 700w, https:\/\/www.yungayino.cl\/noticias\/wp-content\/uploads\/2020\/02\/hogar_ancianos_senama_aporte-300x150.jpg 300w\" sizes=\"auto, (max-width: 700px) 100vw, 700px\" \/><\/p>\n<p style=\"text-align: justify;\">Yungay, Febrero 2020: Con la presencia de la Directora Regional de SENAMA \u00d1uble, Srta. Denis Aburto, el alcalde Sr. Rafael Cifuentes Rodr\u00edguez, Representante Seremi Social y Representante de la Gobernaci\u00f3n, se realiz\u00f3 el pasado viernes 7 de febrero la entrega al Hogar de Ancianos de Yungay \u201cNuestra Se\u00f1ora de la Merced\u201d de $57.266.784 de pesos, Fondo Subsidio \u201cELAM\u201d de SENAMA que se adjudicaron para su funcionamiento durante los pr\u00f3ximos dos a\u00f1os.<\/p>\n<p style=\"text-align: justify;\"><iframe loading=\"lazy\" style=\"border: none; overflow: hidden;\" src=\"https:\/\/www.facebook.com\/plugins\/post.php?href=https:\/\/www.facebook.com\/yungayino.cl\/posts\/3197281763620174?__xts__%5B0%5D=68.ARC8FBzBted4susBXZ1NPmtf1jt9SOfeH0JbV7MnARs9bwxSvmUiMKv2kbmvwDvDnNg5uX6UD0M-dEBPLOHGHDiiClQBO_gJV5aClYgzQyxKVjb6lNuBlZUh_DO8O1yE7wt5q739fRos6u8GBFdcg1EzvckT8WzgLCM6xVA08bKCUcua9jwEZlUiEmSfUeHfMKcdZW7-pn9YZzh8jtg1EZxL7vaiVHOzYQJkKjL1yfj16kJkXGqJHEfL7oHAoiXvYxozum9WbEh-erdTwGKOMKoY1z47Tnv3HF3VNoFgPF4gJD7wVfhxoGZHt2iVbFnWLOX0XFsEE7D3KcHIMILqi7mkLqyOaIuoF37_pYM9DOcdxIFLtOC2lYxkOcn1YCi2IVhDkwt7WykeojjzoQ-mZ1MkUDmYyoGtx1coqWspmIMLPBcuKigeCm-O6AYHnHNorsjod-EERHUQM_zKnljo&amp;__tn__=-R&amp;l=a77e327dc6&amp;l=f5951f1994&amp;l=bfecbb8adf&amp;l=687b6bf5da&amp;width=500&amp;show_text=true&amp;height=691&amp;appId\" width=\"500\" height=\"715\" frameborder=\"0\" scrolling=\"no\"><\/iframe><\/p>\n<p style=\"text-align: justify;\">Srta. Denis Aburto, Directora Regional de SENAMA \u00d1uble se\u00f1al\u00f3 al Portal Yungayino.cl que se entreg\u00f3 el Fondo Subsidio LEAM en su novena versi\u00f3n a este establecimiento, el cual corresponde a un monto de $57 millones y fracci\u00f3n que busca en su objetivo general y esencial mejorar la calidad de vida de las personas que hoy residen ac\u00e1, para la cual la administradora del hogar present\u00f3 un proyecto para contratar profesionales, que muchas veces es lo m\u00e1s caro, pero la idea es traer kinesi\u00f3logos, terapeutas, insumos etc., todo con el objetivo de mejorar la calidad de vida de los adultos mayores que viven en el hogar.<\/p>\n<p style=\"text-align: justify;\">Finalmente el alcalde Rafael Cifuentes agradeci\u00f3 a las autoridades presentes por apoyar con este fondo que sin duda ser\u00e1 un gran aporte para el hogar, tambi\u00e9n destac\u00f3 que el municipio tambi\u00e9n continuar\u00e1 apoyando con recursos para ir en ayuda de los adultos mayores, por su parte la Administradora del Hogar Sra. Rosa Sep\u00falveda se\u00f1al\u00f3 su alegr\u00eda y agradecimientos por este importante fondo que se adjudican, los cuales son destinados a financiar nuevas infraestructuras y gastos en la contrataci\u00f3n de profesionales y compra de insumos.<\/p>\n<p style=\"text-align: justify;\">[su_button url=\u00bbhttps:\/\/www.facebook.com\/pg\/yungayino.cl\/photos\/?tab=album&amp;album_id=3197280813620269&#8243; target=\u00bbblank\u00bb size=\u00bb7&#8243; radius=\u00bbround\u00bb icon=\u00bbicon: facebook-square\u00bb]FOTOGRAF\u00cdAS &#8211; Hogar de Ancianos de Yungay Recibe Fondos SENAMA[\/su_button]<\/p>\n","protected":false},"excerpt":{"rendered":"<p>Yungay, Febrero 2020: Con la presencia de la Directora Regional de SENAMA \u00d1uble, Srta. Denis Aburto, el alcalde Sr. Rafael Cifuentes Rodr\u00edguez, Representante Seremi Social y Representante de la Gobernaci\u00f3n, se realiz\u00f3 el pasado&#46;&#46;&#46;<\/p>\n","protected":false},"author":2,"featured_media":21937,"comment_status":"closed","ping_status":"open","sticky":false,"template":"","format":"standard","meta":{"footnotes":""},"categories":[1],"tags":[420,1115,2170,619,8,6,117],"class_list":["post-21936","post","type-post","status-publish","format-standard","has-post-thumbnail","hentry","category-noticias","tag-hogar-de-ancianos","tag-noticias","tag-nuestra-senora-de-la-merced","tag-senama","tag-yungay","tag-yungayino","tag-yungayinocl"],"_links":{"self":[{"href":"https:\/\/www.yungayino.cl\/noticias\/index.php?rest_route=\/wp\/v2\/posts\/21936","targetHints":{"allow":["GET"]}}],"collection":[{"href":"https:\/\/www.yungayino.cl\/noticias\/index.php?rest_route=\/wp\/v2\/posts"}],"about":[{"href":"https:\/\/www.yungayino.cl\/noticias\/index.php?rest_route=\/wp\/v2\/types\/post"}],"author":[{"embeddable":true,"href":"https:\/\/www.yungayino.cl\/noticias\/index.php?rest_route=\/wp\/v2\/users\/2"}],"replies":[{"embeddable":true,"href":"https:\/\/www.yungayino.cl\/noticias\/index.php?rest_route=%2Fwp%2Fv2%2Fcomments&post=21936"}],"version-history":[{"count":4,"href":"https:\/\/www.yungayino.cl\/noticias\/index.php?rest_route=\/wp\/v2\/posts\/21936\/revisions"}],"predecessor-version":[{"id":21941,"href":"https:\/\/www.yungayino.cl\/noticias\/index.php?rest_route=\/wp\/v2\/posts\/21936\/revisions\/21941"}],"wp:featuredmedia":[{"embeddable":true,"href":"https:\/\/www.yungayino.cl\/noticias\/index.php?rest_route=\/wp\/v2\/media\/21937"}],"wp:attachment":[{"href":"https:\/\/www.yungayino.cl\/noticias\/index.php?rest_route=%2Fwp%2Fv2%2Fmedia&parent=21936"}],"wp:term":[{"taxonomy":"category","embeddable":true,"href":"https:\/\/www.yungayino.cl\/noticias\/index.php?rest_route=%2Fwp%2Fv2%2Fcategories&post=21936"},{"taxonomy":"post_tag","embeddable":true,"href":"https:\/\/www.yungayino.cl\/noticias\/index.php?rest_route=%2Fwp%2Fv2%2Ftags&post=21936"}],"curies":[{"name":"wp","href":"https:\/\/api.w.org\/{rel}","templated":true}]}}