{"id":21963,"date":"2020-02-17T19:00:50","date_gmt":"2020-02-17T22:00:50","guid":{"rendered":"http:\/\/www.yungayino.cl\/noticias\/?p=21963"},"modified":"2020-02-17T19:44:07","modified_gmt":"2020-02-17T22:44:07","slug":"con-gran-exito-y-convocatoria-de-publico-se-desarrollo-la-segunda-version-de-la-fiesta-del-mote-en-santa-lucia-bajo","status":"publish","type":"post","link":"https:\/\/www.yungayino.cl\/noticias\/?p=21963","title":{"rendered":"Con Gran \u00c9xito y Convocatoria de P\u00fablico se Desarroll\u00f3 la Segunda Versi\u00f3n de la \u201cFiesta del Mote\u201d en Santa Luc\u00eda Bajo"},"content":{"rendered":"<p><img loading=\"lazy\" decoding=\"async\" class=\"alignnone size-full wp-image-21964\" src=\"http:\/\/www.yungayino.cl\/noticias\/wp-content\/uploads\/2020\/02\/fiesta_del_mote_2020-1.jpg\" alt=\"\" width=\"700\" height=\"350\" srcset=\"https:\/\/www.yungayino.cl\/noticias\/wp-content\/uploads\/2020\/02\/fiesta_del_mote_2020-1.jpg 700w, https:\/\/www.yungayino.cl\/noticias\/wp-content\/uploads\/2020\/02\/fiesta_del_mote_2020-1-300x150.jpg 300w\" sizes=\"auto, (max-width: 700px) 100vw, 700px\" \/><\/p>\n<p style=\"text-align: justify;\">Yungay, lunes 17 de febrero 2020: Ayer domingo 16 de febrero se llev\u00f3 a cabo la Segunda Versi\u00f3n de la \u201cFiesta del Mote\u201d en el kil\u00f3metro 3 del camino a Santa Luc\u00eda Bajo, sector cordillerano de la comuna de Yungay, la que cont\u00f3 con la participaci\u00f3n del popular chef de televisi\u00f3n de MEGA Miguel \u201cSerrucho\u201d Valenzuela, adem\u00e1s del cantautor yungayino Rodrigo Saavedra, Aluvi\u00f3n Ranchero y el grupo Faisanes del Valle. Un evento que fue patrocinado por la Central El Pinar y la Ilustre Municipalidad de Yungay.<\/p>\n<p style=\"text-align: justify;\"><iframe loading=\"lazy\" style=\"border: none; overflow: hidden;\" src=\"https:\/\/www.facebook.com\/plugins\/post.php?href=https:\/\/www.facebook.com\/yungayino.cl\/posts\/3215911781757172?__xts__%5B0%5D=68.ARAuS4jIuZXKn9l_McYywu07rIfaEQ0U-m8K9QeFz38XNmZfxxY_kewqt45QRPJjNbdn2BDeaHlJJMKuFMnMBDJ_0JWjKZFGyCCL15VUEFWOHPxyXTvH4TKjAt6_msBfUy0ZZLp08Wi3LiL60y3c0vSGnjx-6-ncC-J5UK6jjLiW7G7DyhXhzjGnF3ClRwFL6bwraJCN82h16bf-GSDO7k-mG6K-W6RSib_Sj06TqxAsYqPNbmefkaQ5Bt9FMX7aBQFgO_NsWxl4rRoVn9aVK8F2bEI9fZTogxgrWKVqh9KYSsFY16Mj5x1GbPnvSFOSse8-8Uv-uQQDgkokrp1qsRFG_0alQ6JreYmFhEbn_cnNHdIjwTzfavsZxycWPYr-5hl-xo8L32TZ1IILYEIhHE51d5ULYjhWV5P--QwxXHLrD8AeVXSLaHKShG4c39hD9WZDxJbEG7Hr6rfo3WUX&amp;__tn__=-R&amp;l=a77e327dc6&amp;l=f5951f1994&amp;l=bfecbb8adf&amp;l=687b6bf5da&amp;width=500&amp;show_text=true&amp;height=691&amp;appId\" width=\"500\" height=\"715\" frameborder=\"0\" scrolling=\"no\"><\/iframe><\/p>\n<p style=\"text-align: justify;\">El p\u00fablico y visitantes que llegaron desde diferentes puntos de la regi\u00f3n, disfrutaron de los 23 stands pertenecientes a la Agrupaci\u00f3n en Turismo Rural de Santa Luc\u00eda Bajo (ADETUR) y de emprendedores locales, quienes ofrecieron productos elaborados de mano de su propia gente, tales como: artesan\u00edas, tejidos, trabajos en madera, productos reciclados, tortillas, miel, huevos, conservas, caf\u00e9 de trigo, harina tostada, empanadas fritas y por supuesto el rico mote con huesillo, mote seco, adem\u00e1s de una gran cociner\u00eda que prepar\u00f3 para la venta el plato de carne a la olla al pesto, junto con mote con papas cocidas.<\/p>\n<p style=\"text-align: justify;\">El popular chef de MEGA Miguel \u201cSerrucho\u201d Valenzuela tambi\u00e9n entreg\u00f3 sus conocimientos en la cocina, compartiendo junto a los asistentes la preparaci\u00f3n de un rico plato con mote. Luego, tambi\u00e9n comparti\u00f3 con el p\u00fablico asistente una serie de concursos, bailes y la serie de fotograf\u00edas para el recuerdo en su recorrido por los stands.<\/p>\n<p style=\"text-align: justify;\">Roger Cisterna Rondanelli, SEREMI de Econom\u00eda y Gobernador Subrogante de la Provincia de Diguillin, se\u00f1al\u00f3 al equipo del Portal Yungayino.cl que \u201cpara nosotros como Gobierno es fundamental apoyar este tipo de iniciativas, destacando el potencial que tiene el sector de Santa\u00a0 Luc\u00eda Bajo, y que sabemos que el turismo es uno de los motores de cambio y que se encuentra a disposici\u00f3n para poder aumentar la actividad econ\u00f3mica y el empleo. Santa Luc\u00eda Bajo lleva a\u00f1os haciendo las cosas muy bien, por eso seguiremos apoyando estas instancias que sirven para continuar potenciando a Yungay y a la Regi\u00f3n de \u00d1uble\u201d.<\/p>\n<p style=\"text-align: justify;\">Finalmente, el Comit\u00e9 Pladetur Santa Lucia Bajo, destac\u00f3 como notable esta segunda versi\u00f3n de la Fiesta del Mote, donde se destac\u00f3 el rescate de nuestras tradiciones y costumbres, adem\u00e1s de la colaboraci\u00f3n del Municipio Yungayino y la Central El Pinar.<\/p>\n<p style=\"text-align: justify;\">[su_button url=\u00bbhttps:\/\/www.facebook.com\/pg\/yungayino.cl\/photos\/?tab=album&amp;album_id=3215910501757300&#8243; target=\u00bbblank\u00bb size=\u00bb7&#8243; radius=\u00bbround\u00bb icon=\u00bbicon: facebook-square\u00bb]FOTOGRAF\u00cdAS &#8211; Con Gran \u00c9xito y Convocatoria de P\u00fablico se Desarroll\u00f3 la Segunda Versi\u00f3n de la \u201cFiesta del Mote\u201d en Santa Luc\u00eda Bajo[\/su_button]<\/p>\n","protected":false},"excerpt":{"rendered":"<p>Yungay, lunes 17 de febrero 2020: Ayer domingo 16 de febrero se llev\u00f3 a cabo la Segunda Versi\u00f3n de la \u201cFiesta del Mote\u201d en el kil\u00f3metro 3 del camino a Santa Luc\u00eda Bajo, sector&#46;&#46;&#46;<\/p>\n","protected":false},"author":2,"featured_media":21964,"comment_status":"closed","ping_status":"open","sticky":false,"template":"","format":"standard","meta":{"footnotes":""},"categories":[1,15],"tags":[1893,1115,302,8,6,117],"class_list":["post-21963","post","type-post","status-publish","format-standard","has-post-thumbnail","hentry","category-noticias","category-turismo","tag-fiesta-del-mote","tag-noticias","tag-santa-lucia-bajo","tag-yungay","tag-yungayino","tag-yungayinocl"],"_links":{"self":[{"href":"https:\/\/www.yungayino.cl\/noticias\/index.php?rest_route=\/wp\/v2\/posts\/21963","targetHints":{"allow":["GET"]}}],"collection":[{"href":"https:\/\/www.yungayino.cl\/noticias\/index.php?rest_route=\/wp\/v2\/posts"}],"about":[{"href":"https:\/\/www.yungayino.cl\/noticias\/index.php?rest_route=\/wp\/v2\/types\/post"}],"author":[{"embeddable":true,"href":"https:\/\/www.yungayino.cl\/noticias\/index.php?rest_route=\/wp\/v2\/users\/2"}],"replies":[{"embeddable":true,"href":"https:\/\/www.yungayino.cl\/noticias\/index.php?rest_route=%2Fwp%2Fv2%2Fcomments&post=21963"}],"version-history":[{"count":3,"href":"https:\/\/www.yungayino.cl\/noticias\/index.php?rest_route=\/wp\/v2\/posts\/21963\/revisions"}],"predecessor-version":[{"id":21967,"href":"https:\/\/www.yungayino.cl\/noticias\/index.php?rest_route=\/wp\/v2\/posts\/21963\/revisions\/21967"}],"wp:featuredmedia":[{"embeddable":true,"href":"https:\/\/www.yungayino.cl\/noticias\/index.php?rest_route=\/wp\/v2\/media\/21964"}],"wp:attachment":[{"href":"https:\/\/www.yungayino.cl\/noticias\/index.php?rest_route=%2Fwp%2Fv2%2Fmedia&parent=21963"}],"wp:term":[{"taxonomy":"category","embeddable":true,"href":"https:\/\/www.yungayino.cl\/noticias\/index.php?rest_route=%2Fwp%2Fv2%2Fcategories&post=21963"},{"taxonomy":"post_tag","embeddable":true,"href":"https:\/\/www.yungayino.cl\/noticias\/index.php?rest_route=%2Fwp%2Fv2%2Ftags&post=21963"}],"curies":[{"name":"wp","href":"https:\/\/api.w.org\/{rel}","templated":true}]}}