{"id":21972,"date":"2020-02-25T22:00:19","date_gmt":"2020-02-26T01:00:19","guid":{"rendered":"http:\/\/www.yungayino.cl\/noticias\/?p=21972"},"modified":"2020-02-25T22:23:20","modified_gmt":"2020-02-26T01:23:20","slug":"con-gran-exito-se-desarrollo-el-tercer-desafio-xcm-valle-de-las-vacas-en-yungay","status":"publish","type":"post","link":"https:\/\/www.yungayino.cl\/noticias\/?p=21972","title":{"rendered":"Con Gran \u00c9xito se Desarroll\u00f3 el Tercer Desaf\u00edo XCM \u201cValle de las Vacas\u201d en Yungay"},"content":{"rendered":"<p><img loading=\"lazy\" decoding=\"async\" class=\"alignnone size-full wp-image-21973\" src=\"http:\/\/www.yungayino.cl\/noticias\/wp-content\/uploads\/2020\/02\/tercer_desafio_xcm_2020.jpg\" alt=\"\" width=\"700\" height=\"371\" srcset=\"https:\/\/www.yungayino.cl\/noticias\/wp-content\/uploads\/2020\/02\/tercer_desafio_xcm_2020.jpg 700w, https:\/\/www.yungayino.cl\/noticias\/wp-content\/uploads\/2020\/02\/tercer_desafio_xcm_2020-300x159.jpg 300w, https:\/\/www.yungayino.cl\/noticias\/wp-content\/uploads\/2020\/02\/tercer_desafio_xcm_2020-283x150.jpg 283w\" sizes=\"auto, (max-width: 700px) 100vw, 700px\" \/><\/p>\n<p style=\"text-align: justify;\">Yungay, martes 25 de febrero 2020: Con gran \u00e9xito se desarroll\u00f3 el Tercer Desaf\u00edo \u00a0XCM \u201cValle de las Vacas\u201d en Yungay el reciente domingo, cita que\u00a0 convoc\u00f3 m\u00e1s de un centenar de exponentes del mountainbike provenientes de diferentes puntos del pa\u00eds, quienes compitieron en dos modalidades, Desaf\u00edo Experto 47 Km y Desaf\u00edo Medio 22 Km.<\/p>\n<p>&nbsp;<\/p>\n<p><iframe loading=\"lazy\" style=\"border: none; overflow: hidden;\" src=\"https:\/\/www.facebook.com\/plugins\/post.php?href=https:\/\/www.facebook.com\/yungayino.cl\/posts\/3234915726523444?__xts__%5B0%5D=68.ARAaKVdMejTFARZwUCdv5j3h11higtlURR8IQnBhJPUtiqAjpRqkfvi8BXXkHJxjsz7umuwkobau-9K1bF7zwHxC9J6SumcRhC05K7HggOXURB9SNmz4HfdxPM8nQtsa8nBCv5T27pv8W9wAmPn0UYVGoPGN2PMHJEfZL_244Tt0AzWTd6XVHcTBG8sb2aP1LKuRV03b0cvUu3IHr1u4dS77tiOz7hf2yhrEyYFVo6Z-Rg-ULHSSi2WZsJAz-zGCtdkSLH_ADt7K_PCr8rY_pO67GJa8Jq3GEXvxK480EMxEV4L6BKZ4tryfDEicCJTBondk9cTwucrkksyy7QAr8CuLjt6P_hgI9eq_Vd3WxmSJEjBhMRFstXh2eoAneZqIeBVN-JMKX4dD1hoY2Z6Lb1tGi_CPu3JZMTKO17kebSG5gWJRbZPwoGEAsJkJkGebI7ZQTC6Uqto8PmB4SzBH&amp;__tn__=-R&amp;l=a77e327dc6&amp;l=f5951f1994&amp;l=bfecbb8adf&amp;l=687b6bf5da&amp;width=500&amp;show_text=true&amp;height=691&amp;appId\" width=\"500\" height=\"715\" frameborder=\"0\" scrolling=\"no\"><\/iframe><\/p>\n<p style=\"text-align: justify;\">La actividad pedalera se llev\u00f3 a cabo en el Valle de las Vacas en el Sector del Camping Nido de C\u00f3ndor, donde se destaca por sus hermosos parajes \u00fanicos, rodeado de flora y fauna nativa de todas las especies, adem\u00e1s del R\u00edo Cholgu\u00e1n con sus cristalinas aguas y que fue organizada por el Club de Ciclismo de Yungay y el apoyo de la Ilustre Municipalidad de Yungay.<\/p>\n<p style=\"text-align: justify;\">El alcalde Rafael Cifuentes destac\u00f3 y felicit\u00f3 a todos los que apoyaron para realizar este gran evento, adem\u00e1s se\u00f1al\u00f3 que el municipio seguir\u00e1 apoyando en el futuro esta actividad que sin duda ayuda a fomentar el turismo rural en la comuna.<\/p>\n<p style=\"text-align: justify;\">Finalmente se llev\u00f3 a cabo la ceremonia de premiaci\u00f3n, la cual entreg\u00f3 dinero efectivo, medallas y sorpresas a los tres primeros lugares de cada categor\u00eda, adem\u00e1s destacar que tambi\u00e9n se cont\u00f3 con la participaci\u00f3n de la Banda Canelo 14.<\/p>\n<p style=\"text-align: justify;\">Resultado Ganadores <a href=\"https:\/\/www.guca.cl\/eventos\/xcm-valle-de-las-vacas-2020\/481?fbclid=IwAR2wr3KX4TYn9s2KDXeoa7blzs1HwoU52QFKT-nWvVUWnbdZSU2UV7tNqwk\"><strong>AQU\u00cd<\/strong><\/a><\/p>\n<p style=\"text-align: justify;\">[su_button url=\u00bbhttps:\/\/www.facebook.com\/pg\/yungayino.cl\/photos\/?tab=album&amp;album_id=3234915176523499&#8243; target=\u00bbblank\u00bb size=\u00bb7&#8243; radius=\u00bbround\u00bb icon=\u00bbicon: facebook-square\u00bb]FOTOGRAF\u00cdAS &#8211; Con Gran \u00c9xito se Desarroll\u00f3 el Tercer Desaf\u00edo XCM \u201cValle de las Vacas\u201d en Yungay[\/su_button]<\/p>\n","protected":false},"excerpt":{"rendered":"<p>Yungay, martes 25 de febrero 2020: Con gran \u00e9xito se desarroll\u00f3 el Tercer Desaf\u00edo \u00a0XCM \u201cValle de las Vacas\u201d en Yungay el reciente domingo, cita que\u00a0 convoc\u00f3 m\u00e1s de un centenar de exponentes del&#46;&#46;&#46;<\/p>\n","protected":false},"author":2,"featured_media":21973,"comment_status":"closed","ping_status":"open","sticky":false,"template":"","format":"standard","meta":{"footnotes":""},"categories":[17,1],"tags":[379,1115,2172,1937,2173,8,6,117],"class_list":["post-21972","post","type-post","status-publish","format-standard","has-post-thumbnail","hentry","category-deporte","category-noticias","tag-deportes","tag-noticias","tag-tercer-desafio","tag-valle-de-las-vacas","tag-xcm","tag-yungay","tag-yungayino","tag-yungayinocl"],"_links":{"self":[{"href":"https:\/\/www.yungayino.cl\/noticias\/index.php?rest_route=\/wp\/v2\/posts\/21972","targetHints":{"allow":["GET"]}}],"collection":[{"href":"https:\/\/www.yungayino.cl\/noticias\/index.php?rest_route=\/wp\/v2\/posts"}],"about":[{"href":"https:\/\/www.yungayino.cl\/noticias\/index.php?rest_route=\/wp\/v2\/types\/post"}],"author":[{"embeddable":true,"href":"https:\/\/www.yungayino.cl\/noticias\/index.php?rest_route=\/wp\/v2\/users\/2"}],"replies":[{"embeddable":true,"href":"https:\/\/www.yungayino.cl\/noticias\/index.php?rest_route=%2Fwp%2Fv2%2Fcomments&post=21972"}],"version-history":[{"count":4,"href":"https:\/\/www.yungayino.cl\/noticias\/index.php?rest_route=\/wp\/v2\/posts\/21972\/revisions"}],"predecessor-version":[{"id":21977,"href":"https:\/\/www.yungayino.cl\/noticias\/index.php?rest_route=\/wp\/v2\/posts\/21972\/revisions\/21977"}],"wp:featuredmedia":[{"embeddable":true,"href":"https:\/\/www.yungayino.cl\/noticias\/index.php?rest_route=\/wp\/v2\/media\/21973"}],"wp:attachment":[{"href":"https:\/\/www.yungayino.cl\/noticias\/index.php?rest_route=%2Fwp%2Fv2%2Fmedia&parent=21972"}],"wp:term":[{"taxonomy":"category","embeddable":true,"href":"https:\/\/www.yungayino.cl\/noticias\/index.php?rest_route=%2Fwp%2Fv2%2Fcategories&post=21972"},{"taxonomy":"post_tag","embeddable":true,"href":"https:\/\/www.yungayino.cl\/noticias\/index.php?rest_route=%2Fwp%2Fv2%2Ftags&post=21972"}],"curies":[{"name":"wp","href":"https:\/\/api.w.org\/{rel}","templated":true}]}}